{"id":996,"date":"2016-02-14T19:25:38","date_gmt":"2016-02-14T18:25:38","guid":{"rendered":"http:\/\/www.evelyne-axell.info\/fra\/?p=996"},"modified":"2016-02-14T19:47:13","modified_gmt":"2016-02-14T18:47:13","slug":"facebook-censure-ice-cream-sur-la-page-du-philadelphia-museum-of-art","status":"publish","type":"post","link":"https:\/\/www.evelyne-axell.info\/fra\/2016\/02\/14\/facebook-censure-ice-cream-sur-la-page-du-philadelphia-museum-of-art\/","title":{"rendered":"Facebook censure \u00ab Ice Cream \u00bb sur la page du Philadelphia Museum of Art."},"content":{"rendered":"<h2>Une oeuvre d\u2019Evelyne Axell, retir\u00e9e par Facebook, revient sur la toile avec l\u2019appui de milliers d\u2019internautes!<\/h2>\n<p><img data-recalc-dims=\"1\" loading=\"lazy\" decoding=\"async\" class=\"alignnone size-large wp-image-1004\" src=\"https:\/\/i0.wp.com\/www.evelyne-axell.info\/fra\/wp-content\/uploads\/2016\/02\/Facebook-Philadelphia.jpg?resize=860%2C372&#038;ssl=1\" alt=\"Facebook Philadelphia\" width=\"860\" height=\"372\" srcset=\"https:\/\/i0.wp.com\/www.evelyne-axell.info\/fra\/wp-content\/uploads\/2016\/02\/Facebook-Philadelphia.jpg?resize=1024%2C443&amp;ssl=1 1024w, https:\/\/i0.wp.com\/www.evelyne-axell.info\/fra\/wp-content\/uploads\/2016\/02\/Facebook-Philadelphia.jpg?resize=150%2C65&amp;ssl=1 150w, https:\/\/i0.wp.com\/www.evelyne-axell.info\/fra\/wp-content\/uploads\/2016\/02\/Facebook-Philadelphia.jpg?resize=900%2C389&amp;ssl=1 900w, https:\/\/i0.wp.com\/www.evelyne-axell.info\/fra\/wp-content\/uploads\/2016\/02\/Facebook-Philadelphia.jpg?resize=768%2C332&amp;ssl=1 768w, https:\/\/i0.wp.com\/www.evelyne-axell.info\/fra\/wp-content\/uploads\/2016\/02\/Facebook-Philadelphia.jpg?w=1505&amp;ssl=1 1505w\" sizes=\"auto, (max-width: 860px) 100vw, 860px\" \/><\/p>\n<p>Apr\u00e8s Minneapolis et Dallas, l\u2019exposition \u201cInternational Pop\u201d se tiendra du 24 f\u00e9vrier au 5 mai 2016 au Philadelphia Museum of Art. Dans le cadre de la promotion de cette exposition le mus\u00e9e de Philadelphie a choisi l\u2019\u0153uvre d\u2019Evelyne Axell \u00ab Ice Cream \u00bb pour t\u00eate d\u2019affiche comme ce fut le cas dans les deux autres villes am\u00e9ricaines.<\/p>\n<p>D\u00e9but f\u00e9vrier le mus\u00e9e a post\u00e9 une photo d\u2019Ice Cream sur sa page Facebook et, \u00e0 sa grande stup\u00e9faction, l\u2019image fut retir\u00e9e par le r\u00e9seau social. Pour toute explication, Facebook consid\u00e8re l\u2019image comme<em><strong> \u00ab contenant une trop grande quantit\u00e9 de peau ou contenu suggestif \u00bb !<\/strong><\/em><\/p>\n<p>Suite \u00e0 cette censure totalement injustifi\u00e9e, le mus\u00e9e n\u2019a pas h\u00e9sit\u00e9 \u00e0 re-poster l\u2019image de l\u2019\u0153uvre et m\u00eame \u00e0 en faire son image d\u2019ent\u00eate pour sa page Facebook tout en demandant aux internautes leur avis sur la pertinence de ce retrait.<\/p>\n<p><a href=\"https:\/\/www.facebook.com\/philamuseum\/photos\/a.78171462053.80655.44083897053\/10153538489587054\/?type=3&amp;theater\" target=\"_blank\" rel=\"attachment wp-att-997\"><img data-recalc-dims=\"1\" loading=\"lazy\" decoding=\"async\" class=\"alignnone wp-image-997 size-large\" src=\"https:\/\/i0.wp.com\/www.evelyne-axell.info\/fra\/wp-content\/uploads\/2016\/02\/Philadelphia.jpg?resize=693%2C1024&#038;ssl=1\" alt=\"Philadelphia Facebook\" width=\"693\" height=\"1024\" srcset=\"https:\/\/i0.wp.com\/www.evelyne-axell.info\/fra\/wp-content\/uploads\/2016\/02\/Philadelphia.jpg?resize=693%2C1024&amp;ssl=1 693w, https:\/\/i0.wp.com\/www.evelyne-axell.info\/fra\/wp-content\/uploads\/2016\/02\/Philadelphia.jpg?resize=102%2C150&amp;ssl=1 102w, https:\/\/i0.wp.com\/www.evelyne-axell.info\/fra\/wp-content\/uploads\/2016\/02\/Philadelphia.jpg?resize=271%2C400&amp;ssl=1 271w, https:\/\/i0.wp.com\/www.evelyne-axell.info\/fra\/wp-content\/uploads\/2016\/02\/Philadelphia.jpg?resize=768%2C1134&amp;ssl=1 768w, https:\/\/i0.wp.com\/www.evelyne-axell.info\/fra\/wp-content\/uploads\/2016\/02\/Philadelphia.jpg?w=887&amp;ssl=1 887w\" sizes=\"auto, (max-width: 693px) 100vw, 693px\" \/><\/a><\/p>\n<p>Des centaines de personnes ont r\u00e9agi, condamnant ce retrait comme totalement injustifi\u00e9 et arbitraire et l\u2019image d\u2019Ice Cream a \u00e9t\u00e9 partag\u00e9e par des milliers de personnes sur Twitter et Facebook.<\/p>\n<p>Interrog\u00e9 par un journaliste de \u00ab The Independent \u00bb, Facebook n\u2019a pas souhait\u00e9 faire de commentaires mais n\u2019a pas de nouveau retir\u00e9 l\u2019image du site du mus\u00e9e ni des autres pages qui l\u2019ont partag\u00e9e.<\/p>\n<p>Parmi les r\u00e9actions \u00e0 cette censure le groupe am\u00e9ricain \u00ab Lucius \u00bb, dont Ice Cream est la couverture de son album \u00abWildewoman\u00bb a \u00e9galement appel\u00e9 ses fans \u00e0 s\u2019exprimer et m\u00eame \u00e0 se faire des selfie Ice Cream pour les poster sur Twitter et Facebook.<\/p>\n<p><a href=\"https:\/\/www.facebook.com\/ilovelucius\/photos\/a.10150364887144417.368100.34746139416\/10153882490904417\/?type=3&amp;theater\" target=\"_blank\" rel=\"attachment wp-att-998\"><img data-recalc-dims=\"1\" loading=\"lazy\" decoding=\"async\" class=\"alignnone wp-image-998 size-large\" src=\"https:\/\/i0.wp.com\/www.evelyne-axell.info\/fra\/wp-content\/uploads\/2016\/02\/Lucius.jpg?resize=860%2C552&#038;ssl=1\" alt=\"Lucius\" width=\"860\" height=\"552\" srcset=\"https:\/\/i0.wp.com\/www.evelyne-axell.info\/fra\/wp-content\/uploads\/2016\/02\/Lucius.jpg?resize=1024%2C657&amp;ssl=1 1024w, https:\/\/i0.wp.com\/www.evelyne-axell.info\/fra\/wp-content\/uploads\/2016\/02\/Lucius.jpg?resize=150%2C96&amp;ssl=1 150w, https:\/\/i0.wp.com\/www.evelyne-axell.info\/fra\/wp-content\/uploads\/2016\/02\/Lucius.jpg?resize=624%2C400&amp;ssl=1 624w, https:\/\/i0.wp.com\/www.evelyne-axell.info\/fra\/wp-content\/uploads\/2016\/02\/Lucius.jpg?resize=768%2C493&amp;ssl=1 768w, https:\/\/i0.wp.com\/www.evelyne-axell.info\/fra\/wp-content\/uploads\/2016\/02\/Lucius.jpg?w=1389&amp;ssl=1 1389w\" sizes=\"auto, (max-width: 860px) 100vw, 860px\" \/><\/a><\/p>\n<p>Un commentateur a d\u00e9clar\u00e9 : \u00abJe crois que la r\u00e9action de Facebook est exactement ce qu\u2019Evelyne Axell souhaitait lorsque elle a cr\u00e9\u00e9 cette \u0153uvre. Alors bien jou\u00e9, Evelyne ! \u00bb<\/p>\n<p>Il a tout compris.<\/p>\n<p>&nbsp;<\/p>\n<p>&nbsp;<\/p>\n<p>&nbsp;<\/p>\n<p>&nbsp;<\/p>\n","protected":false},"excerpt":{"rendered":"<p>Une oeuvre d\u2019Evelyne Axell, retir\u00e9e par Facebook, revient sur la toile avec l\u2019appui de milliers d\u2019internautes! Apr\u00e8s Minneapolis et Dallas, l\u2019exposition \u201cInternational Pop\u201d se tiendra du 24 f\u00e9vrier au 5 mai 2016 au Philadelphia Museum of Art. Dans le cadre <a class=\"more-link\" href=\"https:\/\/www.evelyne-axell.info\/fra\/2016\/02\/14\/facebook-censure-ice-cream-sur-la-page-du-philadelphia-museum-of-art\/\">Lire la suite&#8230;<\/a><\/p>\n","protected":false},"author":1,"featured_media":1001,"comment_status":"closed","ping_status":"closed","sticky":false,"template":"","format":"standard","meta":{"ngg_post_thumbnail":0,"_jetpack_memberships_contains_paid_content":false,"footnotes":""},"categories":[3,4,5],"tags":[],"class_list":["post-996","post","type-post","status-publish","format-standard","has-post-thumbnail","hentry","category-evenements","category-expo","category-extraits"],"jetpack_featured_media_url":"https:\/\/i0.wp.com\/www.evelyne-axell.info\/fra\/wp-content\/uploads\/2016\/02\/Censored.png?fit=940%2C623&ssl=1","jetpack_sharing_enabled":true,"_links":{"self":[{"href":"https:\/\/www.evelyne-axell.info\/fra\/wp-json\/wp\/v2\/posts\/996","targetHints":{"allow":["GET"]}}],"collection":[{"href":"https:\/\/www.evelyne-axell.info\/fra\/wp-json\/wp\/v2\/posts"}],"about":[{"href":"https:\/\/www.evelyne-axell.info\/fra\/wp-json\/wp\/v2\/types\/post"}],"author":[{"embeddable":true,"href":"https:\/\/www.evelyne-axell.info\/fra\/wp-json\/wp\/v2\/users\/1"}],"replies":[{"embeddable":true,"href":"https:\/\/www.evelyne-axell.info\/fra\/wp-json\/wp\/v2\/comments?post=996"}],"version-history":[{"count":7,"href":"https:\/\/www.evelyne-axell.info\/fra\/wp-json\/wp\/v2\/posts\/996\/revisions"}],"predecessor-version":[{"id":1007,"href":"https:\/\/www.evelyne-axell.info\/fra\/wp-json\/wp\/v2\/posts\/996\/revisions\/1007"}],"wp:featuredmedia":[{"embeddable":true,"href":"https:\/\/www.evelyne-axell.info\/fra\/wp-json\/wp\/v2\/media\/1001"}],"wp:attachment":[{"href":"https:\/\/www.evelyne-axell.info\/fra\/wp-json\/wp\/v2\/media?parent=996"}],"wp:term":[{"taxonomy":"category","embeddable":true,"href":"https:\/\/www.evelyne-axell.info\/fra\/wp-json\/wp\/v2\/categories?post=996"},{"taxonomy":"post_tag","embeddable":true,"href":"https:\/\/www.evelyne-axell.info\/fra\/wp-json\/wp\/v2\/tags?post=996"}],"curies":[{"name":"wp","href":"https:\/\/api.w.org\/{rel}","templated":true}]}}