{"id":938,"date":"2015-10-04T18:36:18","date_gmt":"2015-10-04T16:36:18","guid":{"rendered":"http:\/\/www.evelyne-axell.info\/fra\/?p=938"},"modified":"2015-10-22T16:50:30","modified_gmt":"2015-10-22T14:50:30","slug":"exposition-pop-impact-women-artists-a-namur","status":"publish","type":"post","link":"https:\/\/www.evelyne-axell.info\/fra\/2015\/10\/04\/exposition-pop-impact-women-artists-a-namur\/","title":{"rendered":"Exposition \u00ab Pop Impact ! Women Artists \u00bb \u00e0 Namur."},"content":{"rendered":"<h2>Les femmes du Pop Art \u00e0 la Maison de la Culture de Namur.<\/h2>\n<p><em>Du 17 octobre 2015 au 14 f\u00e9vrier 2016.<\/em><\/p>\n<p>&nbsp;<\/p>\n<p><img data-recalc-dims=\"1\" loading=\"lazy\" decoding=\"async\" class=\"alignnone size-large wp-image-987\" src=\"https:\/\/i0.wp.com\/www.evelyne-axell.info\/fra\/wp-content\/uploads\/2015\/10\/Pop-00031.jpg?resize=860%2C484&#038;ssl=1\" alt=\"Pop Impact\" width=\"860\" height=\"484\" srcset=\"https:\/\/i0.wp.com\/www.evelyne-axell.info\/fra\/wp-content\/uploads\/2015\/10\/Pop-00031.jpg?resize=1024%2C576&amp;ssl=1 1024w, https:\/\/i0.wp.com\/www.evelyne-axell.info\/fra\/wp-content\/uploads\/2015\/10\/Pop-00031.jpg?resize=150%2C84&amp;ssl=1 150w, https:\/\/i0.wp.com\/www.evelyne-axell.info\/fra\/wp-content\/uploads\/2015\/10\/Pop-00031.jpg?resize=711%2C400&amp;ssl=1 711w, https:\/\/i0.wp.com\/www.evelyne-axell.info\/fra\/wp-content\/uploads\/2015\/10\/Pop-00031.jpg?resize=410%2C231&amp;ssl=1 410w, https:\/\/i0.wp.com\/www.evelyne-axell.info\/fra\/wp-content\/uploads\/2015\/10\/Pop-00031.jpg?resize=860%2C484&amp;ssl=1 860w, https:\/\/i0.wp.com\/www.evelyne-axell.info\/fra\/wp-content\/uploads\/2015\/10\/Pop-00031.jpg?w=1920&amp;ssl=1 1920w, https:\/\/i0.wp.com\/www.evelyne-axell.info\/fra\/wp-content\/uploads\/2015\/10\/Pop-00031.jpg?w=1720&amp;ssl=1 1720w\" sizes=\"auto, (max-width: 860px) 100vw, 860px\" \/><\/p>\n<p><img data-recalc-dims=\"1\" loading=\"lazy\" decoding=\"async\" class=\"alignnone size-large wp-image-939\" src=\"https:\/\/i0.wp.com\/www.evelyne-axell.info\/fra\/wp-content\/uploads\/2015\/10\/banner_pp5okdef.jpeg?resize=860%2C107&#038;ssl=1\" alt=\"POP IMPACT\" width=\"860\" height=\"107\" srcset=\"https:\/\/i0.wp.com\/www.evelyne-axell.info\/fra\/wp-content\/uploads\/2015\/10\/banner_pp5okdef.jpeg?resize=1024%2C127&amp;ssl=1 1024w, https:\/\/i0.wp.com\/www.evelyne-axell.info\/fra\/wp-content\/uploads\/2015\/10\/banner_pp5okdef.jpeg?resize=150%2C19&amp;ssl=1 150w, https:\/\/i0.wp.com\/www.evelyne-axell.info\/fra\/wp-content\/uploads\/2015\/10\/banner_pp5okdef.jpeg?resize=900%2C112&amp;ssl=1 900w, https:\/\/i0.wp.com\/www.evelyne-axell.info\/fra\/wp-content\/uploads\/2015\/10\/banner_pp5okdef.jpeg?w=1280&amp;ssl=1 1280w\" sizes=\"auto, (max-width: 860px) 100vw, 860px\" \/><\/p>\n<p>Voici 43 ans que disparaissait tragiquement une \u00e9toile du Pop Art : Evelyne Axell aurait f\u00eat\u00e9 ses 80 ans cette ann\u00e9e. La fulgurance de son \u0153uvre &#8211; f\u00e9ministe et h\u00e9doniste &#8211; interrompue en pleine ascension par sa mort pr\u00e9matur\u00e9e dans un accident de voiture, a marqu\u00e9 les esprits. En sept ann\u00e9es de cr\u00e9ation, \u00c9velyne Axell a r\u00e9ussi \u00e0 tracer les contours d\u2019une \u0153uvre riche qui n\u2019a rien perdu de sa force ni de son actualit\u00e9. Longtemps rest\u00e9e dans l\u2019ombre de ses homologues masculins, Evelyne Axell, dont l\u2019\u0153uvre d\u00e9non\u00e7ait tr\u00e8s \u00e0 propos le sexisme du monde de l\u2019art, a rejoint le firmament Pop aux c\u00f4t\u00e9s des stars incontournables, Andy Warhol en t\u00eate.<\/p>\n<p><img data-recalc-dims=\"1\" loading=\"lazy\" decoding=\"async\" class=\"alignright size-medium wp-image-941\" src=\"https:\/\/i0.wp.com\/www.evelyne-axell.info\/fra\/wp-content\/uploads\/2015\/10\/ad42.jpg?resize=342%2C400&#038;ssl=1\" alt=\"ad42\" width=\"342\" height=\"400\" srcset=\"https:\/\/i0.wp.com\/www.evelyne-axell.info\/fra\/wp-content\/uploads\/2015\/10\/ad42.jpg?resize=342%2C400&amp;ssl=1 342w, https:\/\/i0.wp.com\/www.evelyne-axell.info\/fra\/wp-content\/uploads\/2015\/10\/ad42.jpg?resize=128%2C150&amp;ssl=1 128w, https:\/\/i0.wp.com\/www.evelyne-axell.info\/fra\/wp-content\/uploads\/2015\/10\/ad42.jpg?w=832&amp;ssl=1 832w\" sizes=\"auto, (max-width: 342px) 100vw, 342px\" \/><br \/>\nAu milieu des sixties, le Pop art am\u00e8ne un vent de fraicheur color\u00e9 et irr\u00e9v\u00e9rencieux, qui allait \u00e9galement souffler sur la Belgique, alors en plein triomphe de l\u2019art abstrait. La sc\u00e8ne artistique belge ne tarda pas \u00e0 d\u00e9cliner l\u2019esprit pop \u00e0 sa sauce noir-jaune-rouge comme le d\u00e9montrait d\u00e9j\u00e0 l\u2019exposition au Palais des Beaux-Arts de 1965 qui r\u00e9unissait des artistes anglo-saxons et belges.<\/p>\n<p>Namur braque ses feux sur \u00c9velyne Axell, tout particuli\u00e8rement avec des esquisses qui seront r\u00e9v\u00e9l\u00e9es pour la premi\u00e8re fois au public, mais aussi ses cons\u0153urs pop, trop souvent cantonn\u00e9es \u00e0 des seconds r\u00f4les. En pr\u00e9sentant les \u0153uvres d\u2019artistes f\u00e9minines europ\u00e9ennes, l\u2019exposition d\u00e9montre la fa\u00e7on dont le Pop art a circul\u00e9 en Belgique.<\/p>\n<p><img data-recalc-dims=\"1\" loading=\"lazy\" decoding=\"async\" class=\"alignleft size-medium wp-image-940\" src=\"https:\/\/i0.wp.com\/www.evelyne-axell.info\/fra\/wp-content\/uploads\/2015\/10\/ad11.jpg?resize=293%2C400&#038;ssl=1\" alt=\"ad11\" width=\"293\" height=\"400\" srcset=\"https:\/\/i0.wp.com\/www.evelyne-axell.info\/fra\/wp-content\/uploads\/2015\/10\/ad11.jpg?resize=293%2C400&amp;ssl=1 293w, https:\/\/i0.wp.com\/www.evelyne-axell.info\/fra\/wp-content\/uploads\/2015\/10\/ad11.jpg?resize=110%2C150&amp;ssl=1 110w, https:\/\/i0.wp.com\/www.evelyne-axell.info\/fra\/wp-content\/uploads\/2015\/10\/ad11.jpg?w=638&amp;ssl=1 638w\" sizes=\"auto, (max-width: 293px) 100vw, 293px\" \/><br \/>\n<strong><em>Evelyne Axell, Pauline Boty, Martine Canneel, Niki de Saint-Phalle, Sylvie Fleury, Alina Szapocznikow, Jann Haworth.<\/em><\/strong><\/p>\n<p><img data-recalc-dims=\"1\" loading=\"lazy\" decoding=\"async\" class=\"alignright size-full wp-image-989\" src=\"https:\/\/i0.wp.com\/www.evelyne-axell.info\/fra\/wp-content\/uploads\/2015\/10\/Pop-Art-3D-291x300.jpg?resize=291%2C300&#038;ssl=1\" alt=\"Catalogue Pop Impact\" width=\"291\" height=\"300\" srcset=\"https:\/\/i0.wp.com\/www.evelyne-axell.info\/fra\/wp-content\/uploads\/2015\/10\/Pop-Art-3D-291x300.jpg?resize=291%2C300&amp;ssl=1 291w, https:\/\/i0.wp.com\/www.evelyne-axell.info\/fra\/wp-content\/uploads\/2015\/10\/Pop-Art-3D-291x300.jpg?resize=146%2C150&amp;ssl=1 146w\" sizes=\"auto, (max-width: 291px) 100vw, 291px\" \/><\/p>\n<p>Un <a href=\"http:\/\/new.lucpire.eu\/2015\/10\/21\/women-artists-pop-impact\/\" target=\"_blank\">catalogue bilingue<\/a> (fr\/ang) est \u00e9dit\u00e9 pour l\u2019occasion. Textes de Viginie Devillez et Kalliopi Minioudaki, historiennes de l\u2019art.<\/p>\n<p>&nbsp;<\/p>\n<p>&nbsp;<\/p>\n<p><em>Maison de la Culture de la Province de Namur<\/em><br \/>\n<em>Avenue Fernand Golenvaux 14, <\/em><br \/>\n<em>B-5000 Namur<\/em><br \/>\n<em>T\u00e9l. : 081 77 67 73<\/em><br \/>\n<em>https:\/\/www.province.namur.be\/maison_de_la_culture<\/em><\/p>\n<p><em>Tous les jours, 12h00 &gt; 18h00, sauf les 24, 25, 31 d\u00e9cembre, 1er janvier.<\/em><br \/>\n<em>Vernissage vendredi 16 octobre 2015 &#8211; 18h30.<\/em><br \/>\n<em>Art Dimanche le 22 novembre 2015 &#8211; 10h30.<\/em><br \/>\n<em>Adultes : 5 \u20ac<\/em><br \/>\n<em>Moins de 26 ans et Seniors : 3 \u20ac<\/em><br \/>\n<em>Moins de 18 ans : gratuit<\/em><br \/>\n<em>Sur pr\u00e9sentation du ticket ING Pop Art in Belgium : 3 \u20ac<\/em><br \/>\n<em>En compl\u00e9ment de l\u2019exposition, de nombreuses activit\u00e9s annexes sont pr\u00e9vues : visites guid\u00e9es, visites-ateliers pour scolaires, conf\u00e9rence, cin\u00e9ma, Art Dimanche.<\/em><\/p>\n<p><img data-recalc-dims=\"1\" loading=\"lazy\" decoding=\"async\" class=\"alignnone size-large wp-image-988\" src=\"https:\/\/i0.wp.com\/www.evelyne-axell.info\/fra\/wp-content\/uploads\/2015\/10\/Pop-00034.jpg?resize=860%2C484&#038;ssl=1\" alt=\"Pop Impact 2\" width=\"860\" height=\"484\" srcset=\"https:\/\/i0.wp.com\/www.evelyne-axell.info\/fra\/wp-content\/uploads\/2015\/10\/Pop-00034.jpg?resize=1024%2C576&amp;ssl=1 1024w, https:\/\/i0.wp.com\/www.evelyne-axell.info\/fra\/wp-content\/uploads\/2015\/10\/Pop-00034.jpg?resize=150%2C84&amp;ssl=1 150w, https:\/\/i0.wp.com\/www.evelyne-axell.info\/fra\/wp-content\/uploads\/2015\/10\/Pop-00034.jpg?resize=711%2C400&amp;ssl=1 711w, https:\/\/i0.wp.com\/www.evelyne-axell.info\/fra\/wp-content\/uploads\/2015\/10\/Pop-00034.jpg?resize=410%2C231&amp;ssl=1 410w, https:\/\/i0.wp.com\/www.evelyne-axell.info\/fra\/wp-content\/uploads\/2015\/10\/Pop-00034.jpg?resize=860%2C484&amp;ssl=1 860w, https:\/\/i0.wp.com\/www.evelyne-axell.info\/fra\/wp-content\/uploads\/2015\/10\/Pop-00034.jpg?w=1920&amp;ssl=1 1920w, https:\/\/i0.wp.com\/www.evelyne-axell.info\/fra\/wp-content\/uploads\/2015\/10\/Pop-00034.jpg?w=1720&amp;ssl=1 1720w\" sizes=\"auto, (max-width: 860px) 100vw, 860px\" \/><\/p>\n","protected":false},"excerpt":{"rendered":"<p>Les femmes du Pop Art \u00e0 la Maison de la Culture de Namur. Du 17 octobre 2015 au 14 f\u00e9vrier 2016. &nbsp; Voici 43 ans que disparaissait tragiquement une \u00e9toile du Pop Art : Evelyne Axell aurait f\u00eat\u00e9 ses 80 <a class=\"more-link\" href=\"https:\/\/www.evelyne-axell.info\/fra\/2015\/10\/04\/exposition-pop-impact-women-artists-a-namur\/\">Lire la suite&#8230;<\/a><\/p>\n","protected":false},"author":1,"featured_media":942,"comment_status":"closed","ping_status":"closed","sticky":false,"template":"","format":"standard","meta":{"ngg_post_thumbnail":0,"_jetpack_memberships_contains_paid_content":false,"footnotes":""},"categories":[4],"tags":[],"class_list":["post-938","post","type-post","status-publish","format-standard","has-post-thumbnail","hentry","category-expo"],"jetpack_featured_media_url":"https:\/\/i0.wp.com\/www.evelyne-axell.info\/fra\/wp-content\/uploads\/2015\/10\/Le-mur-du-son.jpg?fit=3750%2C2117&ssl=1","jetpack_sharing_enabled":true,"_links":{"self":[{"href":"https:\/\/www.evelyne-axell.info\/fra\/wp-json\/wp\/v2\/posts\/938","targetHints":{"allow":["GET"]}}],"collection":[{"href":"https:\/\/www.evelyne-axell.info\/fra\/wp-json\/wp\/v2\/posts"}],"about":[{"href":"https:\/\/www.evelyne-axell.info\/fra\/wp-json\/wp\/v2\/types\/post"}],"author":[{"embeddable":true,"href":"https:\/\/www.evelyne-axell.info\/fra\/wp-json\/wp\/v2\/users\/1"}],"replies":[{"embeddable":true,"href":"https:\/\/www.evelyne-axell.info\/fra\/wp-json\/wp\/v2\/comments?post=938"}],"version-history":[{"count":6,"href":"https:\/\/www.evelyne-axell.info\/fra\/wp-json\/wp\/v2\/posts\/938\/revisions"}],"predecessor-version":[{"id":991,"href":"https:\/\/www.evelyne-axell.info\/fra\/wp-json\/wp\/v2\/posts\/938\/revisions\/991"}],"wp:featuredmedia":[{"embeddable":true,"href":"https:\/\/www.evelyne-axell.info\/fra\/wp-json\/wp\/v2\/media\/942"}],"wp:attachment":[{"href":"https:\/\/www.evelyne-axell.info\/fra\/wp-json\/wp\/v2\/media?parent=938"}],"wp:term":[{"taxonomy":"category","embeddable":true,"href":"https:\/\/www.evelyne-axell.info\/fra\/wp-json\/wp\/v2\/categories?post=938"},{"taxonomy":"post_tag","embeddable":true,"href":"https:\/\/www.evelyne-axell.info\/fra\/wp-json\/wp\/v2\/tags?post=938"}],"curies":[{"name":"wp","href":"https:\/\/api.w.org\/{rel}","templated":true}]}}