{"id":928,"date":"2015-04-02T13:37:17","date_gmt":"2015-04-02T11:37:17","guid":{"rendered":"http:\/\/www.evelyne-axell.info\/fra\/?p=928"},"modified":"2015-09-02T13:45:31","modified_gmt":"2015-09-02T11:45:31","slug":"exposition-international-pop-aux-usa","status":"publish","type":"post","link":"https:\/\/www.evelyne-axell.info\/fra\/2015\/04\/02\/exposition-international-pop-aux-usa\/","title":{"rendered":"Exposition \u201cInternational Pop\u201d aux USA."},"content":{"rendered":"<h2>\u201cIce Cream 1\u201d en t\u00eate d\u2019affiche pour l\u2019exposition \u201cInternational Pop\u201d \u00e0 Minneapolis, Dallas et Philadelphie.<\/h2>\n<p><em>Minneapolis Walker Art Center<\/em><br \/>\n<em>11 avril \u2013 29 ao\u00fbt 2015<\/em><br \/>\n<em>Dallas Museum of Art<\/em><br \/>\n<em>11 octobre 2015 \u2013 17 janvier 2016<\/em><br \/>\n<em>Philadelphia Museum of Art<\/em><br \/>\n<em>18 f\u00e9vrier 2016 \u2013 15 mai 2016<\/em><\/p>\n<p><img data-recalc-dims=\"1\" loading=\"lazy\" decoding=\"async\" class=\"alignnone size-large wp-image-929\" src=\"https:\/\/i0.wp.com\/www.evelyne-axell.info\/fra\/wp-content\/uploads\/2015\/09\/Walker-00003.jpg?resize=860%2C484&#038;ssl=1\" alt=\"Walker Art Center\" width=\"860\" height=\"484\" srcset=\"https:\/\/i0.wp.com\/www.evelyne-axell.info\/fra\/wp-content\/uploads\/2015\/09\/Walker-00003.jpg?resize=1024%2C576&amp;ssl=1 1024w, https:\/\/i0.wp.com\/www.evelyne-axell.info\/fra\/wp-content\/uploads\/2015\/09\/Walker-00003.jpg?resize=150%2C84&amp;ssl=1 150w, https:\/\/i0.wp.com\/www.evelyne-axell.info\/fra\/wp-content\/uploads\/2015\/09\/Walker-00003.jpg?resize=711%2C400&amp;ssl=1 711w, https:\/\/i0.wp.com\/www.evelyne-axell.info\/fra\/wp-content\/uploads\/2015\/09\/Walker-00003.jpg?resize=410%2C231&amp;ssl=1 410w, https:\/\/i0.wp.com\/www.evelyne-axell.info\/fra\/wp-content\/uploads\/2015\/09\/Walker-00003.jpg?resize=860%2C484&amp;ssl=1 860w, https:\/\/i0.wp.com\/www.evelyne-axell.info\/fra\/wp-content\/uploads\/2015\/09\/Walker-00003.jpg?w=1720&amp;ssl=1 1720w, https:\/\/i0.wp.com\/www.evelyne-axell.info\/fra\/wp-content\/uploads\/2015\/09\/Walker-00003.jpg?w=2580&amp;ssl=1 2580w\" sizes=\"auto, (max-width: 860px) 100vw, 860px\" \/><\/p>\n<p>Organis\u00e9e par le Walker Art Center, l\u2019exposition \u00ab International Pop \u00bb relate l&rsquo;\u00e9mergence mondiale du Pop Art depuis les ann\u00e9es 1950 jusqu\u2019au d\u00e9but des ann\u00e9es 1970. Alors que les pr\u00e9c\u00e9dentes expositions et \u00e9tudes sur le sujet ont \u00e9t\u00e9 essentiellement ax\u00e9es sur la domination de ce mouvement par New York et Londres \u00e0 l\u2019\u00e9poque, cette exposition examine le travail d&rsquo;artistes qui, \u00e0 travers le monde, ont \u00e9t\u00e9 confront\u00e9s aux m\u00eames \u00e9volutions radicales, jetant les bases de l&rsquo;\u00e9mergence d\u2019une forme d&rsquo;art embrassant la figuration, les m\u00e9dias, et des proc\u00e9d\u00e9s graphiques avec un nouvel esprit d&rsquo;urgence et \/ ou d\u2019exub\u00e9rance.<\/p>\n<p><img data-recalc-dims=\"1\" loading=\"lazy\" decoding=\"async\" class=\"alignnone size-large wp-image-930\" src=\"https:\/\/i0.wp.com\/www.evelyne-axell.info\/fra\/wp-content\/uploads\/2015\/09\/Walker-00002.jpg?resize=860%2C484&#038;ssl=1\" alt=\"International Pop\" width=\"860\" height=\"484\" srcset=\"https:\/\/i0.wp.com\/www.evelyne-axell.info\/fra\/wp-content\/uploads\/2015\/09\/Walker-00002.jpg?resize=1024%2C576&amp;ssl=1 1024w, https:\/\/i0.wp.com\/www.evelyne-axell.info\/fra\/wp-content\/uploads\/2015\/09\/Walker-00002.jpg?resize=150%2C84&amp;ssl=1 150w, https:\/\/i0.wp.com\/www.evelyne-axell.info\/fra\/wp-content\/uploads\/2015\/09\/Walker-00002.jpg?resize=711%2C400&amp;ssl=1 711w, https:\/\/i0.wp.com\/www.evelyne-axell.info\/fra\/wp-content\/uploads\/2015\/09\/Walker-00002.jpg?resize=410%2C231&amp;ssl=1 410w, https:\/\/i0.wp.com\/www.evelyne-axell.info\/fra\/wp-content\/uploads\/2015\/09\/Walker-00002.jpg?resize=860%2C484&amp;ssl=1 860w, https:\/\/i0.wp.com\/www.evelyne-axell.info\/fra\/wp-content\/uploads\/2015\/09\/Walker-00002.jpg?w=1720&amp;ssl=1 1720w, https:\/\/i0.wp.com\/www.evelyne-axell.info\/fra\/wp-content\/uploads\/2015\/09\/Walker-00002.jpg?w=2580&amp;ssl=1 2580w\" sizes=\"auto, (max-width: 860px) 100vw, 860px\" \/><\/p>\n<p>Cette exposition exceptionnelle suit les diff\u00e9rentes trajectoires du Pop Art et ses principaux points de contact dans l\u2019\u00e9volution mondiale dans l&rsquo;art, tels que le Nouveau R\u00e9alisme (France), le Concretism et n\u00e9o-Concretism (Br\u00e9sil), l&rsquo;art des objets (Argentine), l\u2019Anti-Art (Japon), le R\u00e9alisme capitaliste (Allemagne), les Happenings, et le n\u00e9o-Dada\u00efsme. En tant que telle, cette exposition phare reprend l&rsquo;\u00e9nergie et la curiosit\u00e9 de cette \u00e9poque dans l&rsquo;art, en \u00e9largissant le cadre de son influence et de sa diversit\u00e9 tout en redynamisant le questionnement autour de la v\u00e9ritable signification, la port\u00e9e et la d\u00e9finition du Pop Art.<\/p>\n<p>Commissaires d\u2019exposition: Darsie Alexander et Bartholomew Ryan.<br \/>\nVid\u00e9o : Interview de Darsie Alexander (en anglais).<\/p>\n<p><iframe loading=\"lazy\" src=\"https:\/\/player.vimeo.com\/video\/134966254\" width=\"860\" height=\"484\" frameborder=\"0\" title=\"Interview with Darsie Alexander\" webkitallowfullscreen mozallowfullscreen allowfullscreen><\/iframe><\/p>\n","protected":false},"excerpt":{"rendered":"<p>\u201cIce Cream 1\u201d en t\u00eate d\u2019affiche pour l\u2019exposition \u201cInternational Pop\u201d \u00e0 Minneapolis, Dallas et Philadelphie. Minneapolis Walker Art Center 11 avril \u2013 29 ao\u00fbt 2015 Dallas Museum of Art 11 octobre 2015 \u2013 17 janvier 2016 Philadelphia Museum of Art <a class=\"more-link\" href=\"https:\/\/www.evelyne-axell.info\/fra\/2015\/04\/02\/exposition-international-pop-aux-usa\/\">Lire la suite&#8230;<\/a><\/p>\n","protected":false},"author":1,"featured_media":931,"comment_status":"closed","ping_status":"closed","sticky":false,"template":"","format":"standard","meta":{"ngg_post_thumbnail":0,"_jetpack_memberships_contains_paid_content":false,"footnotes":""},"categories":[1],"tags":[],"class_list":["post-928","post","type-post","status-publish","format-standard","has-post-thumbnail","hentry","category-uncategorized"],"jetpack_featured_media_url":"https:\/\/i0.wp.com\/www.evelyne-axell.info\/fra\/wp-content\/uploads\/2015\/09\/Walker-00005.jpg?fit=3840%2C2160&ssl=1","jetpack_sharing_enabled":true,"_links":{"self":[{"href":"https:\/\/www.evelyne-axell.info\/fra\/wp-json\/wp\/v2\/posts\/928","targetHints":{"allow":["GET"]}}],"collection":[{"href":"https:\/\/www.evelyne-axell.info\/fra\/wp-json\/wp\/v2\/posts"}],"about":[{"href":"https:\/\/www.evelyne-axell.info\/fra\/wp-json\/wp\/v2\/types\/post"}],"author":[{"embeddable":true,"href":"https:\/\/www.evelyne-axell.info\/fra\/wp-json\/wp\/v2\/users\/1"}],"replies":[{"embeddable":true,"href":"https:\/\/www.evelyne-axell.info\/fra\/wp-json\/wp\/v2\/comments?post=928"}],"version-history":[{"count":1,"href":"https:\/\/www.evelyne-axell.info\/fra\/wp-json\/wp\/v2\/posts\/928\/revisions"}],"predecessor-version":[{"id":932,"href":"https:\/\/www.evelyne-axell.info\/fra\/wp-json\/wp\/v2\/posts\/928\/revisions\/932"}],"wp:featuredmedia":[{"embeddable":true,"href":"https:\/\/www.evelyne-axell.info\/fra\/wp-json\/wp\/v2\/media\/931"}],"wp:attachment":[{"href":"https:\/\/www.evelyne-axell.info\/fra\/wp-json\/wp\/v2\/media?parent=928"}],"wp:term":[{"taxonomy":"category","embeddable":true,"href":"https:\/\/www.evelyne-axell.info\/fra\/wp-json\/wp\/v2\/categories?post=928"},{"taxonomy":"post_tag","embeddable":true,"href":"https:\/\/www.evelyne-axell.info\/fra\/wp-json\/wp\/v2\/tags?post=928"}],"curies":[{"name":"wp","href":"https:\/\/api.w.org\/{rel}","templated":true}]}}