{"id":923,"date":"2014-09-01T18:06:33","date_gmt":"2014-09-01T16:06:33","guid":{"rendered":"http:\/\/www.evelyne-axell.info\/fra\/?p=923"},"modified":"2015-09-02T15:46:49","modified_gmt":"2015-09-02T13:46:49","slug":"pop-art-pop-music","status":"publish","type":"post","link":"https:\/\/www.evelyne-axell.info\/fra\/2014\/09\/01\/pop-art-pop-music\/","title":{"rendered":"Pop Art &#038; Pop Music !"},"content":{"rendered":"<h3>Quand le Pop Art des ann\u00e9es 60 rencontre la Pop Music du 21\u00e8me si\u00e8cle! Le groupe am\u00e9ricain Lucius choisi Evelyne Axell pour la pochette de son premier album.<\/h3>\n<p><img data-recalc-dims=\"1\" loading=\"lazy\" decoding=\"async\" class=\"alignnone size-full wp-image-924\" src=\"https:\/\/i0.wp.com\/www.evelyne-axell.info\/fra\/wp-content\/uploads\/2015\/09\/Lucius.png?resize=851%2C567&#038;ssl=1\" alt=\"Lucius\" width=\"851\" height=\"567\" srcset=\"https:\/\/i0.wp.com\/www.evelyne-axell.info\/fra\/wp-content\/uploads\/2015\/09\/Lucius.png?w=851&amp;ssl=1 851w, https:\/\/i0.wp.com\/www.evelyne-axell.info\/fra\/wp-content\/uploads\/2015\/09\/Lucius.png?resize=150%2C100&amp;ssl=1 150w, https:\/\/i0.wp.com\/www.evelyne-axell.info\/fra\/wp-content\/uploads\/2015\/09\/Lucius.png?resize=600%2C400&amp;ssl=1 600w\" sizes=\"auto, (max-width: 851px) 100vw, 851px\" \/><\/p>\n<p>Cinquante ans apr\u00e8s sa cr\u00e9ation, l\u2019\u0153uvre phare d\u2019Evelyne Axell, \u00ab Ice Cream 1 \u00bb, illustre la pochette du premier album du groupe Pop am\u00e9ricain LUCIUS, distribu\u00e9 dans le monde entier en 2014. Un groupe qui, depuis, n\u2019en finit pas de grimper sur les sc\u00e8nes comme dans les ventes.<\/p>\n<p><img data-recalc-dims=\"1\" loading=\"lazy\" decoding=\"async\" class=\"alignleft size-medium wp-image-925\" src=\"https:\/\/i0.wp.com\/www.evelyne-axell.info\/fra\/wp-content\/uploads\/2015\/09\/Album-Cover.jpg?resize=400%2C400&#038;ssl=1\" alt=\"Album Cover\" width=\"400\" height=\"400\" srcset=\"https:\/\/i0.wp.com\/www.evelyne-axell.info\/fra\/wp-content\/uploads\/2015\/09\/Album-Cover.jpg?resize=400%2C400&amp;ssl=1 400w, https:\/\/i0.wp.com\/www.evelyne-axell.info\/fra\/wp-content\/uploads\/2015\/09\/Album-Cover.jpg?resize=150%2C150&amp;ssl=1 150w, https:\/\/i0.wp.com\/www.evelyne-axell.info\/fra\/wp-content\/uploads\/2015\/09\/Album-Cover.jpg?w=600&amp;ssl=1 600w\" sizes=\"auto, (max-width: 400px) 100vw, 400px\" \/><\/p>\n<p>\u00ab\u00a0Derri\u00e8re l\u2019\u00e9vidence de ces tubes se planquent des id\u00e9es lumineuses, arrangements alambiqu\u00e9s, m\u00e9langes os\u00e9s ou contre-pieds pi\u00e9geurs qui, eux, ne se laissent ma\u00eetriser qu\u2019avec le temps, d\u00e9couverte apr\u00e8s d\u00e9couverte, surprise apr\u00e8s surprise, et font finalement le sel de ce groupe auquel on promet, chez les petits et les grands, les indie kids et leurs parents, un immense avenir.\u00a0\u00bb<\/p>\n<p>\u00ab\u00a0Sensation naissante de la sc\u00e8ne ind\u00e9 am\u00e9ricaine, Lucius d\u00e9roule une soul-pop aux m\u00e9lodies hyperefficaces et aux arrangements harmonieux. Ce quintet de Brooklyn se veut en apparence consensuel &#8211; il est lou\u00e9, du New York Times \u00e0 Vogue, en passant par Paul Krugman, prix Nobel d\u2019\u00e9conomie ! Sensuel, surtout, via cette fa\u00e7on contemporaine d\u2019\u00e9picer un son vintage de girls band tr\u00e8s 60\u2019s par des incursions dans une country-pop-folk a\u00e9rienne qui ne craint pas les piqu\u00e9s a capella, claviers satur\u00e9s, batteries claquantes et basses nerveuses. (Lib\u00e9ration)\u00a0\u00bb<\/p>\n<p>Dans une interview, Jess Wolfe, l&rsquo;une des chanteuses, explique le choix du tableau \u00ab\u00a0Ice Cream\u00a0\u00bb pour leur pochette:<\/p>\n<p>\u00ab\u00a0Nous cherchions une illustration pour notre nouvel album. On voulait quelque chose qui corresponde \u00e0 notre esth\u00e9tique mais soit aussi puissant et engag\u00e9. Quelque chose qu\u2019on distinguerait parmi les autres disques, qu\u2019on ne pourrait pas rater.<br \/>\nOn a consid\u00e9r\u00e9 de nombreuses options, et\u2026 c\u2019\u00e9tait celle-l\u00e0 ! Sans aucun doute ! On en a regard\u00e9 beaucoup et, d\u00e8s qu\u2019on l\u2019a vue, c\u2019\u00e9tait \u00e7a !<\/p>\n<p>En plus nous adorons la sensualit\u00e9 et les couleurs de cette p\u00e9riode; tr\u00e8s frappantes, puissantes et g\u00e9om\u00e9triques. Une grande partie de notre sonorit\u00e9 est tr\u00e8s li\u00e9e \u00e0 la sym\u00e9trie, ce qu\u2019on retrouve beaucoup \u00e0 cette \u00e9poque. Nous chantons ensemble comme une seule voix, il n\u2019y a pas l\u2019une et puis l\u2019autre, nous sommes unies.\u00a0\u00bb<\/p>\n<p>Seule mani\u00e8re d\u2019en appr\u00e9cier l\u2019efficacit\u00e9, \u00e9couter un extrait dans cette vid\u00e9o de la chanson \u00ab Wildewoman \u00bb :<\/p>\n<p><iframe loading=\"lazy\" width=\"860\" height=\"484\" src=\"https:\/\/www.youtube.com\/embed\/ciCZT3LfwoQ?feature=oembed\" frameborder=\"0\" allowfullscreen><\/iframe><\/p>\n","protected":false},"excerpt":{"rendered":"<p>Quand le Pop Art des ann\u00e9es 60 rencontre la Pop Music du 21\u00e8me si\u00e8cle! Le groupe am\u00e9ricain Lucius choisi Evelyne Axell pour la pochette de son premier album. Cinquante ans apr\u00e8s sa cr\u00e9ation, l\u2019\u0153uvre phare d\u2019Evelyne Axell, \u00ab Ice Cream <a class=\"more-link\" href=\"https:\/\/www.evelyne-axell.info\/fra\/2014\/09\/01\/pop-art-pop-music\/\">Lire la suite&#8230;<\/a><\/p>\n","protected":false},"author":1,"featured_media":933,"comment_status":"closed","ping_status":"closed","sticky":false,"template":"","format":"standard","meta":{"ngg_post_thumbnail":0,"_jetpack_memberships_contains_paid_content":false,"footnotes":""},"categories":[4,5],"tags":[],"class_list":["post-923","post","type-post","status-publish","format-standard","has-post-thumbnail","hentry","category-expo","category-extraits"],"jetpack_featured_media_url":"https:\/\/i0.wp.com\/www.evelyne-axell.info\/fra\/wp-content\/uploads\/2014\/09\/Lucius-Ice-Cream.jpg?fit=3680%2C2456&ssl=1","jetpack_sharing_enabled":true,"_links":{"self":[{"href":"https:\/\/www.evelyne-axell.info\/fra\/wp-json\/wp\/v2\/posts\/923","targetHints":{"allow":["GET"]}}],"collection":[{"href":"https:\/\/www.evelyne-axell.info\/fra\/wp-json\/wp\/v2\/posts"}],"about":[{"href":"https:\/\/www.evelyne-axell.info\/fra\/wp-json\/wp\/v2\/types\/post"}],"author":[{"embeddable":true,"href":"https:\/\/www.evelyne-axell.info\/fra\/wp-json\/wp\/v2\/users\/1"}],"replies":[{"embeddable":true,"href":"https:\/\/www.evelyne-axell.info\/fra\/wp-json\/wp\/v2\/comments?post=923"}],"version-history":[{"count":4,"href":"https:\/\/www.evelyne-axell.info\/fra\/wp-json\/wp\/v2\/posts\/923\/revisions"}],"predecessor-version":[{"id":936,"href":"https:\/\/www.evelyne-axell.info\/fra\/wp-json\/wp\/v2\/posts\/923\/revisions\/936"}],"wp:featuredmedia":[{"embeddable":true,"href":"https:\/\/www.evelyne-axell.info\/fra\/wp-json\/wp\/v2\/media\/933"}],"wp:attachment":[{"href":"https:\/\/www.evelyne-axell.info\/fra\/wp-json\/wp\/v2\/media?parent=923"}],"wp:term":[{"taxonomy":"category","embeddable":true,"href":"https:\/\/www.evelyne-axell.info\/fra\/wp-json\/wp\/v2\/categories?post=923"},{"taxonomy":"post_tag","embeddable":true,"href":"https:\/\/www.evelyne-axell.info\/fra\/wp-json\/wp\/v2\/tags?post=923"}],"curies":[{"name":"wp","href":"https:\/\/api.w.org\/{rel}","templated":true}]}}