{"id":918,"date":"2015-08-27T18:21:04","date_gmt":"2015-08-27T16:21:04","guid":{"rendered":"http:\/\/www.evelyne-axell.info\/fra\/?p=918"},"modified":"2015-10-16T00:35:19","modified_gmt":"2015-10-15T22:35:19","slug":"exposition-pop-art-in-belgium-a-ling-art-center-a-bruxelles","status":"publish","type":"post","link":"https:\/\/www.evelyne-axell.info\/fra\/2015\/08\/27\/exposition-pop-art-in-belgium-a-ling-art-center-a-bruxelles\/","title":{"rendered":"Exposition \u00abPop Art in Belgium!\u00bb \u00e0 l\u2019ING Art Center \u00e0 Bruxelles."},"content":{"rendered":"<h2>Focus sur le mouvement Pop Art en Belgique !<\/h2>\n<p><em>Du 15 octobre 2015 au 14 f\u00e9vrier 2016.<\/em><\/p>\n<p><img data-recalc-dims=\"1\" loading=\"lazy\" decoding=\"async\" class=\"alignnone size-large wp-image-983\" src=\"https:\/\/i0.wp.com\/www.evelyne-axell.info\/fra\/wp-content\/uploads\/2015\/08\/s-ing-4726.jpg?resize=860%2C278&#038;ssl=1\" alt=\"ING 01\" width=\"860\" height=\"278\" srcset=\"https:\/\/i0.wp.com\/www.evelyne-axell.info\/fra\/wp-content\/uploads\/2015\/08\/s-ing-4726.jpg?resize=1024%2C331&amp;ssl=1 1024w, https:\/\/i0.wp.com\/www.evelyne-axell.info\/fra\/wp-content\/uploads\/2015\/08\/s-ing-4726.jpg?resize=150%2C49&amp;ssl=1 150w, https:\/\/i0.wp.com\/www.evelyne-axell.info\/fra\/wp-content\/uploads\/2015\/08\/s-ing-4726.jpg?resize=900%2C291&amp;ssl=1 900w, https:\/\/i0.wp.com\/www.evelyne-axell.info\/fra\/wp-content\/uploads\/2015\/08\/s-ing-4726.jpg?w=1800&amp;ssl=1 1800w, https:\/\/i0.wp.com\/www.evelyne-axell.info\/fra\/wp-content\/uploads\/2015\/08\/s-ing-4726.jpg?w=1720&amp;ssl=1 1720w\" sizes=\"auto, (max-width: 860px) 100vw, 860px\" \/><\/p>\n<p><img data-recalc-dims=\"1\" loading=\"lazy\" decoding=\"async\" class=\"alignleft size-medium wp-image-919\" src=\"https:\/\/i0.wp.com\/www.evelyne-axell.info\/fra\/wp-content\/uploads\/2015\/08\/Affiche-Pop-Art-in-Belgium.jpg?resize=288%2C400&#038;ssl=1\" alt=\"Pop Art in Belgium\" width=\"288\" height=\"400\" srcset=\"https:\/\/i0.wp.com\/www.evelyne-axell.info\/fra\/wp-content\/uploads\/2015\/08\/Affiche-Pop-Art-in-Belgium.jpg?resize=288%2C400&amp;ssl=1 288w, https:\/\/i0.wp.com\/www.evelyne-axell.info\/fra\/wp-content\/uploads\/2015\/08\/Affiche-Pop-Art-in-Belgium.jpg?resize=108%2C150&amp;ssl=1 108w, https:\/\/i0.wp.com\/www.evelyne-axell.info\/fra\/wp-content\/uploads\/2015\/08\/Affiche-Pop-Art-in-Belgium.jpg?w=405&amp;ssl=1 405w\" sizes=\"auto, (max-width: 288px) 100vw, 288px\" \/><\/p>\n<p>\u00ab Pop Art in Belgium ! \u00bb. Une immersion dans la vague Pop qui a d\u00e9ferl\u00e9 en Europe durant les Sixties et impr\u00e9gn\u00e9 le monde de l\u2019art belge !<br \/>\nUne exposition \u00e9tonnante qui r\u00e9unit pour la premi\u00e8re fois des \u0153uvres majeures des grandes stars internationales du Pop Art (Warhol, Lichtenstein, Rosenquist, Wesselmann \u2026) avec ceux de nos artistes belges de l\u2019\u00e9poque (Evelyne Axell, Pol Mara, Marcel Broodthaers, Panamarenko, \u2026 )<br \/>\nUne \u00ab Pop \u2013 romance \u00bb \u00e0 ne pas manquer !<\/p>\n<p><em>Visites guid\u00e9es \u2013 Espaces ludiques et didactiques pour les plus jeunes.<\/em><br \/>\n<em>R\u00e9duction de 50% sur le prix d\u2019entr\u00e9e en tant que client ING.<\/em><br \/>\n<em>Entr\u00e9es gratuites pour les enfants de moins de 12 ans et \u00e9tudiants \u2013 de 26 ans.<\/em><\/p>\n<p><em>Infos et r\u00e9servation sur ing.be\/art<\/em><\/p>\n<p><em>ING Art Center<\/em><br \/>\n<em>Place Royale 6<\/em><br \/>\n<em>B-1000 Bruxelles<\/em><br \/>\n<em>Tel.: +32 2 547 22 92<\/em><br \/>\n<em>Fax: +32 2 547 38 00<\/em><\/p>\n<p><img data-recalc-dims=\"1\" loading=\"lazy\" decoding=\"async\" class=\"alignnone size-large wp-image-985\" src=\"https:\/\/i0.wp.com\/www.evelyne-axell.info\/fra\/wp-content\/uploads\/2015\/08\/s-ing-4665.jpg?resize=860%2C574&#038;ssl=1\" alt=\"ING 02\" width=\"860\" height=\"574\" srcset=\"https:\/\/i0.wp.com\/www.evelyne-axell.info\/fra\/wp-content\/uploads\/2015\/08\/s-ing-4665.jpg?resize=1024%2C683&amp;ssl=1 1024w, https:\/\/i0.wp.com\/www.evelyne-axell.info\/fra\/wp-content\/uploads\/2015\/08\/s-ing-4665.jpg?resize=150%2C100&amp;ssl=1 150w, https:\/\/i0.wp.com\/www.evelyne-axell.info\/fra\/wp-content\/uploads\/2015\/08\/s-ing-4665.jpg?resize=600%2C400&amp;ssl=1 600w, https:\/\/i0.wp.com\/www.evelyne-axell.info\/fra\/wp-content\/uploads\/2015\/08\/s-ing-4665.jpg?w=1800&amp;ssl=1 1800w, https:\/\/i0.wp.com\/www.evelyne-axell.info\/fra\/wp-content\/uploads\/2015\/08\/s-ing-4665.jpg?w=1720&amp;ssl=1 1720w\" sizes=\"auto, (max-width: 860px) 100vw, 860px\" \/><\/p>\n","protected":false},"excerpt":{"rendered":"<p>Focus sur le mouvement Pop Art en Belgique ! Du 15 octobre 2015 au 14 f\u00e9vrier 2016. \u00ab Pop Art in Belgium ! \u00bb. Une immersion dans la vague Pop qui a d\u00e9ferl\u00e9 en Europe durant les Sixties et impr\u00e9gn\u00e9 <a class=\"more-link\" href=\"https:\/\/www.evelyne-axell.info\/fra\/2015\/08\/27\/exposition-pop-art-in-belgium-a-ling-art-center-a-bruxelles\/\">Lire la suite&#8230;<\/a><\/p>\n","protected":false},"author":1,"featured_media":920,"comment_status":"closed","ping_status":"closed","sticky":false,"template":"","format":"standard","meta":{"ngg_post_thumbnail":0,"_jetpack_memberships_contains_paid_content":false,"footnotes":""},"categories":[4],"tags":[],"class_list":["post-918","post","type-post","status-publish","format-standard","has-post-thumbnail","hentry","category-expo"],"jetpack_featured_media_url":"https:\/\/i0.wp.com\/www.evelyne-axell.info\/fra\/wp-content\/uploads\/2015\/08\/Autostop.jpg?fit=1306%2C864&ssl=1","jetpack_sharing_enabled":true,"_links":{"self":[{"href":"https:\/\/www.evelyne-axell.info\/fra\/wp-json\/wp\/v2\/posts\/918","targetHints":{"allow":["GET"]}}],"collection":[{"href":"https:\/\/www.evelyne-axell.info\/fra\/wp-json\/wp\/v2\/posts"}],"about":[{"href":"https:\/\/www.evelyne-axell.info\/fra\/wp-json\/wp\/v2\/types\/post"}],"author":[{"embeddable":true,"href":"https:\/\/www.evelyne-axell.info\/fra\/wp-json\/wp\/v2\/users\/1"}],"replies":[{"embeddable":true,"href":"https:\/\/www.evelyne-axell.info\/fra\/wp-json\/wp\/v2\/comments?post=918"}],"version-history":[{"count":4,"href":"https:\/\/www.evelyne-axell.info\/fra\/wp-json\/wp\/v2\/posts\/918\/revisions"}],"predecessor-version":[{"id":986,"href":"https:\/\/www.evelyne-axell.info\/fra\/wp-json\/wp\/v2\/posts\/918\/revisions\/986"}],"wp:featuredmedia":[{"embeddable":true,"href":"https:\/\/www.evelyne-axell.info\/fra\/wp-json\/wp\/v2\/media\/920"}],"wp:attachment":[{"href":"https:\/\/www.evelyne-axell.info\/fra\/wp-json\/wp\/v2\/media?parent=918"}],"wp:term":[{"taxonomy":"category","embeddable":true,"href":"https:\/\/www.evelyne-axell.info\/fra\/wp-json\/wp\/v2\/categories?post=918"},{"taxonomy":"post_tag","embeddable":true,"href":"https:\/\/www.evelyne-axell.info\/fra\/wp-json\/wp\/v2\/tags?post=918"}],"curies":[{"name":"wp","href":"https:\/\/api.w.org\/{rel}","templated":true}]}}