{"id":907,"date":"2015-08-20T17:37:02","date_gmt":"2015-08-20T15:37:02","guid":{"rendered":"http:\/\/www.evelyne-axell.info\/fra\/?p=907"},"modified":"2015-10-05T12:49:03","modified_gmt":"2015-10-05T10:49:03","slug":"exposition-the-world-goes-pop-a-la-tate-modern-a-londres","status":"publish","type":"post","link":"https:\/\/www.evelyne-axell.info\/fra\/2015\/08\/20\/exposition-the-world-goes-pop-a-la-tate-modern-a-londres\/","title":{"rendered":"Exposition \u201cThe World goes Pop\u201d \u00e0 la Tate Modern \u00e0 Londres."},"content":{"rendered":"<p><em>Tate Modern. <\/em><br \/>\n<em>Du 17 septembre 2015\u2009au\u200924 janvier 2016.<\/em><\/p>\n<p>&nbsp;<\/p>\n<p><img data-recalc-dims=\"1\" loading=\"lazy\" decoding=\"async\" class=\" wp-image-945 aligncenter\" src=\"https:\/\/i0.wp.com\/www.evelyne-axell.info\/fra\/wp-content\/uploads\/2015\/08\/Pop-00022.jpg?resize=828%2C466&#038;ssl=1\" alt=\"The World goes Pop\" width=\"828\" height=\"466\" srcset=\"https:\/\/i0.wp.com\/www.evelyne-axell.info\/fra\/wp-content\/uploads\/2015\/08\/Pop-00022.jpg?resize=711%2C400&amp;ssl=1 711w, https:\/\/i0.wp.com\/www.evelyne-axell.info\/fra\/wp-content\/uploads\/2015\/08\/Pop-00022.jpg?resize=150%2C84&amp;ssl=1 150w, https:\/\/i0.wp.com\/www.evelyne-axell.info\/fra\/wp-content\/uploads\/2015\/08\/Pop-00022.jpg?resize=1024%2C576&amp;ssl=1 1024w, https:\/\/i0.wp.com\/www.evelyne-axell.info\/fra\/wp-content\/uploads\/2015\/08\/Pop-00022.jpg?resize=410%2C231&amp;ssl=1 410w, https:\/\/i0.wp.com\/www.evelyne-axell.info\/fra\/wp-content\/uploads\/2015\/08\/Pop-00022.jpg?resize=860%2C484&amp;ssl=1 860w, https:\/\/i0.wp.com\/www.evelyne-axell.info\/fra\/wp-content\/uploads\/2015\/08\/Pop-00022.jpg?w=1920&amp;ssl=1 1920w, https:\/\/i0.wp.com\/www.evelyne-axell.info\/fra\/wp-content\/uploads\/2015\/08\/Pop-00022.jpg?w=1720&amp;ssl=1 1720w\" sizes=\"auto, (max-width: 828px) 100vw, 828px\" \/><\/p>\n<p>De l\u2019Am\u00e9rique latine \u00e0 l\u2019Asie, de l\u2019Europe au Moyen-Orient, l\u2019exposition The World Goes Pop vise \u00e0 d\u00e9montrer comment des artistes du monde entier s\u2019empar\u00e8rent du Pop Art. Remettant en question l\u2019historiographie traditionnelle li\u00e9e au Pop Art, cette exposition qui sera pr\u00e9sent\u00e9e \u00e0 partir du 17 septembre 2015 \u00e0 la Tate Modern de Londres vise \u00e0 montrer comment diff\u00e9rentes sph\u00e8res culturelles ont directement contribu\u00e9 et r\u00e9agi \u00e0 ce mouvement artistique. L\u2019exposition r\u00e9unit un ensemble d\u2019environ 160 \u0153uvres des ann\u00e9es 1960 et 1970 dont beaucoup sont expos\u00e9es pour la premi\u00e8re au Royaume-Uni.<\/p>\n<p>Le Pop Art est g\u00e9n\u00e9ralement consid\u00e9r\u00e9 comme un ph\u00e9nom\u00e8ne purement anglo-am\u00e9ricain, une r\u00e9flexion commune mais non conflictuelle sur la culture consum\u00e9riste moderne, \u00e0 laquelle sont associ\u00e9s des artistes tels qu\u2019Andy Warhol ou Roy Lichtenstein. \u00c0 contrario de ce r\u00e9cit, l\u2019exposition met en lumi\u00e8re les autres filiations du Pop Art en les reliant \u00e0 des \u00e9v\u00e9nements cl\u00e9s de l\u2019\u00e9poque qui ont souvent \u00e9t\u00e9 d\u00e9laiss\u00e9s par l\u2019Histoire de l\u2019art. Elle vise notamment \u00e0 rappeler que le Pop ne s\u2019est pas r\u00e9duit \u00e0 une simple c\u00e9l\u00e9bration du consum\u00e9risme occidental mais qu\u2019il d\u00e9veloppa bien plus souvent une r\u00e9flexion subversive afin d\u2019alimenter une critique et des mouvements protestataires \u00e0 travers le monde entier.<\/p>\n<p>L\u2019exposition The World Goes Pop pr\u00e9sentera \u00e9galement de nombreuses femmes artistes qui ont jou\u00e9 un r\u00f4le cl\u00e9 dans le mouvement du Pop Art, y compris Evelyne Axell, Eulalia Grau, Nicola L, Marta Minujin et Martha Rosler, remettant en cause la distribution traditionnelle des acteurs masculins qui domin\u00e8rent la sc\u00e8ne du Pop Art.<\/p>\n<div id=\"attachment_909\" style=\"width: 261px\" class=\"wp-caption alignleft\"><img data-recalc-dims=\"1\" loading=\"lazy\" decoding=\"async\" aria-describedby=\"caption-attachment-909\" class=\"size-medium wp-image-909\" src=\"https:\/\/i0.wp.com\/www.evelyne-axell.info\/fra\/wp-content\/uploads\/2015\/08\/Valentine.jpg?resize=251%2C400&#038;ssl=1\" alt=\"Valentine\" width=\"251\" height=\"400\" srcset=\"https:\/\/i0.wp.com\/www.evelyne-axell.info\/fra\/wp-content\/uploads\/2015\/08\/Valentine.jpg?resize=251%2C400&amp;ssl=1 251w, https:\/\/i0.wp.com\/www.evelyne-axell.info\/fra\/wp-content\/uploads\/2015\/08\/Valentine.jpg?resize=94%2C150&amp;ssl=1 94w, https:\/\/i0.wp.com\/www.evelyne-axell.info\/fra\/wp-content\/uploads\/2015\/08\/Valentine.jpg?w=556&amp;ssl=1 556w\" sizes=\"auto, (max-width: 251px) 100vw, 251px\" \/><p id=\"caption-attachment-909\" class=\"wp-caption-text\">Valentine<\/p><\/div>\n<p>Le tableau \u00ab\u00a0Valentine\u00a0\u00bb d\u2019Evelyne Axell sera expos\u00e9e pour la premi\u00e8re fois au Royaume-Uni. Une \u0153uvre cl\u00e9, combinant de mani\u00e8re unique l&rsquo;esth\u00e9tique Pop avec les th\u00e8mes de la course \u00e0 l&rsquo;espace et de la r\u00e9volution sexuelle en tant que conqu\u00eate de nouveaux territoires.<\/p>\n<div id=\"attachment_910\" style=\"width: 266px\" class=\"wp-caption alignright\"><img data-recalc-dims=\"1\" loading=\"lazy\" decoding=\"async\" aria-describedby=\"caption-attachment-910\" class=\"wp-image-910 \" src=\"https:\/\/i0.wp.com\/www.evelyne-axell.info\/fra\/wp-content\/uploads\/2015\/08\/Terechkova-01.jpg?resize=256%2C293&#038;ssl=1\" alt=\"Valentina Terechkova\" width=\"256\" height=\"293\" srcset=\"https:\/\/i0.wp.com\/www.evelyne-axell.info\/fra\/wp-content\/uploads\/2015\/08\/Terechkova-01.jpg?resize=349%2C400&amp;ssl=1 349w, https:\/\/i0.wp.com\/www.evelyne-axell.info\/fra\/wp-content\/uploads\/2015\/08\/Terechkova-01.jpg?resize=131%2C150&amp;ssl=1 131w, https:\/\/i0.wp.com\/www.evelyne-axell.info\/fra\/wp-content\/uploads\/2015\/08\/Terechkova-01.jpg?w=502&amp;ssl=1 502w\" sizes=\"auto, (max-width: 256px) 100vw, 256px\" \/><p id=\"caption-attachment-910\" class=\"wp-caption-text\">Valentina Terechkova<\/p><\/div>\n<p>Cette \u0153uvre se r\u00e9f\u00e9rant \u00e0 la premi\u00e8re femme cosmonaute, la Russe Valentina Terechkova, occupera une place de premier plan dans la salle d&rsquo;ouverture de l&rsquo;exposition, o\u00f9 une petite s\u00e9lection d&rsquo;\u0153uvres Pop cl\u00e9s sera expos\u00e9e afin d&rsquo;introduire le Pop Art comme un langage et une strat\u00e9gie subversif. Avec sa fa\u00e7on unique de s\u2019approprier un sujet largement trait\u00e9 par les artistes Pop masculins \u00e0 l&rsquo;\u00e9poque, \u00ab\u00a0Valentine\u00a0\u00bb se d\u00e9marque comme exemple de la mani\u00e8re dont Evelyne Axell l\u2019a utilis\u00e9 comme un outil d&rsquo;\u00e9mancipation de la femme.<\/p>\n<div id=\"attachment_911\" style=\"width: 870px\" class=\"wp-caption alignnone\"><img data-recalc-dims=\"1\" loading=\"lazy\" decoding=\"async\" aria-describedby=\"caption-attachment-911\" class=\"size-large wp-image-911\" src=\"https:\/\/i0.wp.com\/www.evelyne-axell.info\/fra\/wp-content\/uploads\/2015\/08\/Axell_Happening_6.jpg?resize=860%2C695&#038;ssl=1\" alt=\"Happening \u00e0 Gand (1969)\" width=\"860\" height=\"695\" srcset=\"https:\/\/i0.wp.com\/www.evelyne-axell.info\/fra\/wp-content\/uploads\/2015\/08\/Axell_Happening_6.jpg?resize=1024%2C827&amp;ssl=1 1024w, https:\/\/i0.wp.com\/www.evelyne-axell.info\/fra\/wp-content\/uploads\/2015\/08\/Axell_Happening_6.jpg?resize=150%2C121&amp;ssl=1 150w, https:\/\/i0.wp.com\/www.evelyne-axell.info\/fra\/wp-content\/uploads\/2015\/08\/Axell_Happening_6.jpg?resize=495%2C400&amp;ssl=1 495w, https:\/\/i0.wp.com\/www.evelyne-axell.info\/fra\/wp-content\/uploads\/2015\/08\/Axell_Happening_6.jpg?w=1859&amp;ssl=1 1859w, https:\/\/i0.wp.com\/www.evelyne-axell.info\/fra\/wp-content\/uploads\/2015\/08\/Axell_Happening_6.jpg?w=1720&amp;ssl=1 1720w\" sizes=\"auto, (max-width: 860px) 100vw, 860px\" \/><p id=\"caption-attachment-911\" class=\"wp-caption-text\">Happening \u00e0 Gand (1969)<\/p><\/div>\n<p>Parmi les travaux expos\u00e9s, \u00ab\u00a0Le joli mois de mai\u00a0\u00bb peut \u00eatre consid\u00e9r\u00e9 sans aucun doute comme l&rsquo;\u0153uvre la plus impressionnante d&rsquo;Evelyne Axell, et pas uniquement par ses dimensions exceptionnelles ; 3,5 m\u00e8tres sur 2 m\u00e8tres.<\/p>\n<div id=\"attachment_912\" style=\"width: 870px\" class=\"wp-caption alignnone\"><img data-recalc-dims=\"1\" loading=\"lazy\" decoding=\"async\" aria-describedby=\"caption-attachment-912\" class=\"size-large wp-image-912\" src=\"https:\/\/i0.wp.com\/www.evelyne-axell.info\/fra\/wp-content\/uploads\/2015\/08\/Travail-Joli-mois-de-mai-01.jpg?resize=860%2C484&#038;ssl=1\" alt=\"Cr\u00e9ation du Joli mois de mai\" width=\"860\" height=\"484\" srcset=\"https:\/\/i0.wp.com\/www.evelyne-axell.info\/fra\/wp-content\/uploads\/2015\/08\/Travail-Joli-mois-de-mai-01.jpg?resize=1024%2C576&amp;ssl=1 1024w, https:\/\/i0.wp.com\/www.evelyne-axell.info\/fra\/wp-content\/uploads\/2015\/08\/Travail-Joli-mois-de-mai-01.jpg?resize=150%2C84&amp;ssl=1 150w, https:\/\/i0.wp.com\/www.evelyne-axell.info\/fra\/wp-content\/uploads\/2015\/08\/Travail-Joli-mois-de-mai-01.jpg?resize=711%2C400&amp;ssl=1 711w, https:\/\/i0.wp.com\/www.evelyne-axell.info\/fra\/wp-content\/uploads\/2015\/08\/Travail-Joli-mois-de-mai-01.jpg?resize=410%2C231&amp;ssl=1 410w, https:\/\/i0.wp.com\/www.evelyne-axell.info\/fra\/wp-content\/uploads\/2015\/08\/Travail-Joli-mois-de-mai-01.jpg?resize=860%2C484&amp;ssl=1 860w, https:\/\/i0.wp.com\/www.evelyne-axell.info\/fra\/wp-content\/uploads\/2015\/08\/Travail-Joli-mois-de-mai-01.jpg?w=1920&amp;ssl=1 1920w, https:\/\/i0.wp.com\/www.evelyne-axell.info\/fra\/wp-content\/uploads\/2015\/08\/Travail-Joli-mois-de-mai-01.jpg?w=1720&amp;ssl=1 1720w\" sizes=\"auto, (max-width: 860px) 100vw, 860px\" \/><p id=\"caption-attachment-912\" class=\"wp-caption-text\">Cr\u00e9ation du Joli mois de mai<\/p><\/div>\n<p>Evelyne Axell mettra pr\u00e8s de deux ans \u00e0 terminer ce triptyque dans son atelier de la rue Tenbosch \u00e0 Bruxelles, tout en continuant en parall\u00e8le une cr\u00e9ation prolifique d&rsquo;autres \u0153uvres dont certaines seront \u00e9galement inspir\u00e9es par la vague de contestation qui balaye aussi bien le continent europ\u00e9en que les Etats Unis.<\/p>\n<p>La particularit\u00e9 de cette \u0153uvre r\u00e9side dans la synth\u00e8se picturale de courants fort diff\u00e9rents de la contestation \u00e0 cette \u00e9poque.<\/p>\n<p>Le panneau central semble homog\u00e8ne mais est en fait constitu\u00e9 de deux aspects tr\u00e8s distincts \u2013 voire m\u00eame presque oppos\u00e9s \u2013 de la mani\u00e8re dont la jeunesse remet en question la soci\u00e9t\u00e9 des g\u00e9n\u00e9rations pr\u00e9c\u00e9dentes.<\/p>\n<div id=\"attachment_913\" style=\"width: 382px\" class=\"wp-caption alignleft\"><img data-recalc-dims=\"1\" loading=\"lazy\" decoding=\"async\" aria-describedby=\"caption-attachment-913\" class=\" wp-image-913\" src=\"https:\/\/i0.wp.com\/www.evelyne-axell.info\/fra\/wp-content\/uploads\/2015\/08\/RGB-Le-joli-mois-de-mai1.jpg?resize=372%2C279&#038;ssl=1\" alt=\"Le joli mois de mai\" width=\"372\" height=\"279\" srcset=\"https:\/\/i0.wp.com\/www.evelyne-axell.info\/fra\/wp-content\/uploads\/2015\/08\/RGB-Le-joli-mois-de-mai1.jpg?resize=533%2C400&amp;ssl=1 533w, https:\/\/i0.wp.com\/www.evelyne-axell.info\/fra\/wp-content\/uploads\/2015\/08\/RGB-Le-joli-mois-de-mai1.jpg?resize=150%2C113&amp;ssl=1 150w, https:\/\/i0.wp.com\/www.evelyne-axell.info\/fra\/wp-content\/uploads\/2015\/08\/RGB-Le-joli-mois-de-mai1.jpg?resize=1024%2C768&amp;ssl=1 1024w, https:\/\/i0.wp.com\/www.evelyne-axell.info\/fra\/wp-content\/uploads\/2015\/08\/RGB-Le-joli-mois-de-mai1.jpg?w=1630&amp;ssl=1 1630w\" sizes=\"auto, (max-width: 372px) 100vw, 372px\" \/><p id=\"caption-attachment-913\" class=\"wp-caption-text\">Le joli mois de mai<\/p><\/div>\n<p>L&rsquo;arri\u00e8re-plan \u00e9voque les manifestations parisiennes de Mai 1968. La jeune fille qui brandit un drapeau rouge est directement inspir\u00e9e de la c\u00e9l\u00e8bre photographie du reporter Jean-Pierre Rey qui fit la une des magazines dans le monde entier.<\/p>\n<p>Cette photo repr\u00e9sente en fait une jeune top model, Caroline de Bendern, qui se trouve par hasard pr\u00e8s du jardin du Luxembourg lors d&rsquo;une manifestation \u00e9tudiante, assise sur les \u00e9paules de l&rsquo;artiste fran\u00e7ais Jean-Jacques Lebel. Elle brandit un drapeau vietnamien.<\/p>\n<p>&nbsp;<\/p>\n<div id=\"attachment_914\" style=\"width: 302px\" class=\"wp-caption alignright\"><img data-recalc-dims=\"1\" loading=\"lazy\" decoding=\"async\" aria-describedby=\"caption-attachment-914\" class=\" wp-image-914\" src=\"https:\/\/i0.wp.com\/www.evelyne-axell.info\/fra\/wp-content\/uploads\/2015\/08\/Caroline-de-Bendern.jpg?resize=292%2C320&#038;ssl=1\" alt=\"Caroline de Bendern\" width=\"292\" height=\"320\" srcset=\"https:\/\/i0.wp.com\/www.evelyne-axell.info\/fra\/wp-content\/uploads\/2015\/08\/Caroline-de-Bendern.jpg?resize=366%2C400&amp;ssl=1 366w, https:\/\/i0.wp.com\/www.evelyne-axell.info\/fra\/wp-content\/uploads\/2015\/08\/Caroline-de-Bendern.jpg?resize=137%2C150&amp;ssl=1 137w, https:\/\/i0.wp.com\/www.evelyne-axell.info\/fra\/wp-content\/uploads\/2015\/08\/Caroline-de-Bendern.jpg?w=558&amp;ssl=1 558w\" sizes=\"auto, (max-width: 292px) 100vw, 292px\" \/><p id=\"caption-attachment-914\" class=\"wp-caption-text\">Caroline de Bendern<\/p><\/div>\n<p>Evelyne Axell transforme le drapeau du Vietnam en drapeau rouge et, surtout, d\u00e9nude la poitrine de la belle mannequin tout en lui laissant sa petite veste cintr\u00e9e. Caroline de Bendern n&rsquo;est pas une contestataire, mais son apparition \u00e0 la une des journaux dans ces circonstances lui vaudra d&rsquo;\u00eatre d\u00e9sh\u00e9rit\u00e9e par son grand-p\u00e8re, un riche Lord anglais.<\/p>\n<p>Cet arri\u00e8re-plan repr\u00e9sente une contestation politiquement engag\u00e9e en Europe mais aussi pr\u00e9sente aux USA dans les mouvements pour les droits civiques des minorit\u00e9s et contre la guerre du Vietnam. Certains manifestants s&rsquo;identifient \u00e0 diff\u00e9rents mouvements politiques de gauche et d&rsquo;extr\u00eame gauche plus ou moins structur\u00e9s bien que la grande majorit\u00e9 des \u00e9tudiants souhaitent tout simplement plus de libert\u00e9s, notamment la libert\u00e9 sexuelle. Apr\u00e8s tout, Mai 68 a commenc\u00e9 par un conflit portant sur le droit de visite dans les chambres des filles \u00e0 l&rsquo;Universit\u00e9 de Nanterre\u2026<br \/>\nL&rsquo;avant-plan du panneau central \u00e9voque un tout autre aspect de la contestation des ann\u00e9es soixante. On y voit des hippies, deux gar\u00e7ons et trois filles, tous aux longs cheveux, assis sur l&rsquo;herbe, nus \u2013 sauf pour une petite \u00e9charpe \u2013 et manifestement tr\u00e8s cool, peu enclins \u00e0 manifester. Ces hippies expriment une mani\u00e8re compl\u00e8tement diff\u00e9rente et non politis\u00e9e de contester le mod\u00e8le de soci\u00e9t\u00e9 de leurs parents.<\/p>\n<p>D&rsquo;origine am\u00e9ricaine le mouvement hippie refuse la soci\u00e9t\u00e9 de consommation sans vouloir forc\u00e9ment la d\u00e9truire. Il pr\u00f4ne la non violence, la vie en communaut\u00e9, l&rsquo;exp\u00e9rience psych\u00e9d\u00e9lique, le retour \u00e0 la nature et la libert\u00e9 sexuelle.<\/p>\n<div id=\"attachment_915\" style=\"width: 296px\" class=\"wp-caption alignleft\"><img data-recalc-dims=\"1\" loading=\"lazy\" decoding=\"async\" aria-describedby=\"caption-attachment-915\" class=\" wp-image-915\" src=\"https:\/\/i0.wp.com\/www.evelyne-axell.info\/fra\/wp-content\/uploads\/2015\/08\/Restany002.jpg?resize=286%2C203&#038;ssl=1\" alt=\"Pierre Restany\" width=\"286\" height=\"203\" srcset=\"https:\/\/i0.wp.com\/www.evelyne-axell.info\/fra\/wp-content\/uploads\/2015\/08\/Restany002.jpg?resize=564%2C400&amp;ssl=1 564w, https:\/\/i0.wp.com\/www.evelyne-axell.info\/fra\/wp-content\/uploads\/2015\/08\/Restany002.jpg?resize=150%2C106&amp;ssl=1 150w, https:\/\/i0.wp.com\/www.evelyne-axell.info\/fra\/wp-content\/uploads\/2015\/08\/Restany002.jpg?w=956&amp;ssl=1 956w\" sizes=\"auto, (max-width: 286px) 100vw, 286px\" \/><p id=\"caption-attachment-915\" class=\"wp-caption-text\">Pierre Restany<\/p><\/div>\n<p>Le panneau de gauche nous montre le critique d&rsquo;art fran\u00e7ais Pierre Restany, fervent admirateur de l&rsquo;\u0153uvre d&rsquo;Evelyne Axell, affubl\u00e9 d&rsquo;un poncho et levant la main tel un proph\u00e8te guidant une autre forme de contestation, celle de l&rsquo;art contemporain. A l&rsquo;\u00e9poque, Pierre Restany avait, non sans un certain humour, fait fermer le Mus\u00e9e d&rsquo;Art Moderne de Paris \u00ab\u00a0pour cause d&rsquo;inutilit\u00e9 publique\u00a0\u00bb.<\/p>\n<p>Le panneau de droite est un autoportrait de l&rsquo;artiste tel qu&rsquo;elle le reproduira par ailleurs dans de nombreuses autres versions. Son regard observe sereinement toute cette agitation contestataire. Bien qu&rsquo;elle leur porte une grande tendresse elle ne s&rsquo;apparente ni aux hippies, ni aux gauchistes. Elle a son propre combat \u00e0 la fois solitaire et pourtant tellement universel. Celui de sa condition f\u00e9minine! Elle porte les armes de ce combat; le pinceau brandit dans la main gauche et le pot de peinture dans la main droite. Son \u0153uvre sera \u00e0 la fois un t\u00e9moignage des mouvements contestataires de cette \u00e9poque mais aussi sa contribution \u00e0 la transformation de la soci\u00e9t\u00e9.<\/p>\n<p><img data-recalc-dims=\"1\" loading=\"lazy\" decoding=\"async\" class=\"alignnone size-large wp-image-947\" src=\"https:\/\/i0.wp.com\/www.evelyne-axell.info\/fra\/wp-content\/uploads\/2015\/08\/Pop-00019.jpg?resize=860%2C484&#038;ssl=1\" alt=\"Tate Modern\" width=\"860\" height=\"484\" srcset=\"https:\/\/i0.wp.com\/www.evelyne-axell.info\/fra\/wp-content\/uploads\/2015\/08\/Pop-00019.jpg?resize=1024%2C576&amp;ssl=1 1024w, https:\/\/i0.wp.com\/www.evelyne-axell.info\/fra\/wp-content\/uploads\/2015\/08\/Pop-00019.jpg?resize=150%2C84&amp;ssl=1 150w, https:\/\/i0.wp.com\/www.evelyne-axell.info\/fra\/wp-content\/uploads\/2015\/08\/Pop-00019.jpg?resize=711%2C400&amp;ssl=1 711w, https:\/\/i0.wp.com\/www.evelyne-axell.info\/fra\/wp-content\/uploads\/2015\/08\/Pop-00019.jpg?resize=410%2C231&amp;ssl=1 410w, https:\/\/i0.wp.com\/www.evelyne-axell.info\/fra\/wp-content\/uploads\/2015\/08\/Pop-00019.jpg?resize=860%2C484&amp;ssl=1 860w, https:\/\/i0.wp.com\/www.evelyne-axell.info\/fra\/wp-content\/uploads\/2015\/08\/Pop-00019.jpg?w=1920&amp;ssl=1 1920w, https:\/\/i0.wp.com\/www.evelyne-axell.info\/fra\/wp-content\/uploads\/2015\/08\/Pop-00019.jpg?w=1720&amp;ssl=1 1720w\" sizes=\"auto, (max-width: 860px) 100vw, 860px\" \/><\/p>\n<p>Commissaires d\u2019exposition : Jessica Morgan et Flavia Frigeri, assist\u00e9es d\u2019Elsa Coustou.<\/p>\n<p><em>Tate Modern<\/em><\/p>\n<p><em>Bankside<\/em><br \/>\n<em>London SE1 9TG <\/em><br \/>\n<em>United Kingdom<\/em><br \/>\n<em>T\u00e9l. +44 (0)20 78878888<\/em><br \/>\n<em>visiting.modern@tate.org.uk<\/em><br \/>\n<em>www.tate.org.uk<\/em><\/p>\n","protected":false},"excerpt":{"rendered":"<p>Tate Modern. Du 17 septembre 2015\u2009au\u200924 janvier 2016. &nbsp; De l\u2019Am\u00e9rique latine \u00e0 l\u2019Asie, de l\u2019Europe au Moyen-Orient, l\u2019exposition The World Goes Pop vise \u00e0 d\u00e9montrer comment des artistes du monde entier s\u2019empar\u00e8rent du Pop Art. Remettant en question l\u2019historiographie <a class=\"more-link\" href=\"https:\/\/www.evelyne-axell.info\/fra\/2015\/08\/20\/exposition-the-world-goes-pop-a-la-tate-modern-a-londres\/\">Lire la suite&#8230;<\/a><\/p>\n","protected":false},"author":1,"featured_media":916,"comment_status":"closed","ping_status":"closed","sticky":false,"template":"","format":"standard","meta":{"ngg_post_thumbnail":0,"_jetpack_memberships_contains_paid_content":false,"footnotes":""},"categories":[4],"tags":[],"class_list":["post-907","post","type-post","status-publish","format-standard","has-post-thumbnail","hentry","category-expo"],"jetpack_featured_media_url":"https:\/\/i0.wp.com\/www.evelyne-axell.info\/fra\/wp-content\/uploads\/2015\/08\/worldgoespopbanner.jpg?fit=949%2C534&ssl=1","jetpack_sharing_enabled":true,"_links":{"self":[{"href":"https:\/\/www.evelyne-axell.info\/fra\/wp-json\/wp\/v2\/posts\/907","targetHints":{"allow":["GET"]}}],"collection":[{"href":"https:\/\/www.evelyne-axell.info\/fra\/wp-json\/wp\/v2\/posts"}],"about":[{"href":"https:\/\/www.evelyne-axell.info\/fra\/wp-json\/wp\/v2\/types\/post"}],"author":[{"embeddable":true,"href":"https:\/\/www.evelyne-axell.info\/fra\/wp-json\/wp\/v2\/users\/1"}],"replies":[{"embeddable":true,"href":"https:\/\/www.evelyne-axell.info\/fra\/wp-json\/wp\/v2\/comments?post=907"}],"version-history":[{"count":3,"href":"https:\/\/www.evelyne-axell.info\/fra\/wp-json\/wp\/v2\/posts\/907\/revisions"}],"predecessor-version":[{"id":948,"href":"https:\/\/www.evelyne-axell.info\/fra\/wp-json\/wp\/v2\/posts\/907\/revisions\/948"}],"wp:featuredmedia":[{"embeddable":true,"href":"https:\/\/www.evelyne-axell.info\/fra\/wp-json\/wp\/v2\/media\/916"}],"wp:attachment":[{"href":"https:\/\/www.evelyne-axell.info\/fra\/wp-json\/wp\/v2\/media?parent=907"}],"wp:term":[{"taxonomy":"category","embeddable":true,"href":"https:\/\/www.evelyne-axell.info\/fra\/wp-json\/wp\/v2\/categories?post=907"},{"taxonomy":"post_tag","embeddable":true,"href":"https:\/\/www.evelyne-axell.info\/fra\/wp-json\/wp\/v2\/tags?post=907"}],"curies":[{"name":"wp","href":"https:\/\/api.w.org\/{rel}","templated":true}]}}