{"id":840,"date":"2015-04-22T17:05:09","date_gmt":"2015-04-22T15:05:09","guid":{"rendered":"http:\/\/www.evelyne-axell.info\/fra\/?p=840"},"modified":"2015-08-28T18:30:07","modified_gmt":"2015-08-28T16:30:07","slug":"exposition-la-resistance-des-images-a-bruxelles","status":"publish","type":"post","link":"https:\/\/www.evelyne-axell.info\/fra\/2015\/04\/22\/exposition-la-resistance-des-images-a-bruxelles\/","title":{"rendered":"Exposition \u00abLa r\u00e9sistance des images\u00bb \u00e0 Bruxelles."},"content":{"rendered":"<h2>La Patinoire Royale consacre Evelyne Axell, seule femme artiste et seule belge de l\u2019exposition.<\/h2>\n<p><em>Du 25 avril au 30 septembre 2015.<\/em><br \/>\n<em>Horaires :<\/em><br \/>\n<em>Ouvert du mardi au samedi, de 11h \u00e0 13h et de 14h \u00e0 19h<\/em><br \/>\n<em>Ferm\u00e9 le dimanche et le lundi<\/em><br \/>\n<em>Expositions sur entr\u00e9e libre.<\/em><\/p>\n<p><em>La Patinoire Royale<\/em><br \/>\n<em>Rue Veydt 15<\/em><br \/>\n<em>1060 Bruxelles<\/em><br \/>\n<em>Belgique<\/em><br \/>\n<em>www.lapatinoireroyale.com<\/em><br \/>\n<em>T\u00e9l. +32 (0)495 23 60 70<\/em><br \/>\n<em>info@lapatinoireroyale.com<\/em><\/p>\n<p><img data-recalc-dims=\"1\" loading=\"lazy\" decoding=\"async\" class=\"alignnone size-medium wp-image-841\" src=\"https:\/\/i0.wp.com\/www.evelyne-axell.info\/fra\/wp-content\/uploads\/2015\/07\/accr16.jpg?resize=711%2C400&#038;ssl=1\" alt=\"La Patinoire 01\" width=\"711\" height=\"400\" srcset=\"https:\/\/i0.wp.com\/www.evelyne-axell.info\/fra\/wp-content\/uploads\/2015\/07\/accr16.jpg?resize=711%2C400&amp;ssl=1 711w, https:\/\/i0.wp.com\/www.evelyne-axell.info\/fra\/wp-content\/uploads\/2015\/07\/accr16.jpg?resize=150%2C84&amp;ssl=1 150w, https:\/\/i0.wp.com\/www.evelyne-axell.info\/fra\/wp-content\/uploads\/2015\/07\/accr16.jpg?resize=1024%2C576&amp;ssl=1 1024w, https:\/\/i0.wp.com\/www.evelyne-axell.info\/fra\/wp-content\/uploads\/2015\/07\/accr16.jpg?resize=300%2C169&amp;ssl=1 300w, https:\/\/i0.wp.com\/www.evelyne-axell.info\/fra\/wp-content\/uploads\/2015\/07\/accr16.jpg?resize=720%2C405&amp;ssl=1 720w, https:\/\/i0.wp.com\/www.evelyne-axell.info\/fra\/wp-content\/uploads\/2015\/07\/accr16.jpg?w=1920&amp;ssl=1 1920w, https:\/\/i0.wp.com\/www.evelyne-axell.info\/fra\/wp-content\/uploads\/2015\/07\/accr16.jpg?w=1720&amp;ssl=1 1720w\" sizes=\"auto, (max-width: 711px) 100vw, 711px\" \/><\/p>\n<p>Centr\u00e9e sur la \u00ab Figuration narrative \u00bb, l\u2019exposition \u00ab La R\u00e9sistance des Images \u00bb s\u2019int\u00e9resse, pour l\u2019essentiel, \u00e0 des artistes qui, quelle que soient leur origine, ont travaill\u00e9 en France. Il s\u2019agit de : Adami, Aillaud, Arroyau, Axell, Babou, Braun-Vega, Chambas, Cueco, Err\u00f3, Fromanger, Giacobazzi, Guyomard, Jacquet, Klasen, Le Boul\u2019ch, Messac, Monory, Morteyrol, Proweller, Rancillac, Recalcati, Schlosser, Spadari, T\u00e9l\u00e9maque et Tyszblat. L\u2019exposition ne vise cependant pas \u00e0 une totale exhaustivit\u00e9 historique et constitue donc une sorte d\u2019essai invitant \u00e0 des prospections, \u00e0 des r\u00e9flexions et \u00e0 des red\u00e9couvertes. Par un clin d\u2019oeil, justifi\u00e9 par la pr\u00e9sentation de cette exposition \u00e0 Bruxelles, l\u2019oeuvre d\u2019une artiste belge qui a cependant beaucoup fr\u00e9quent\u00e9 la sc\u00e8ne fran\u00e7aise, Evelyne Axell, a \u00e9t\u00e9 associ\u00e9e au projet. Si les femmes sont tr\u00e8s repr\u00e9sent\u00e9es dans les \u0153uvres, Evelyne Axell est la seule femme artiste expos\u00e9e.<br \/>\n<em>Commissaire d\u2019exposition : Jean-Jacques Aillagon, ancien ministre fran\u00e7ais de la culture.<\/em><\/p>\n<p>&#8212;<br \/>\nVid\u00e9o : Interview de Jean-Jacques Aillagon sur Evelyne Axell.<br \/>\n<iframe loading=\"lazy\" src=\"https:\/\/player.vimeo.com\/video\/126753661\" width=\"500\" height=\"281\" frameborder=\"0\" allowfullscreen=\"allowfullscreen\"><\/iframe><\/p>\n<p>Interview de Jean-Jacques Aillagon, ancien ministre fran\u00e7ais de la culture et commissaire de l&rsquo;exposition \u00ab\u00a0La r\u00e9sistance des images\u00a0\u00bb qui a lieu \u00e0 la Patinoire Royale \u00e0 Bruxelles du 24 avril au 30 septembre 2015.<\/p>\n","protected":false},"excerpt":{"rendered":"<p>La Patinoire Royale consacre Evelyne Axell, seule femme artiste et seule belge de l\u2019exposition. Du 25 avril au 30 septembre 2015. Horaires : Ouvert du mardi au samedi, de 11h \u00e0 13h et de 14h \u00e0 19h Ferm\u00e9 le dimanche <a class=\"more-link\" href=\"https:\/\/www.evelyne-axell.info\/fra\/2015\/04\/22\/exposition-la-resistance-des-images-a-bruxelles\/\">Lire la suite&#8230;<\/a><\/p>\n","protected":false},"author":1,"featured_media":922,"comment_status":"closed","ping_status":"closed","sticky":false,"template":"","format":"standard","meta":{"ngg_post_thumbnail":0,"_jetpack_memberships_contains_paid_content":false,"footnotes":""},"categories":[4],"tags":[],"class_list":["post-840","post","type-post","status-publish","format-standard","has-post-thumbnail","hentry","category-expo"],"jetpack_featured_media_url":"https:\/\/i0.wp.com\/www.evelyne-axell.info\/fra\/wp-content\/uploads\/2015\/04\/accr15.jpg?fit=1920%2C1080&ssl=1","jetpack_sharing_enabled":true,"_links":{"self":[{"href":"https:\/\/www.evelyne-axell.info\/fra\/wp-json\/wp\/v2\/posts\/840","targetHints":{"allow":["GET"]}}],"collection":[{"href":"https:\/\/www.evelyne-axell.info\/fra\/wp-json\/wp\/v2\/posts"}],"about":[{"href":"https:\/\/www.evelyne-axell.info\/fra\/wp-json\/wp\/v2\/types\/post"}],"author":[{"embeddable":true,"href":"https:\/\/www.evelyne-axell.info\/fra\/wp-json\/wp\/v2\/users\/1"}],"replies":[{"embeddable":true,"href":"https:\/\/www.evelyne-axell.info\/fra\/wp-json\/wp\/v2\/comments?post=840"}],"version-history":[{"count":8,"href":"https:\/\/www.evelyne-axell.info\/fra\/wp-json\/wp\/v2\/posts\/840\/revisions"}],"predecessor-version":[{"id":892,"href":"https:\/\/www.evelyne-axell.info\/fra\/wp-json\/wp\/v2\/posts\/840\/revisions\/892"}],"wp:featuredmedia":[{"embeddable":true,"href":"https:\/\/www.evelyne-axell.info\/fra\/wp-json\/wp\/v2\/media\/922"}],"wp:attachment":[{"href":"https:\/\/www.evelyne-axell.info\/fra\/wp-json\/wp\/v2\/media?parent=840"}],"wp:term":[{"taxonomy":"category","embeddable":true,"href":"https:\/\/www.evelyne-axell.info\/fra\/wp-json\/wp\/v2\/categories?post=840"},{"taxonomy":"post_tag","embeddable":true,"href":"https:\/\/www.evelyne-axell.info\/fra\/wp-json\/wp\/v2\/tags?post=840"}],"curies":[{"name":"wp","href":"https:\/\/api.w.org\/{rel}","templated":true}]}}