{"id":820,"date":"2015-02-12T13:55:18","date_gmt":"2015-02-12T12:55:18","guid":{"rendered":"http:\/\/www.evelyne-axell.info\/fra\/?p=820"},"modified":"2015-08-03T18:44:48","modified_gmt":"2015-08-03T16:44:48","slug":"4-oeuvres-develyne-axell-a-lexposition-noir-chantilly-feminismes","status":"publish","type":"post","link":"https:\/\/www.evelyne-axell.info\/fra\/2015\/02\/12\/4-oeuvres-develyne-axell-a-lexposition-noir-chantilly-feminismes\/","title":{"rendered":"4 \u0153uvres d&rsquo;Evelyne Axell \u00e0 l&rsquo;exposition Noir Chantilly, F\u00e9minisme(s)."},"content":{"rendered":"<h2>25 femmes artistes pour le(s) f\u00e9minisme(s).<\/h2>\n<p><em>14 f\u00e9vrier &gt; 05 avril 2015 \u00e0 La Ch\u00e2taigneraie (Fl\u00e9malle)<\/em><br \/>\n<em>21 f\u00e9vrier &gt; 20 mars 2015 \u00e0 la Galerie Juv\u00e9nal (Place Verte &#8211; 4500 Huy)<\/em><\/p>\n<p>Depuis les vingt derni\u00e8res ann\u00e9es, le f\u00e9minisme, \u00e0 l\u2019instar de notre soci\u00e9t\u00e9 multiculturelle s\u2019est diversifi\u00e9. On parle aujourd\u2019hui des f\u00e9minismes et non plus du f\u00e9minisme. De nouvelles probl\u00e9matiques se sont invit\u00e9es dans le d\u00e9bat : le port du voile, la procr\u00e9ation assist\u00e9e, le transgenre, la publicit\u00e9, la garde altern\u00e9e\u2026 D\u2019autres probl\u00e9matiques r\u00e9apparaissent sous un jour diff\u00e9rent, la prostitution par exemple. Un mot d\u2019ordre fondateur reste d\u2019actualit\u00e9 : le droit des femmes \u00e0 disposer librement de leur corps et de leur existence.<\/p>\n<p><img data-recalc-dims=\"1\" loading=\"lazy\" decoding=\"async\" class=\"alignnone size-large wp-image-832\" src=\"https:\/\/i0.wp.com\/www.evelyne-axell.info\/fra\/wp-content\/uploads\/2015\/02\/CWAC-2015-02.jpg?resize=600%2C340&#038;ssl=1\" alt=\"CWAC 2015\" width=\"600\" height=\"340\" srcset=\"https:\/\/i0.wp.com\/www.evelyne-axell.info\/fra\/wp-content\/uploads\/2015\/02\/CWAC-2015-02.jpg?resize=1024%2C581&amp;ssl=1 1024w, https:\/\/i0.wp.com\/www.evelyne-axell.info\/fra\/wp-content\/uploads\/2015\/02\/CWAC-2015-02.jpg?resize=150%2C85&amp;ssl=1 150w, https:\/\/i0.wp.com\/www.evelyne-axell.info\/fra\/wp-content\/uploads\/2015\/02\/CWAC-2015-02.jpg?resize=705%2C400&amp;ssl=1 705w, https:\/\/i0.wp.com\/www.evelyne-axell.info\/fra\/wp-content\/uploads\/2015\/02\/CWAC-2015-02.jpg?resize=300%2C170&amp;ssl=1 300w, https:\/\/i0.wp.com\/www.evelyne-axell.info\/fra\/wp-content\/uploads\/2015\/02\/CWAC-2015-02.jpg?resize=720%2C408&amp;ssl=1 720w, https:\/\/i0.wp.com\/www.evelyne-axell.info\/fra\/wp-content\/uploads\/2015\/02\/CWAC-2015-02.jpg?w=1368&amp;ssl=1 1368w\" sizes=\"auto, (max-width: 600px) 100vw, 600px\" \/><\/p>\n<p>Les artistes, plasticiennes et performeuses r\u00e9interrogent ce rapport au corps f\u00e9minin.<br \/>\nLa Ch\u00e2taigneraie ouvre ce d\u00e9bat en donnant la parole \u00e0 plus de 25 femmes artistes belges et \u00e9trang\u00e8res qui tentent de rappeler le combat d\u2019\u00e9mancipation de leurs a\u00een\u00e9es et soul\u00e8vent des questions actuelles.<\/p>\n<p><img data-recalc-dims=\"1\" loading=\"lazy\" decoding=\"async\" class=\"alignnone size-large wp-image-829\" src=\"https:\/\/i0.wp.com\/www.evelyne-axell.info\/fra\/wp-content\/uploads\/2015\/02\/CWAC-2015-01.jpg?resize=600%2C350&#038;ssl=1\" alt=\"Noir Chantilly, F\u00e9minisme(s) 1\" width=\"600\" height=\"350\" srcset=\"https:\/\/i0.wp.com\/www.evelyne-axell.info\/fra\/wp-content\/uploads\/2015\/02\/CWAC-2015-01.jpg?resize=1024%2C597&amp;ssl=1 1024w, https:\/\/i0.wp.com\/www.evelyne-axell.info\/fra\/wp-content\/uploads\/2015\/02\/CWAC-2015-01.jpg?resize=150%2C87&amp;ssl=1 150w, https:\/\/i0.wp.com\/www.evelyne-axell.info\/fra\/wp-content\/uploads\/2015\/02\/CWAC-2015-01.jpg?resize=687%2C400&amp;ssl=1 687w, https:\/\/i0.wp.com\/www.evelyne-axell.info\/fra\/wp-content\/uploads\/2015\/02\/CWAC-2015-01.jpg?resize=300%2C175&amp;ssl=1 300w, https:\/\/i0.wp.com\/www.evelyne-axell.info\/fra\/wp-content\/uploads\/2015\/02\/CWAC-2015-01.jpg?resize=720%2C419&amp;ssl=1 720w, https:\/\/i0.wp.com\/www.evelyne-axell.info\/fra\/wp-content\/uploads\/2015\/02\/CWAC-2015-01.jpg?w=1368&amp;ssl=1 1368w\" sizes=\"auto, (max-width: 600px) 100vw, 600px\" \/><\/p>\n","protected":false},"excerpt":{"rendered":"<p>25 femmes artistes pour le(s) f\u00e9minisme(s). 14 f\u00e9vrier &gt; 05 avril 2015 \u00e0 La Ch\u00e2taigneraie (Fl\u00e9malle) 21 f\u00e9vrier &gt; 20 mars 2015 \u00e0 la Galerie Juv\u00e9nal (Place Verte &#8211; 4500 Huy) Depuis les vingt derni\u00e8res ann\u00e9es, le f\u00e9minisme, \u00e0 l\u2019instar <a class=\"more-link\" href=\"https:\/\/www.evelyne-axell.info\/fra\/2015\/02\/12\/4-oeuvres-develyne-axell-a-lexposition-noir-chantilly-feminismes\/\">Lire la suite&#8230;<\/a><\/p>\n","protected":false},"author":1,"featured_media":829,"comment_status":"closed","ping_status":"closed","sticky":false,"template":"","format":"standard","meta":{"ngg_post_thumbnail":0,"_jetpack_memberships_contains_paid_content":false,"footnotes":""},"categories":[3,4],"tags":[],"class_list":["post-820","post","type-post","status-publish","format-standard","has-post-thumbnail","hentry","category-evenements","category-expo"],"jetpack_featured_media_url":"https:\/\/i0.wp.com\/www.evelyne-axell.info\/fra\/wp-content\/uploads\/2015\/02\/CWAC-2015-01.jpg?fit=1368%2C797&ssl=1","jetpack_sharing_enabled":true,"_links":{"self":[{"href":"https:\/\/www.evelyne-axell.info\/fra\/wp-json\/wp\/v2\/posts\/820","targetHints":{"allow":["GET"]}}],"collection":[{"href":"https:\/\/www.evelyne-axell.info\/fra\/wp-json\/wp\/v2\/posts"}],"about":[{"href":"https:\/\/www.evelyne-axell.info\/fra\/wp-json\/wp\/v2\/types\/post"}],"author":[{"embeddable":true,"href":"https:\/\/www.evelyne-axell.info\/fra\/wp-json\/wp\/v2\/users\/1"}],"replies":[{"embeddable":true,"href":"https:\/\/www.evelyne-axell.info\/fra\/wp-json\/wp\/v2\/comments?post=820"}],"version-history":[{"count":4,"href":"https:\/\/www.evelyne-axell.info\/fra\/wp-json\/wp\/v2\/posts\/820\/revisions"}],"predecessor-version":[{"id":830,"href":"https:\/\/www.evelyne-axell.info\/fra\/wp-json\/wp\/v2\/posts\/820\/revisions\/830"}],"wp:featuredmedia":[{"embeddable":true,"href":"https:\/\/www.evelyne-axell.info\/fra\/wp-json\/wp\/v2\/media\/829"}],"wp:attachment":[{"href":"https:\/\/www.evelyne-axell.info\/fra\/wp-json\/wp\/v2\/media?parent=820"}],"wp:term":[{"taxonomy":"category","embeddable":true,"href":"https:\/\/www.evelyne-axell.info\/fra\/wp-json\/wp\/v2\/categories?post=820"},{"taxonomy":"post_tag","embeddable":true,"href":"https:\/\/www.evelyne-axell.info\/fra\/wp-json\/wp\/v2\/tags?post=820"}],"curies":[{"name":"wp","href":"https:\/\/api.w.org\/{rel}","templated":true}]}}