{"id":769,"date":"2013-10-21T17:21:53","date_gmt":"2013-10-21T15:21:53","guid":{"rendered":"http:\/\/www.evelyne-axell.info\/fra\/?p=769"},"modified":"2015-08-03T18:58:31","modified_gmt":"2015-08-03T16:58:31","slug":"pop-art-design-exposition-a-londres","status":"publish","type":"post","link":"https:\/\/www.evelyne-axell.info\/fra\/2013\/10\/21\/pop-art-design-exposition-a-londres\/","title":{"rendered":"Pop Art Design, exposition \u00e0 Londres."},"content":{"rendered":"<h2>A la Barbican Art Gallery, Evelyne Axell confirme que le Pop Art ne se d\u00e9cline pas qu&rsquo;au masculin.<\/h2>\n<address class=\"MsoNormal\"><span style=\"mso-ansi-language: FR-BE;\">Du 22 octobre 2013 au 9 f\u00e9vrier 2014. <\/span><\/address>\n<p><img data-recalc-dims=\"1\" loading=\"lazy\" decoding=\"async\" class=\"alignnone size-medium wp-image-771\" src=\"https:\/\/i0.wp.com\/www.evelyne-axell.info\/fra\/wp-content\/uploads\/2013\/11\/London027.jpg?resize=711%2C400&#038;ssl=1\" alt=\"London027\" width=\"711\" height=\"400\" srcset=\"https:\/\/i0.wp.com\/www.evelyne-axell.info\/fra\/wp-content\/uploads\/2013\/11\/London027.jpg?resize=711%2C400&amp;ssl=1 711w, https:\/\/i0.wp.com\/www.evelyne-axell.info\/fra\/wp-content\/uploads\/2013\/11\/London027.jpg?resize=150%2C84&amp;ssl=1 150w, https:\/\/i0.wp.com\/www.evelyne-axell.info\/fra\/wp-content\/uploads\/2013\/11\/London027.jpg?resize=300%2C168&amp;ssl=1 300w, https:\/\/i0.wp.com\/www.evelyne-axell.info\/fra\/wp-content\/uploads\/2013\/11\/London027.jpg?resize=720%2C405&amp;ssl=1 720w, https:\/\/i0.wp.com\/www.evelyne-axell.info\/fra\/wp-content\/uploads\/2013\/11\/London027.jpg?w=1024&amp;ssl=1 1024w\" sizes=\"auto, (max-width: 711px) 100vw, 711px\" \/><\/p>\n<p>La presse britannique est unanime; l&rsquo;exposition \u00ab\u00a0Pop Art Design\u00a0\u00bb, qui se tient \u00e0 la Barbican Art Gallery du 22 octobre 2013 au 9 f\u00e9vrier 2014, est une r\u00e9elle r\u00e9ussite.<\/p>\n<p>\u00ab\u00a0Une nouvelle exposition superbement mise en sc\u00e8ne, \u00ab\u00a0Pop Art Design\u00a0\u00bb\u00a0 donne un coup de projecteur sur la Barbican de Londres.\u00a0\u00bb titre The Week Magazine.<\/p>\n<p>Dans The Guardian, Catherine Ince, commissaire d&rsquo;exposition, explique: \u00ab\u00a0L&rsquo;exposition a commenc\u00e9 au Vitra Design Museum en Allemagne, mais nous avons fait quelques changements&#8230; notamment\u00a0 en montrant le travail des femmes artistes dans une salle appel\u00e9e \u00ab\u00a0The female Fetish\u00a0\u00bb, qui pr\u00e9sente \u00e9galement une des \u0153uvres d&rsquo;Allen Jones repr\u00e9sentant une femme \u00e9rotique sous forme de chaise&#8230; A cot\u00e9 on peut voir une peinture \u00e0 l&rsquo;huile d&rsquo;Evelyne Axell de 1964 repr\u00e9sentant une femme qui mange une cr\u00e8me glac\u00e9e, plac\u00e9e d\u00e9lib\u00e9r\u00e9ment l\u00e0 pour montrer que les femmes artistes exploraient les m\u00eames th\u00e8mes du plaisir f\u00e9minin et de la sexualit\u00e9. Pour moi, insiste Catherine Ince, il \u00e9tait important de pr\u00e9senter un parall\u00e8le \u00e0 la tendance masculine, de montrer qu&rsquo;il y avait des femmes qui s&rsquo;interrogeaient sur elles m\u00eame.\u00a0\u00bb<\/p>\n<p>\u00ab\u00a0Une des raisons pour laquelle le th\u00e8me du Pop Art perdure est qu&rsquo;il est tellement accessible&#8230; il est assimilable et compr\u00e9hensible\u00a0\u00bb, d\u00e9clare Ince. \u00ab\u00a0Ce qui ne veut pas dire qu&rsquo;il ne soit \u00e9galement subjectif et complexe!\u00a0\u00bb<\/p>\n<p><img data-recalc-dims=\"1\" loading=\"lazy\" decoding=\"async\" class=\"alignnone size-medium wp-image-772\" src=\"https:\/\/i0.wp.com\/www.evelyne-axell.info\/fra\/wp-content\/uploads\/2013\/11\/London002.jpg?resize=711%2C400&#038;ssl=1\" alt=\"London002\" width=\"711\" height=\"400\" srcset=\"https:\/\/i0.wp.com\/www.evelyne-axell.info\/fra\/wp-content\/uploads\/2013\/11\/London002.jpg?resize=711%2C400&amp;ssl=1 711w, https:\/\/i0.wp.com\/www.evelyne-axell.info\/fra\/wp-content\/uploads\/2013\/11\/London002.jpg?resize=150%2C84&amp;ssl=1 150w, https:\/\/i0.wp.com\/www.evelyne-axell.info\/fra\/wp-content\/uploads\/2013\/11\/London002.jpg?resize=300%2C168&amp;ssl=1 300w, https:\/\/i0.wp.com\/www.evelyne-axell.info\/fra\/wp-content\/uploads\/2013\/11\/London002.jpg?resize=720%2C405&amp;ssl=1 720w, https:\/\/i0.wp.com\/www.evelyne-axell.info\/fra\/wp-content\/uploads\/2013\/11\/London002.jpg?w=1024&amp;ssl=1 1024w\" sizes=\"auto, (max-width: 711px) 100vw, 711px\" \/><\/p>\n<p>Imp\u00e9tueux, color\u00e9 et ludique, le Pop Art est un mouvement qui donne un changement radical \u00e0 l\u2019Art de l\u2019apr\u00e8s-guerre. Des ann\u00e9es 50 aux ann\u00e9es 70 le Pop \u00e9tait caract\u00e9ris\u00e9e par un dialogue intense entre l\u2019art et le design. Pop Art Design est la premi\u00e8re exposition compl\u00e8te qui explore les origines, les motifs et les m\u00e9thodes de l\u2019\u00e9change. Ses th\u00e8mes : l\u2019identit\u00e9 culturelle, la production de masse et la publicit\u00e9. Pop Art Design expose 200 \u0153uvres par plus de 70 artistes et designers diff\u00e9rents, incluant des \u0153uvres d\u2019ic\u00f4nes mais aussi d\u2019artistes moins connus, des affiches, des magazines, des pochettes d&rsquo;albums ainsi que des films, des photographies et des documents d&rsquo;int\u00e9rieurs et d&rsquo;architecture Pop.<\/p>\n<p><span style=\"mso-ansi-language: FR-BE;\">Art Gallery<br \/>\nBarbican Centre<br \/>\nSilk Street<br \/>\nLondon EC2Y 8DS<br \/>\nart@barbican.org.uk<\/span><\/p>\n<p>&nbsp;<\/p>\n<p>&nbsp;<\/p>\n<p>&nbsp;<\/p>\n<p>&nbsp;<\/p>\n","protected":false},"excerpt":{"rendered":"<p>A la Barbican Art Gallery, Evelyne Axell confirme que le Pop Art ne se d\u00e9cline pas qu&rsquo;au masculin. Du 22 octobre 2013 au 9 f\u00e9vrier 2014. La presse britannique est unanime; l&rsquo;exposition \u00ab\u00a0Pop Art Design\u00a0\u00bb, qui se tient \u00e0 la <a class=\"more-link\" href=\"https:\/\/www.evelyne-axell.info\/fra\/2013\/10\/21\/pop-art-design-exposition-a-londres\/\">Lire la suite&#8230;<\/a><\/p>\n","protected":false},"author":1,"featured_media":770,"comment_status":"closed","ping_status":"closed","sticky":false,"template":"","format":"standard","meta":{"ngg_post_thumbnail":0,"_jetpack_memberships_contains_paid_content":false,"footnotes":""},"categories":[4],"tags":[],"class_list":["post-769","post","type-post","status-publish","format-standard","has-post-thumbnail","hentry","category-expo"],"jetpack_featured_media_url":"https:\/\/i0.wp.com\/www.evelyne-axell.info\/fra\/wp-content\/uploads\/2013\/11\/Axell-Barbican-001.jpg?fit=2000%2C1089&ssl=1","jetpack_sharing_enabled":true,"_links":{"self":[{"href":"https:\/\/www.evelyne-axell.info\/fra\/wp-json\/wp\/v2\/posts\/769","targetHints":{"allow":["GET"]}}],"collection":[{"href":"https:\/\/www.evelyne-axell.info\/fra\/wp-json\/wp\/v2\/posts"}],"about":[{"href":"https:\/\/www.evelyne-axell.info\/fra\/wp-json\/wp\/v2\/types\/post"}],"author":[{"embeddable":true,"href":"https:\/\/www.evelyne-axell.info\/fra\/wp-json\/wp\/v2\/users\/1"}],"replies":[{"embeddable":true,"href":"https:\/\/www.evelyne-axell.info\/fra\/wp-json\/wp\/v2\/comments?post=769"}],"version-history":[{"count":2,"href":"https:\/\/www.evelyne-axell.info\/fra\/wp-json\/wp\/v2\/posts\/769\/revisions"}],"predecessor-version":[{"id":860,"href":"https:\/\/www.evelyne-axell.info\/fra\/wp-json\/wp\/v2\/posts\/769\/revisions\/860"}],"wp:featuredmedia":[{"embeddable":true,"href":"https:\/\/www.evelyne-axell.info\/fra\/wp-json\/wp\/v2\/media\/770"}],"wp:attachment":[{"href":"https:\/\/www.evelyne-axell.info\/fra\/wp-json\/wp\/v2\/media?parent=769"}],"wp:term":[{"taxonomy":"category","embeddable":true,"href":"https:\/\/www.evelyne-axell.info\/fra\/wp-json\/wp\/v2\/categories?post=769"},{"taxonomy":"post_tag","embeddable":true,"href":"https:\/\/www.evelyne-axell.info\/fra\/wp-json\/wp\/v2\/tags?post=769"}],"curies":[{"name":"wp","href":"https:\/\/api.w.org\/{rel}","templated":true}]}}