{"id":765,"date":"2013-09-20T16:54:23","date_gmt":"2013-09-20T14:54:23","guid":{"rendered":"http:\/\/www.evelyne-axell.info\/fra\/?p=765"},"modified":"2015-08-03T18:59:09","modified_gmt":"2015-08-03T16:59:09","slug":"article-de-claude-lorent-dans-la-libre-belgique","status":"publish","type":"post","link":"https:\/\/www.evelyne-axell.info\/fra\/2013\/09\/20\/article-de-claude-lorent-dans-la-libre-belgique\/","title":{"rendered":"Article de Claude Lorent dans La Libre Belgique."},"content":{"rendered":"<h1 class=\"mainContentTitle\">Le duo de t\u00eate du pop : Warhol &#8211; Axell .<\/h1>\n<h3><strong><b>Une courte expo, huit jours seulement, r\u00e9unit exceptionnellement \u00e0 Bruxelles les \u0153uvres de deux figures mythiques du pop\u2019art : l\u2019Am\u00e9ricain Andy Warholl et la Belge Evelyne Axell.\u00a0<\/b><\/strong><\/h3>\n<p><img data-recalc-dims=\"1\" loading=\"lazy\" decoding=\"async\" class=\"alignnone size-full wp-image-766\" src=\"https:\/\/i0.wp.com\/www.evelyne-axell.info\/fra\/wp-content\/uploads\/2013\/11\/AxellWarhol-00223.09.2013.jpg?resize=800%2C600&#038;ssl=1\" alt=\"AxellWarhol\" width=\"800\" height=\"600\" srcset=\"https:\/\/i0.wp.com\/www.evelyne-axell.info\/fra\/wp-content\/uploads\/2013\/11\/AxellWarhol-00223.09.2013.jpg?w=800&amp;ssl=1 800w, https:\/\/i0.wp.com\/www.evelyne-axell.info\/fra\/wp-content\/uploads\/2013\/11\/AxellWarhol-00223.09.2013.jpg?resize=150%2C112&amp;ssl=1 150w, https:\/\/i0.wp.com\/www.evelyne-axell.info\/fra\/wp-content\/uploads\/2013\/11\/AxellWarhol-00223.09.2013.jpg?resize=533%2C400&amp;ssl=1 533w, https:\/\/i0.wp.com\/www.evelyne-axell.info\/fra\/wp-content\/uploads\/2013\/11\/AxellWarhol-00223.09.2013.jpg?resize=300%2C225&amp;ssl=1 300w, https:\/\/i0.wp.com\/www.evelyne-axell.info\/fra\/wp-content\/uploads\/2013\/11\/AxellWarhol-00223.09.2013.jpg?resize=720%2C540&amp;ssl=1 720w\" sizes=\"auto, (max-width: 800px) 100vw, 800px\" \/><\/p>\n<p>A L\u2019INITIATIVE CONJOINTE DE LA SALLE DE VENTE Maison Cornette de Saint Cyr et de la galerie Paris\/New-York Taglialatella, se tient exceptionnellement \u00e0 Bruxelles, et pendant huit jours seulement, une exposition masculin\/f\u00e9minin qui place sur pied d\u2019\u00e9galit\u00e9 la star mondiale du pop\u2019art am\u00e9ricain Andy Warhol et l\u2019artiste belge dont la reconnaissance internationale ne cesse de cro\u00eetre, Evelyne Axell. Est-ce un hasard ? Pas vraiment car si l\u2019on prend la peine de se reporter aux ann\u00e9es soixante, on s\u2019apercevra rapidement que le mouvement du pop art fut essentiellement masculin et que les femmes artistes de l\u2019\u00e9poque, peu nombreuses, \u00e9prouv\u00e8rent grand mal \u00e0 se faire entendre. Une exposition qui s\u2019est tenue \u00e0 Vienne en 2011\/2010 (ensuite \u00e0 Hambourg) en rassembait les principales pour la premi\u00e8re fois. Participaient \u00e0 cette exposition \u00ab\u00a0Power up\u00a0\u00bb Sister Corita, Christa Dichgans, Rosalyn Drexler, Jann Haworth, Dorothy Iannone, Kiki Kogelnik, Marisol et Niki de Saint Phalle, la seule \u00e0 conna\u00eetre assez rapidement une carri\u00e8re internationale, mais Evelyne Axell en fut indubitablement la vedette, une de ses \u0153uvres \u00e9tant par ailleurs reprise sur l\u2019affiche ! Cette reconnaissance, tardive sans doute, qui depuis quelques ann\u00e9es porte amplement ses fruits en Allemagne, \u00e0 New York, \u00e0 Londres, voire en Belgique o\u00f9 le Wiels lui a consacr\u00e9 une expo personnelle ainsi que la galerie Patrick Derom qui la montre aussi en foire, peut trouver sa source dans l\u2019antagonisme qui existait entre la repr\u00e9sentation de la femme chez les artistes masculins et les revendications \u00e0 caract\u00e8re f\u00e9ministe qui sous-tendaient le travail de ces femmes pionni\u00e8res. Le langage militant d\u2019Evelyne Axell qui a donn\u00e9 une dimension \u00e9rotique \u00e0 son engagement pour la lib\u00e9ration sexuelle de la femme et \u00e0 le droit de disposer de son corps dont elle fit le motif premier de ses peintures, ne pouvait \u00e0 l\u2019\u00e9poque trouver \u00e9cho favorable qu\u2019aupr\u00e8s d\u2019une petite minorit\u00e9. Aujourd\u2019hui, avec le recul, l\u2019histoire lui donne raison, tant sur le plan du f\u00e9minisme que dans ses avanc\u00e9es picturales exp\u00e9rimentales (nouveaux mat\u00e9riaux, peinture \u00e9mail\u2026) mais abouties, et il est donc logique d\u2019enfin consid\u00e9rer son \u0153uvre comme l\u2019une des plus marquantes, novatrices, audacieuses, singuli\u00e8res et importantes du pop\u2019art. Et c\u2019est pr\u00e9cis\u00e9ment cette reconnaissance qu\u2019apporte \u00e0 l\u2019\u00e9vidence cette exposition en compagnie exclusive du pape du pop. Un duo de t\u00eate !<\/p>\n<p>Il est inutile de pr\u00e9senter encore Warhol (1928-1989) qui inclut dans sa d\u00e9marche, avant tout le monde, le principe du d\u00e9veloppement du march\u00e9 de l\u2019art principalement \u00e0 travers la diffusion prolifique de multiples. Ce que d\u00e9montre l\u2019exposition qui pr\u00e9sente des lithos, des offsets, des s\u00e9rigraphies parfois rehauss\u00e9es d\u2019aquarelle, des peintures sur papier et sur toile, couvrant la p\u00e9riode de 1956 \u00e0 1986, \u0153uvres dans lesquelles on retrouve les principaux sujets, des fleurs aux autoportraits, des ombres \u00e0 l\u2019\u00a0\u00bbElectric Chair\u00a0\u00bb, des putti aux portraits des Kennedy, de Mick Jagger, de Mao ou de Depardieu. Soit plus de quarante \u0153uvres.<\/p>\n<p>Quant \u00e0 Evelyne Axell (1935-1972) elle sera repr\u00e9sent\u00e9e par une quinzaine d\u2019\u0153uvres de 1965 \u00e0 1971, des huiles sur toile, sur bois, sur panneau, des peintures \u00e0 la bombe sur divers supports, des peintures \u00e0 l\u2019\u00e9mail sur plexi, des formes d\u00e9coup\u00e9es, des feutres sur papier, m\u00eame un bronze peint, soit une multitude de techniques dans lesquelles elle d\u00e9cline ses sujets de pr\u00e9dilection de l\u2019univers f\u00e9minin : autoportraits, nus, \u00ab\u00a0Ice Cream\u00a0\u00bb, homard, \u00ab\u00a0Oiseau paradis\u00a0\u00bb\u2026<\/p>\n<p>Claude LORENT<\/p>\n<p>20 septembre 2013<\/p>\n","protected":false},"excerpt":{"rendered":"<p>Le duo de t\u00eate du pop : Warhol &#8211; Axell . Une courte expo, huit jours seulement, r\u00e9unit exceptionnellement \u00e0 Bruxelles les \u0153uvres de deux figures mythiques du pop\u2019art : l\u2019Am\u00e9ricain Andy Warholl et la Belge Evelyne Axell.\u00a0 A L\u2019INITIATIVE <a class=\"more-link\" href=\"https:\/\/www.evelyne-axell.info\/fra\/2013\/09\/20\/article-de-claude-lorent-dans-la-libre-belgique\/\">Lire la suite&#8230;<\/a><\/p>\n","protected":false},"author":1,"featured_media":766,"comment_status":"closed","ping_status":"closed","sticky":false,"template":"","format":"standard","meta":{"ngg_post_thumbnail":0,"_jetpack_memberships_contains_paid_content":false,"footnotes":""},"categories":[5],"tags":[],"class_list":["post-765","post","type-post","status-publish","format-standard","has-post-thumbnail","hentry","category-extraits"],"jetpack_featured_media_url":"https:\/\/i0.wp.com\/www.evelyne-axell.info\/fra\/wp-content\/uploads\/2013\/11\/AxellWarhol-00223.09.2013.jpg?fit=800%2C600&ssl=1","jetpack_sharing_enabled":true,"_links":{"self":[{"href":"https:\/\/www.evelyne-axell.info\/fra\/wp-json\/wp\/v2\/posts\/765","targetHints":{"allow":["GET"]}}],"collection":[{"href":"https:\/\/www.evelyne-axell.info\/fra\/wp-json\/wp\/v2\/posts"}],"about":[{"href":"https:\/\/www.evelyne-axell.info\/fra\/wp-json\/wp\/v2\/types\/post"}],"author":[{"embeddable":true,"href":"https:\/\/www.evelyne-axell.info\/fra\/wp-json\/wp\/v2\/users\/1"}],"replies":[{"embeddable":true,"href":"https:\/\/www.evelyne-axell.info\/fra\/wp-json\/wp\/v2\/comments?post=765"}],"version-history":[{"count":2,"href":"https:\/\/www.evelyne-axell.info\/fra\/wp-json\/wp\/v2\/posts\/765\/revisions"}],"predecessor-version":[{"id":861,"href":"https:\/\/www.evelyne-axell.info\/fra\/wp-json\/wp\/v2\/posts\/765\/revisions\/861"}],"wp:featuredmedia":[{"embeddable":true,"href":"https:\/\/www.evelyne-axell.info\/fra\/wp-json\/wp\/v2\/media\/766"}],"wp:attachment":[{"href":"https:\/\/www.evelyne-axell.info\/fra\/wp-json\/wp\/v2\/media?parent=765"}],"wp:term":[{"taxonomy":"category","embeddable":true,"href":"https:\/\/www.evelyne-axell.info\/fra\/wp-json\/wp\/v2\/categories?post=765"},{"taxonomy":"post_tag","embeddable":true,"href":"https:\/\/www.evelyne-axell.info\/fra\/wp-json\/wp\/v2\/tags?post=765"}],"curies":[{"name":"wp","href":"https:\/\/api.w.org\/{rel}","templated":true}]}}