{"id":741,"date":"2013-09-15T00:25:32","date_gmt":"2013-09-14T22:25:32","guid":{"rendered":"http:\/\/www.evelyne-axell.info\/fra\/?p=741"},"modified":"2015-08-03T19:00:38","modified_gmt":"2015-08-03T17:00:38","slug":"article-de-manon-legrand-dans-essentielle","status":"publish","type":"post","link":"https:\/\/www.evelyne-axell.info\/fra\/2013\/09\/15\/article-de-manon-legrand-dans-essentielle\/","title":{"rendered":"Article de Manon Legrand dans Essentielle."},"content":{"rendered":"<h2 class=\"article-title entry-title single-title\">Evelyne Axell, la Warhol au f\u00e9minin.<\/h2>\n<h3><img data-recalc-dims=\"1\" loading=\"lazy\" decoding=\"async\" class=\"alignleft size-medium wp-image-742\" src=\"https:\/\/i0.wp.com\/www.evelyne-axell.info\/fra\/wp-content\/uploads\/2013\/09\/Ice-Cream-1-ok.jpg?resize=353%2C400&#038;ssl=1\" alt=\"Ice Cream 1\" width=\"353\" height=\"400\" srcset=\"https:\/\/i0.wp.com\/www.evelyne-axell.info\/fra\/wp-content\/uploads\/2013\/09\/Ice-Cream-1-ok.jpg?resize=353%2C400&amp;ssl=1 353w, https:\/\/i0.wp.com\/www.evelyne-axell.info\/fra\/wp-content\/uploads\/2013\/09\/Ice-Cream-1-ok.jpg?resize=132%2C150&amp;ssl=1 132w, https:\/\/i0.wp.com\/www.evelyne-axell.info\/fra\/wp-content\/uploads\/2013\/09\/Ice-Cream-1-ok.jpg?resize=300%2C339&amp;ssl=1 300w, https:\/\/i0.wp.com\/www.evelyne-axell.info\/fra\/wp-content\/uploads\/2013\/09\/Ice-Cream-1-ok.jpg?w=561&amp;ssl=1 561w\" sizes=\"auto, (max-width: 353px) 100vw, 353px\" \/>Son esth\u00e9tique pop-art et son pinceau contestataire font d\u2019Evelyne Axell une artiste incontournable du XXI\u00e8me si\u00e8cle. Une exposition se propose de mettre en regard son travail et celui d\u2019Andy Warhol.<\/h3>\n<p>Si le nom d\u2019Andy Warhol et ses oeuvres sont connus de tous, il n\u2019en va pas de m\u00eame pour Evelyne Axell (1935-1972). Cette artiste a \u00e9t\u00e9 ignor\u00e9e pendant trente ans par le monde de l\u2019art avant de resurgir depuis quelques ann\u00e9es dans les livres d\u2019art et les mus\u00e9es, qui reconnaissent enfin son talent.<br \/>\nOriginaire de Namur, celle qu\u2019on surnomma la Wharol au f\u00e9minin, livre sur une carri\u00e8re interrompue trop t\u00f4t par un accident de voiture, une \u0153uvre saisissante en prise directe avec son temps. Avec originalit\u00e9, audace et provocation, elle transpose sur plexi les \u00e9lans revendicatifs des ann\u00e9es 60, utilisant des vert, orange, ou bleu \u00e9blouissants, presque aveuglants. Elle ose bousculer les conventions avec ses tableaux de femmes nues qu\u2019elle veut ma\u00eetresses de leur d\u00e9sir et de leur sensualit\u00e9 et non plus objets consentants des fantasmes masculins. Une d\u00e9marche in\u00e9dite et os\u00e9e pour l\u2019\u00e9poque. C\u00f4t\u00e9 technique,\u00a0 elle d\u00e9cide en 1963 de s\u2019affranchir de la traditionnelle peinture \u00e0 l\u2019huile pour se tourner vers des mat\u00e9riaux compl\u00e8tement neufs pour l\u2019\u00e9poque comme le plexi ou l\u2019\u00e9mail de voitures.<br \/>\n40 ans plus tard, les \u0153uvres de cette artiste profond\u00e9ment libre, ont gard\u00e9 une force de frappe intacte.<br \/>\n<strong>L\u2019exposition<\/strong><br \/>\nAndy Warhol et Evelyne Axell ne se sont jamais rencontr\u00e9s. Les voil\u00e0 aujourd\u2019hui r\u00e9unis \u00e0 la maison de ventes aux ench\u00e8res Cornette de Saint Cyr.\u00a0\u201dWarhol, Axell : un double regard sur les Sixties\u201d pr\u00e9sentera des oeuvres embl\u00e9matiques de Warhol comme les Flowers, Campbell Soup ou les c\u00e9l\u00e8bres pin-ups ainsi que quelques oeuvres majeures d\u2019Evelyne Axell.<br \/>\n<strong>En pratique :<\/strong><br \/>\n\u201cWarhol, Axell : un double regard sur les Sixties\u201d, \u00e0 Cornette de Saint Cyr Bruxelles, Chauss\u00e9e de Charleroi 89. 1060 Bruxelles. <a class=\"external\" href=\"http:\/\/cornettedesaintcyr.be\/statique\/actualites\/actualites.html\" target=\"_blank\">www.cornette-saintcyr.be<\/a><br \/>\nDu 20 au 29 septembre de 11h \u00e0 18h. Projection du documentaire \u201cEvelyn Axell, la V\u00e9nus aux plastiques\u201d de Fran\u00e7oise Levie, le dimanche 22 septembre \u00e0 15h en pr\u00e9sence de la r\u00e9alisatrice.<\/p>\n<p><a href=\"http:\/\/www.essentielle.be\/culture\/expos-spectacles\/evelyn-axell-warhol-au-feminin-79244.html\" target=\"_blank\">Lire l&rsquo;article<\/a><\/p>\n<p>&nbsp;<\/p>\n","protected":false},"excerpt":{"rendered":"<p>Evelyne Axell, la Warhol au f\u00e9minin. Son esth\u00e9tique pop-art et son pinceau contestataire font d\u2019Evelyne Axell une artiste incontournable du XXI\u00e8me si\u00e8cle. Une exposition se propose de mettre en regard son travail et celui d\u2019Andy Warhol. Si le nom d\u2019Andy <a class=\"more-link\" href=\"https:\/\/www.evelyne-axell.info\/fra\/2013\/09\/15\/article-de-manon-legrand-dans-essentielle\/\">Lire la suite&#8230;<\/a><\/p>\n","protected":false},"author":1,"featured_media":705,"comment_status":"closed","ping_status":"closed","sticky":false,"template":"","format":"standard","meta":{"ngg_post_thumbnail":0,"_jetpack_memberships_contains_paid_content":false,"footnotes":""},"categories":[5],"tags":[],"class_list":["post-741","post","type-post","status-publish","format-standard","has-post-thumbnail","hentry","category-extraits"],"jetpack_featured_media_url":"https:\/\/i0.wp.com\/www.evelyne-axell.info\/fra\/wp-content\/uploads\/2013\/09\/low_expo_duel_warhol_axell.jpg?fit=420%2C596&ssl=1","jetpack_sharing_enabled":true,"_links":{"self":[{"href":"https:\/\/www.evelyne-axell.info\/fra\/wp-json\/wp\/v2\/posts\/741","targetHints":{"allow":["GET"]}}],"collection":[{"href":"https:\/\/www.evelyne-axell.info\/fra\/wp-json\/wp\/v2\/posts"}],"about":[{"href":"https:\/\/www.evelyne-axell.info\/fra\/wp-json\/wp\/v2\/types\/post"}],"author":[{"embeddable":true,"href":"https:\/\/www.evelyne-axell.info\/fra\/wp-json\/wp\/v2\/users\/1"}],"replies":[{"embeddable":true,"href":"https:\/\/www.evelyne-axell.info\/fra\/wp-json\/wp\/v2\/comments?post=741"}],"version-history":[{"count":7,"href":"https:\/\/www.evelyne-axell.info\/fra\/wp-json\/wp\/v2\/posts\/741\/revisions"}],"predecessor-version":[{"id":863,"href":"https:\/\/www.evelyne-axell.info\/fra\/wp-json\/wp\/v2\/posts\/741\/revisions\/863"}],"wp:featuredmedia":[{"embeddable":true,"href":"https:\/\/www.evelyne-axell.info\/fra\/wp-json\/wp\/v2\/media\/705"}],"wp:attachment":[{"href":"https:\/\/www.evelyne-axell.info\/fra\/wp-json\/wp\/v2\/media?parent=741"}],"wp:term":[{"taxonomy":"category","embeddable":true,"href":"https:\/\/www.evelyne-axell.info\/fra\/wp-json\/wp\/v2\/categories?post=741"},{"taxonomy":"post_tag","embeddable":true,"href":"https:\/\/www.evelyne-axell.info\/fra\/wp-json\/wp\/v2\/tags?post=741"}],"curies":[{"name":"wp","href":"https:\/\/api.w.org\/{rel}","templated":true}]}}