{"id":739,"date":"2013-11-03T15:34:50","date_gmt":"2013-11-03T14:34:50","guid":{"rendered":"http:\/\/www.evelyne-axell.info\/fra\/?p=739"},"modified":"2015-08-03T18:57:28","modified_gmt":"2015-08-03T16:57:28","slug":"projection-du-film-evelyne-axell-la-venus-aux-plastiques-de-francoise-levie","status":"publish","type":"post","link":"https:\/\/www.evelyne-axell.info\/fra\/2013\/11\/03\/projection-du-film-evelyne-axell-la-venus-aux-plastiques-de-francoise-levie\/","title":{"rendered":"Projection \u00e0 Namur du film \u00ab\u00a0Evelyne Axell, la V\u00e9nus aux plastiques\u00a0\u00bb, prim\u00e9 en Chine."},"content":{"rendered":"<h2 style=\"color: #fff;\"><span style=\"color: #000000;\">\u00ab\u00a0Evelyne Axell, la V\u00e9nus aux plastiques\u00a0\u00bb<br \/>\nProjection suivie d&rsquo;une discussion avec Bernadette Bonnier, directrice de la Culture de la Province de Namur.<br \/>\n<\/span><\/h2>\n<h3>Ce film a obtenu le \u00ab\u00a0Prix Sp\u00e9cial du Jury\u00a0\u00bb dans la cat\u00e9gorie Documentaires au 12\u00e8me Festival TV 2013 de Sichuan en Chine.<\/h3>\n<address>Dimanche 17 novembre 2013 \u00e0 20:15 heures.<\/address>\n<address><strong>asbl Les 400 Coups \/ Cin\u00e9ma FORUM<\/strong><br \/>\n41, rue du Belv\u00e9d\u00e8re &#8211; 5000 Namur (Ligne TEC 5)<br \/>\n<strong>T\u00e9l<\/strong> : 081\/22.26.19 &#8211; <strong>Mail:<\/strong> info@400coups.be<\/address>\n<p><img data-recalc-dims=\"1\" loading=\"lazy\" decoding=\"async\" class=\"alignnone size-full wp-image-560\" src=\"https:\/\/i0.wp.com\/www.evelyne-axell.info\/fra\/wp-content\/uploads\/2012\/12\/Invitation-Avant-premi%C3%A8re001.jpg?resize=600%2C300&#038;ssl=1\" alt=\"Invitation Avant premi\u00e8re\" width=\"600\" height=\"300\" srcset=\"https:\/\/i0.wp.com\/www.evelyne-axell.info\/fra\/wp-content\/uploads\/2012\/12\/Invitation-Avant-premi%C3%A8re001.jpg?w=600&amp;ssl=1 600w, https:\/\/i0.wp.com\/www.evelyne-axell.info\/fra\/wp-content\/uploads\/2012\/12\/Invitation-Avant-premi%C3%A8re001.jpg?resize=150%2C75&amp;ssl=1 150w, https:\/\/i0.wp.com\/www.evelyne-axell.info\/fra\/wp-content\/uploads\/2012\/12\/Invitation-Avant-premi%C3%A8re001.jpg?resize=300%2C150&amp;ssl=1 300w\" sizes=\"auto, (max-width: 600px) 100vw, 600px\" \/><\/p>\n<p><strong>Evelyne Axell <\/strong>(1935-1972) est une artiste belge dont l\u2019\u0153uvre est aujourd\u2019hui reconnue internationalement apr\u00e8s trente ans d\u2019oubli. Elle fut une des rares \u00e9l\u00e8ves de Magritte. Une femme dont la vie, la beaut\u00e9 et l\u2019expression furent inextricablement li\u00e9es. F\u00e9ministe, provocatrice, profond\u00e9ment libre. Ainsi, c\u2019est la premi\u00e8re femme dans l\u2019histoire de l\u2019art qui se peint nue, qui montre son d\u00e9sir sur la toile. Apparent\u00e9e au mouvement Pop Art, elle abandonne tr\u00e8s vite la peinture \u00e0 l\u2019huile pour les mat\u00e9riaux de son \u00e9poque\u00a0: plexiglas, formica, perspex opalin, fourrure synth\u00e9tique, \u00e9mail pour voiture.<\/p>\n<p>Sa mort brutale en 1972 interrompt une carri\u00e8re br\u00e8ve mais intense de 7 ans.<\/p>\n<p>Le film retrace sa vie de com\u00e9dienne puis de peintre \u00e0 l\u2019aide d\u2019images d\u2019archives rares tout en s\u2019appuyant sur les t\u00e9moignages de ceux qui la connurent\u00a0: son mari, Jean Antoine, son amie d\u2019enfance Claudine Laroche, l\u2019\u00e9crivain Marcel Moreau, le peintre Lionel Vinche, le biographe Philippe-Edgar Detry. Et dominant le film une \u0153uvre forte d\u2019o\u00f9 la pr\u00e9monition n\u2019est pas \u00e9trang\u00e8re.<\/p>\n<p>&nbsp;<\/p>\n<p>&nbsp;<\/p>\n","protected":false},"excerpt":{"rendered":"<p>\u00ab\u00a0Evelyne Axell, la V\u00e9nus aux plastiques\u00a0\u00bb Projection suivie d&rsquo;une discussion avec Bernadette Bonnier, directrice de la Culture de la Province de Namur. Ce film a obtenu le \u00ab\u00a0Prix Sp\u00e9cial du Jury\u00a0\u00bb dans la cat\u00e9gorie Documentaires au 12\u00e8me Festival TV 2013 <a class=\"more-link\" href=\"https:\/\/www.evelyne-axell.info\/fra\/2013\/11\/03\/projection-du-film-evelyne-axell-la-venus-aux-plastiques-de-francoise-levie\/\">Lire la suite&#8230;<\/a><\/p>\n","protected":false},"author":1,"featured_media":761,"comment_status":"closed","ping_status":"closed","sticky":false,"template":"","format":"standard","meta":{"ngg_post_thumbnail":0,"_jetpack_memberships_contains_paid_content":false,"footnotes":""},"categories":[3],"tags":[],"class_list":["post-739","post","type-post","status-publish","format-standard","has-post-thumbnail","hentry","category-evenements"],"jetpack_featured_media_url":"https:\/\/i0.wp.com\/www.evelyne-axell.info\/fra\/wp-content\/uploads\/2013\/11\/Evelyne-008.jpg?fit=335%2C500&ssl=1","jetpack_sharing_enabled":true,"_links":{"self":[{"href":"https:\/\/www.evelyne-axell.info\/fra\/wp-json\/wp\/v2\/posts\/739","targetHints":{"allow":["GET"]}}],"collection":[{"href":"https:\/\/www.evelyne-axell.info\/fra\/wp-json\/wp\/v2\/posts"}],"about":[{"href":"https:\/\/www.evelyne-axell.info\/fra\/wp-json\/wp\/v2\/types\/post"}],"author":[{"embeddable":true,"href":"https:\/\/www.evelyne-axell.info\/fra\/wp-json\/wp\/v2\/users\/1"}],"replies":[{"embeddable":true,"href":"https:\/\/www.evelyne-axell.info\/fra\/wp-json\/wp\/v2\/comments?post=739"}],"version-history":[{"count":5,"href":"https:\/\/www.evelyne-axell.info\/fra\/wp-json\/wp\/v2\/posts\/739\/revisions"}],"predecessor-version":[{"id":859,"href":"https:\/\/www.evelyne-axell.info\/fra\/wp-json\/wp\/v2\/posts\/739\/revisions\/859"}],"wp:featuredmedia":[{"embeddable":true,"href":"https:\/\/www.evelyne-axell.info\/fra\/wp-json\/wp\/v2\/media\/761"}],"wp:attachment":[{"href":"https:\/\/www.evelyne-axell.info\/fra\/wp-json\/wp\/v2\/media?parent=739"}],"wp:term":[{"taxonomy":"category","embeddable":true,"href":"https:\/\/www.evelyne-axell.info\/fra\/wp-json\/wp\/v2\/categories?post=739"},{"taxonomy":"post_tag","embeddable":true,"href":"https:\/\/www.evelyne-axell.info\/fra\/wp-json\/wp\/v2\/tags?post=739"}],"curies":[{"name":"wp","href":"https:\/\/api.w.org\/{rel}","templated":true}]}}