{"id":703,"date":"2013-09-15T00:36:13","date_gmt":"2013-09-14T22:36:13","guid":{"rendered":"http:\/\/www.evelyne-axell.info\/fra\/?p=703"},"modified":"2015-08-28T13:17:36","modified_gmt":"2015-08-28T11:17:36","slug":"exposition-axell-warhol-a-bruxelles","status":"publish","type":"post","link":"https:\/\/www.evelyne-axell.info\/fra\/2013\/09\/15\/exposition-axell-warhol-a-bruxelles\/","title":{"rendered":"Exposition Axell &#8211; Warhol \u00e0 Bruxelles."},"content":{"rendered":"<h2>Axell, Warhol; un double regard sur les Sixties.<\/h2>\n<address><em>Du 20 au 29 septembre 2013.<\/em><br \/>\n<em> Cornette de Saint Cyr &#8211; Bruxelles.<\/em><\/address>\n<address><img data-recalc-dims=\"1\" loading=\"lazy\" decoding=\"async\" class=\"alignnone size-medium wp-image-750\" src=\"https:\/\/i0.wp.com\/www.evelyne-axell.info\/fra\/wp-content\/uploads\/2013\/09\/Axell-Warhol-04.jpg?resize=711%2C400&#038;ssl=1\" alt=\"Axell-Warhol 04\" width=\"711\" height=\"400\" srcset=\"https:\/\/i0.wp.com\/www.evelyne-axell.info\/fra\/wp-content\/uploads\/2013\/09\/Axell-Warhol-04.jpg?resize=711%2C400&amp;ssl=1 711w, https:\/\/i0.wp.com\/www.evelyne-axell.info\/fra\/wp-content\/uploads\/2013\/09\/Axell-Warhol-04.jpg?resize=150%2C84&amp;ssl=1 150w, https:\/\/i0.wp.com\/www.evelyne-axell.info\/fra\/wp-content\/uploads\/2013\/09\/Axell-Warhol-04.jpg?resize=1024%2C576&amp;ssl=1 1024w, https:\/\/i0.wp.com\/www.evelyne-axell.info\/fra\/wp-content\/uploads\/2013\/09\/Axell-Warhol-04.jpg?resize=300%2C168&amp;ssl=1 300w, https:\/\/i0.wp.com\/www.evelyne-axell.info\/fra\/wp-content\/uploads\/2013\/09\/Axell-Warhol-04.jpg?resize=720%2C405&amp;ssl=1 720w, https:\/\/i0.wp.com\/www.evelyne-axell.info\/fra\/wp-content\/uploads\/2013\/09\/Axell-Warhol-04.jpg?w=1920&amp;ssl=1 1920w, https:\/\/i0.wp.com\/www.evelyne-axell.info\/fra\/wp-content\/uploads\/2013\/09\/Axell-Warhol-04.jpg?w=1720&amp;ssl=1 1720w\" sizes=\"auto, (max-width: 711px) 100vw, 711px\" \/><\/address>\n<p><img data-recalc-dims=\"1\" loading=\"lazy\" decoding=\"async\" class=\"alignleft wp-image-704\" src=\"https:\/\/i0.wp.com\/www.evelyne-axell.info\/fra\/wp-content\/uploads\/2013\/09\/warhol-expo.jpg?resize=302%2C429&#038;ssl=1\" alt=\"Axell - Warhol-expo\" width=\"302\" height=\"429\" srcset=\"https:\/\/i0.wp.com\/www.evelyne-axell.info\/fra\/wp-content\/uploads\/2013\/09\/warhol-expo.jpg?w=420&amp;ssl=1 420w, https:\/\/i0.wp.com\/www.evelyne-axell.info\/fra\/wp-content\/uploads\/2013\/09\/warhol-expo.jpg?resize=105%2C150&amp;ssl=1 105w, https:\/\/i0.wp.com\/www.evelyne-axell.info\/fra\/wp-content\/uploads\/2013\/09\/warhol-expo.jpg?resize=281%2C400&amp;ssl=1 281w, https:\/\/i0.wp.com\/www.evelyne-axell.info\/fra\/wp-content\/uploads\/2013\/09\/warhol-expo.jpg?resize=300%2C425&amp;ssl=1 300w\" sizes=\"auto, (max-width: 302px) 100vw, 302px\" \/>Parfois appel\u00e9e \u00abL\u2019Amazone du Pop Art\u00bb, l\u2019artiste belge Evelyne Axell est, pour la premi\u00e8re fois, confront\u00e9e \u00e0 Andy Warhol, le \u00ab Pape du Pop Art \u00bb.<\/p>\n<p>Evelyne Axell aurait d\u00fb rencontrer Andy Warhol en 1963 lors du tournage d\u2019un documentaire consacr\u00e9 \u00e0 \u00ab l\u2019Ecole de New York \u00bb par son mari, r\u00e9alisateur \u00e0 la RTBF. La rencontre n\u2019eut finalement pas lieu, Evelyne Axell ayant \u00e9t\u00e9 retenue en Europe.<\/p>\n<p>Cinquante ans plus tard, Cornette de Saint Cyr Bruxelles se propose, en collaboration avec la Galerie Taglialatella, pr\u00e9sente \u00e0 New York, Paris et Palm Beach, de mettre en regard les deux \u0153uvres et de souligner les nombreuses affinit\u00e9s dans leur travail.<\/p>\n<p>Avec un sens consomm\u00e9 de la formule, Andy Warhol, fascin\u00e9 par le glamour d\u2019Hollywood d\u00e9clarait \u00ab I love Los Angeles. I love Hollywood. They\u2019re so beautiful. Everything\u2019s plastic, but I love plastic. I want to be plastic\u201d. En 1967, Axell s\u2019affranchissait de la traditionnelle peinture \u00e0 l\u2019huile pour explorer les mati\u00e8res plastiques, en particulier le clartex, une mati\u00e8re fabriqu\u00e9e dans une usine pr\u00e8s de Bruxelles. Avec sa Factory, Andy Warhol se cr\u00e9ait son usine \u00e0 r\u00eave, son microcosme hors du temps, sorte d\u2019atelier artistique o\u00f9 se m\u00e9langeaient les gens du monde et les voyous, les artistes et les prostitu\u00e9es. Port\u00e9e par le vent de libert\u00e9 qui souffle en mai 68, Evelyne Axell occupait le Palais des Beaux-Arts aux c\u00f4t\u00e9s de Marcel Broodthaers.<\/p>\n<p><img data-recalc-dims=\"1\" loading=\"lazy\" decoding=\"async\" class=\"alignnone size-medium wp-image-751\" src=\"https:\/\/i0.wp.com\/www.evelyne-axell.info\/fra\/wp-content\/uploads\/2013\/09\/Axell-Warhol-12.jpg?resize=711%2C400&#038;ssl=1\" alt=\"Axell-Warhol 12\" width=\"711\" height=\"400\" srcset=\"https:\/\/i0.wp.com\/www.evelyne-axell.info\/fra\/wp-content\/uploads\/2013\/09\/Axell-Warhol-12.jpg?resize=711%2C400&amp;ssl=1 711w, https:\/\/i0.wp.com\/www.evelyne-axell.info\/fra\/wp-content\/uploads\/2013\/09\/Axell-Warhol-12.jpg?resize=150%2C84&amp;ssl=1 150w, https:\/\/i0.wp.com\/www.evelyne-axell.info\/fra\/wp-content\/uploads\/2013\/09\/Axell-Warhol-12.jpg?resize=1024%2C576&amp;ssl=1 1024w, https:\/\/i0.wp.com\/www.evelyne-axell.info\/fra\/wp-content\/uploads\/2013\/09\/Axell-Warhol-12.jpg?resize=300%2C168&amp;ssl=1 300w, https:\/\/i0.wp.com\/www.evelyne-axell.info\/fra\/wp-content\/uploads\/2013\/09\/Axell-Warhol-12.jpg?resize=720%2C405&amp;ssl=1 720w, https:\/\/i0.wp.com\/www.evelyne-axell.info\/fra\/wp-content\/uploads\/2013\/09\/Axell-Warhol-12.jpg?w=1920&amp;ssl=1 1920w, https:\/\/i0.wp.com\/www.evelyne-axell.info\/fra\/wp-content\/uploads\/2013\/09\/Axell-Warhol-12.jpg?w=1720&amp;ssl=1 1720w\" sizes=\"auto, (max-width: 711px) 100vw, 711px\" \/><\/p>\n<p>Bousculant les conventions, repoussant ind\u00e9finiment les limites de la libert\u00e9, s\u2019affranchissant des codes contraignants de la soci\u00e9t\u00e9, ces deux artistes ont jet\u00e9 un regard \u00e0 la fois diff\u00e9rent et complice sur les sixties, le premier s\u2019attachant aux ic\u00f4nes de la culture populaire et commerciale des Etats-Unis, la seconde en s\u2019affirmant non plus comme un objet consentant du fantasme masculin mais comme une femme autonome, ma\u00eetresse de son d\u00e9sir et de sa sensualit\u00e9.<\/p>\n<p><img data-recalc-dims=\"1\" loading=\"lazy\" decoding=\"async\" class=\"alignnone size-medium wp-image-752\" src=\"https:\/\/i0.wp.com\/www.evelyne-axell.info\/fra\/wp-content\/uploads\/2013\/09\/Axell-Warhol-16.jpg?resize=711%2C400&#038;ssl=1\" alt=\"Axell-Warhol 16\" width=\"711\" height=\"400\" srcset=\"https:\/\/i0.wp.com\/www.evelyne-axell.info\/fra\/wp-content\/uploads\/2013\/09\/Axell-Warhol-16.jpg?resize=711%2C400&amp;ssl=1 711w, https:\/\/i0.wp.com\/www.evelyne-axell.info\/fra\/wp-content\/uploads\/2013\/09\/Axell-Warhol-16.jpg?resize=150%2C84&amp;ssl=1 150w, https:\/\/i0.wp.com\/www.evelyne-axell.info\/fra\/wp-content\/uploads\/2013\/09\/Axell-Warhol-16.jpg?resize=1024%2C576&amp;ssl=1 1024w, https:\/\/i0.wp.com\/www.evelyne-axell.info\/fra\/wp-content\/uploads\/2013\/09\/Axell-Warhol-16.jpg?resize=300%2C168&amp;ssl=1 300w, https:\/\/i0.wp.com\/www.evelyne-axell.info\/fra\/wp-content\/uploads\/2013\/09\/Axell-Warhol-16.jpg?resize=720%2C405&amp;ssl=1 720w, https:\/\/i0.wp.com\/www.evelyne-axell.info\/fra\/wp-content\/uploads\/2013\/09\/Axell-Warhol-16.jpg?w=1920&amp;ssl=1 1920w, https:\/\/i0.wp.com\/www.evelyne-axell.info\/fra\/wp-content\/uploads\/2013\/09\/Axell-Warhol-16.jpg?w=1720&amp;ssl=1 1720w\" sizes=\"auto, (max-width: 711px) 100vw, 711px\" \/><\/p>\n<p>Des \u0153uvres embl\u00e9matiques seront rassembl\u00e9es dans cette exposition. Les Flowers, Mao, Campbell Soup et autres pin-ups et c\u00e9l\u00e9brit\u00e9s hollywoodiennes captur\u00e9es dans les s\u00e9rigraphies de Warhol ont \u00e9t\u00e9 convoqu\u00e9s pour l\u2019occasion. Du c\u00f4t\u00e9 d\u2019Evelyne Axell, on verra notamment certaines \u0153uvres majeures, pr\u00eat\u00e9es par des collectionneurs priv\u00e9s, qui constituent autant de jalons de sa courte mais fulgurante carri\u00e8re artistique.<\/p>\n<p><img data-recalc-dims=\"1\" loading=\"lazy\" decoding=\"async\" class=\"alignnone size-medium wp-image-756\" src=\"https:\/\/i0.wp.com\/www.evelyne-axell.info\/fra\/wp-content\/uploads\/2013\/09\/Web-AxellWarhol-007.jpg?resize=860%2C282&#038;ssl=1\" alt=\"AxellWarhol 007\" width=\"860\" height=\"282\" srcset=\"https:\/\/i0.wp.com\/www.evelyne-axell.info\/fra\/wp-content\/uploads\/2013\/09\/Web-AxellWarhol-007.jpg?resize=900%2C295&amp;ssl=1 900w, https:\/\/i0.wp.com\/www.evelyne-axell.info\/fra\/wp-content\/uploads\/2013\/09\/Web-AxellWarhol-007.jpg?resize=150%2C49&amp;ssl=1 150w, https:\/\/i0.wp.com\/www.evelyne-axell.info\/fra\/wp-content\/uploads\/2013\/09\/Web-AxellWarhol-007.jpg?resize=1024%2C336&amp;ssl=1 1024w, https:\/\/i0.wp.com\/www.evelyne-axell.info\/fra\/wp-content\/uploads\/2013\/09\/Web-AxellWarhol-007.jpg?resize=300%2C98&amp;ssl=1 300w, https:\/\/i0.wp.com\/www.evelyne-axell.info\/fra\/wp-content\/uploads\/2013\/09\/Web-AxellWarhol-007.jpg?resize=720%2C236&amp;ssl=1 720w, https:\/\/i0.wp.com\/www.evelyne-axell.info\/fra\/wp-content\/uploads\/2013\/09\/Web-AxellWarhol-007.jpg?w=1720&amp;ssl=1 1720w, https:\/\/i0.wp.com\/www.evelyne-axell.info\/fra\/wp-content\/uploads\/2013\/09\/Web-AxellWarhol-007.jpg?w=2580&amp;ssl=1 2580w\" sizes=\"auto, (max-width: 860px) 100vw, 860px\" \/><\/p>\n<p>Commissaire d&rsquo;exposition: Sabine Mund<\/p>\n<p><em>Cornette de Saint Cyr \u2013 Bruxelles<\/em><br \/>\n<em> Chauss\u00e9e de Charleroi, 89<\/em><br \/>\n<em> 1060 Bruxelles<\/em><br \/>\n<em> T\u00e9l.: + 32 (0)2 880 73 80<\/em><br \/>\n<em> Mail: bruxelles@cornette-saintcyr.com<\/em><br \/>\n<em> Web: <a href=\"http:\/\/www.cornette-saintcyr.be\" target=\"_blank\">www.cornette-saintcyr.be<\/a><\/em><\/p>\n","protected":false},"excerpt":{"rendered":"<p>Axell, Warhol; un double regard sur les Sixties. Du 20 au 29 septembre 2013. Cornette de Saint Cyr &#8211; Bruxelles. Parfois appel\u00e9e \u00abL\u2019Amazone du Pop Art\u00bb, l\u2019artiste belge Evelyne Axell est, pour la premi\u00e8re fois, confront\u00e9e \u00e0 Andy Warhol, le <a class=\"more-link\" href=\"https:\/\/www.evelyne-axell.info\/fra\/2013\/09\/15\/exposition-axell-warhol-a-bruxelles\/\">Lire la suite&#8230;<\/a><\/p>\n","protected":false},"author":1,"featured_media":763,"comment_status":"closed","ping_status":"closed","sticky":false,"template":"","format":"standard","meta":{"ngg_post_thumbnail":0,"_jetpack_memberships_contains_paid_content":false,"footnotes":""},"categories":[4],"tags":[],"class_list":["post-703","post","type-post","status-publish","format-standard","has-post-thumbnail","hentry","category-expo"],"jetpack_featured_media_url":"https:\/\/i0.wp.com\/www.evelyne-axell.info\/fra\/wp-content\/uploads\/2013\/09\/S001.jpg?fit=800%2C333&ssl=1","jetpack_sharing_enabled":true,"_links":{"self":[{"href":"https:\/\/www.evelyne-axell.info\/fra\/wp-json\/wp\/v2\/posts\/703","targetHints":{"allow":["GET"]}}],"collection":[{"href":"https:\/\/www.evelyne-axell.info\/fra\/wp-json\/wp\/v2\/posts"}],"about":[{"href":"https:\/\/www.evelyne-axell.info\/fra\/wp-json\/wp\/v2\/types\/post"}],"author":[{"embeddable":true,"href":"https:\/\/www.evelyne-axell.info\/fra\/wp-json\/wp\/v2\/users\/1"}],"replies":[{"embeddable":true,"href":"https:\/\/www.evelyne-axell.info\/fra\/wp-json\/wp\/v2\/comments?post=703"}],"version-history":[{"count":17,"href":"https:\/\/www.evelyne-axell.info\/fra\/wp-json\/wp\/v2\/posts\/703\/revisions"}],"predecessor-version":[{"id":903,"href":"https:\/\/www.evelyne-axell.info\/fra\/wp-json\/wp\/v2\/posts\/703\/revisions\/903"}],"wp:featuredmedia":[{"embeddable":true,"href":"https:\/\/www.evelyne-axell.info\/fra\/wp-json\/wp\/v2\/media\/763"}],"wp:attachment":[{"href":"https:\/\/www.evelyne-axell.info\/fra\/wp-json\/wp\/v2\/media?parent=703"}],"wp:term":[{"taxonomy":"category","embeddable":true,"href":"https:\/\/www.evelyne-axell.info\/fra\/wp-json\/wp\/v2\/categories?post=703"},{"taxonomy":"post_tag","embeddable":true,"href":"https:\/\/www.evelyne-axell.info\/fra\/wp-json\/wp\/v2\/tags?post=703"}],"curies":[{"name":"wp","href":"https:\/\/api.w.org\/{rel}","templated":true}]}}