{"id":69,"date":"2009-09-11T19:01:19","date_gmt":"2009-09-11T17:01:19","guid":{"rendered":"http:\/\/www.evelyne-axell.com\/blog1\/?p=69"},"modified":"2015-08-03T19:29:50","modified_gmt":"2015-08-03T17:29:50","slug":"vernissage-de-lexposition-evelyne-axell-a-la-chataigneraie-centre-wallon-dart-contemporain","status":"publish","type":"post","link":"https:\/\/www.evelyne-axell.info\/fra\/2009\/09\/11\/vernissage-de-lexposition-evelyne-axell-a-la-chataigneraie-centre-wallon-dart-contemporain\/","title":{"rendered":"Vernissage de l&rsquo;exposition Evelyne Axell \u00e0 La Ch\u00e2taigneraie (Centre Wallon d&rsquo;Art Contemporain)"},"content":{"rendered":"<div id=\"attachment_65\" style=\"width: 241px\" class=\"wp-caption alignleft\"><img data-recalc-dims=\"1\" loading=\"lazy\" decoding=\"async\" aria-describedby=\"caption-attachment-65\" class=\"size-medium wp-image-65 \" title=\"Justine Mathonet et Marie-H\u00e9l\u00e8ne Joiret\" src=\"https:\/\/i0.wp.com\/www.evelyne-axell.com\/blog1\/wp-content\/uploads\/2009\/09\/Salle-05-231x300.jpg?resize=231%2C300\" alt=\"Ice Cream 1\" width=\"231\" height=\"300\" srcset=\"https:\/\/i0.wp.com\/www.evelyne-axell.info\/fra\/wp-content\/uploads\/2009\/09\/Salle-05.jpg?resize=231%2C300&amp;ssl=1 231w, https:\/\/i0.wp.com\/www.evelyne-axell.info\/fra\/wp-content\/uploads\/2009\/09\/Salle-05.jpg?resize=791%2C1024&amp;ssl=1 791w, https:\/\/i0.wp.com\/www.evelyne-axell.info\/fra\/wp-content\/uploads\/2009\/09\/Salle-05.jpg?resize=300%2C388&amp;ssl=1 300w, https:\/\/i0.wp.com\/www.evelyne-axell.info\/fra\/wp-content\/uploads\/2009\/09\/Salle-05.jpg?resize=720%2C931&amp;ssl=1 720w, https:\/\/i0.wp.com\/www.evelyne-axell.info\/fra\/wp-content\/uploads\/2009\/09\/Salle-05.jpg?w=1720&amp;ssl=1 1720w\" sizes=\"auto, (max-width: 231px) 100vw, 231px\" \/><p id=\"caption-attachment-65\" class=\"wp-caption-text\">Ice Cream 1<\/p><\/div>\n<p><em>\u00a0<\/em><em>Texte de Marie-H\u00e9l\u00e8ne Joiret<\/em><em>\u00a0<\/em><\/p>\n<p class=\"mceTemp\" style=\"text-align: left;\">Evelyne Axell, un nom trop m\u00e9connu en Wallonie et pourtant une figure marquante du Pop Art. Une artiste, une femme amoureuse de la libert\u00e9 qu&rsquo;elle d\u00e9clinera de diverses mani\u00e8res au travers de la peinture mais aussi via le cin\u00e9ma. Le destin de cette jeune femme extraordinairement belle s&rsquo;ach\u00e8vera tragiquement \u00e0 l&rsquo;\u00e2ge de 37 ans en 1972.<\/p>\n<p class=\"mceTemp\" style=\"text-align: left;\"><img data-recalc-dims=\"1\" loading=\"lazy\" decoding=\"async\" class=\"size-medium wp-image-68 alignnone\" title=\"Vernissage Flemalle 2009\" src=\"https:\/\/i0.wp.com\/www.evelyne-axell.com\/blog1\/wp-content\/uploads\/2009\/09\/Salle-08-300x162.jpg?resize=300%2C162\" alt=\"Salle 08\" width=\"300\" height=\"162\" \/><\/p>\n<p class=\"mceTemp\" style=\"text-align: left;\">Nous avons souhait\u00e9 lui rendre hommage par quelques oeuvres, trop peu nombreuses \u00e0 notre go\u00fbt.<\/p>\n<p><img data-recalc-dims=\"1\" loading=\"lazy\" decoding=\"async\" class=\"size-medium wp-image-67   \" title=\"Championne droite et Le beau chassis\" src=\"https:\/\/i0.wp.com\/www.evelyne-axell.com\/blog1\/wp-content\/uploads\/2009\/09\/Salle-07-300x153.jpg?resize=300%2C153\" alt=\"Championne droite et Le beau chassis\" width=\"300\" height=\"153\" \/><\/p>\n<p style=\"text-align: left;\">Fernand Flausch et Alain Denis n&rsquo;ont pas rencontr\u00e9 Evelyne Axell. Cela rend encore plus fascinant le \u00ab\u00a0cousinage\u00a0\u00bb qui existe entre les Tarzans de Fernand Flausch et ceux d&rsquo;Evelyne Axell ou entre les fleurs et paysages exotiques d&rsquo;Alain Denis et ceux d&rsquo;Evelyne Axell.<\/p>\n<p><img data-recalc-dims=\"1\" loading=\"lazy\" decoding=\"async\" class=\"alignleft size-medium wp-image-60\" title=\"Salle 01\" src=\"https:\/\/i0.wp.com\/www.evelyne-axell.com\/blog1\/wp-content\/uploads\/2009\/09\/Salle-01-300x200.jpg?resize=300%2C200\" alt=\"Salle 01\" width=\"300\" height=\"200\" srcset=\"https:\/\/i0.wp.com\/www.evelyne-axell.info\/fra\/wp-content\/uploads\/2009\/09\/Salle-01.jpg?resize=300%2C200&amp;ssl=1 300w, https:\/\/i0.wp.com\/www.evelyne-axell.info\/fra\/wp-content\/uploads\/2009\/09\/Salle-01.jpg?resize=720%2C480&amp;ssl=1 720w, https:\/\/i0.wp.com\/www.evelyne-axell.info\/fra\/wp-content\/uploads\/2009\/09\/Salle-01.jpg?w=1024&amp;ssl=1 1024w\" sizes=\"auto, (max-width: 300px) 100vw, 300px\" \/><\/p>\n<p style=\"text-align: left;\">Si le jeu de la mode, \u00e9ternelle red\u00e9couverte, remet \u00e0 l&rsquo;honneur les ann\u00e9es 60, le formica, les couleurs \u00ab\u00a0flash\u00a0\u00bb, Jim Morrisson et Andy Warhol, il est important de rappeler le contexte social et politique dans lequel le Pop art puise ses racines. Le travail de ces trois artistes et singuli\u00e8rement celui d&rsquo;Evelyne Axell en t\u00e9moigne.<\/p>\n<p style=\"text-align: center;\">\u00a0<img data-recalc-dims=\"1\" loading=\"lazy\" decoding=\"async\" class=\"aligncenter size-medium wp-image-62\" title=\"Fernand Flausch, Marie-H\u00e9l\u00e8ne Joiret, Philippe Antoine et Alain Denis\" src=\"https:\/\/i0.wp.com\/www.evelyne-axell.com\/blog1\/wp-content\/uploads\/2009\/09\/Salle-03-300x200.jpg?resize=300%2C200\" alt=\"Marie-H\u00e9l\u00e8ne Joiret et Philippe Antoine\" width=\"300\" height=\"200\" srcset=\"https:\/\/i0.wp.com\/www.evelyne-axell.info\/fra\/wp-content\/uploads\/2009\/09\/Salle-03.jpg?resize=300%2C200&amp;ssl=1 300w, https:\/\/i0.wp.com\/www.evelyne-axell.info\/fra\/wp-content\/uploads\/2009\/09\/Salle-03.jpg?resize=1024%2C682&amp;ssl=1 1024w, https:\/\/i0.wp.com\/www.evelyne-axell.info\/fra\/wp-content\/uploads\/2009\/09\/Salle-03.jpg?resize=720%2C480&amp;ssl=1 720w, https:\/\/i0.wp.com\/www.evelyne-axell.info\/fra\/wp-content\/uploads\/2009\/09\/Salle-03.jpg?w=1720&amp;ssl=1 1720w, https:\/\/i0.wp.com\/www.evelyne-axell.info\/fra\/wp-content\/uploads\/2009\/09\/Salle-03.jpg?w=2580&amp;ssl=1 2580w\" sizes=\"auto, (max-width: 300px) 100vw, 300px\" \/><\/p>\n","protected":false},"excerpt":{"rendered":"<p>\u00a0Texte de Marie-H\u00e9l\u00e8ne Joiret\u00a0 Evelyne Axell, un nom trop m\u00e9connu en Wallonie et pourtant une figure marquante du Pop Art. Une artiste, une femme amoureuse de la libert\u00e9 qu&rsquo;elle d\u00e9clinera de diverses mani\u00e8res au travers de la peinture mais aussi <a class=\"more-link\" href=\"https:\/\/www.evelyne-axell.info\/fra\/2009\/09\/11\/vernissage-de-lexposition-evelyne-axell-a-la-chataigneraie-centre-wallon-dart-contemporain\/\">Lire la suite&#8230;<\/a><\/p>\n","protected":false},"author":1,"featured_media":686,"comment_status":"closed","ping_status":"closed","sticky":false,"template":"","format":"standard","meta":{"ngg_post_thumbnail":0,"_jetpack_memberships_contains_paid_content":false,"footnotes":""},"categories":[3,4],"tags":[],"class_list":["post-69","post","type-post","status-publish","format-standard","has-post-thumbnail","hentry","category-evenements","category-expo"],"jetpack_featured_media_url":"https:\/\/i0.wp.com\/www.evelyne-axell.info\/fra\/wp-content\/uploads\/2009\/09\/Chassis-11.jpg?fit=1024%2C683&ssl=1","jetpack_sharing_enabled":true,"_links":{"self":[{"href":"https:\/\/www.evelyne-axell.info\/fra\/wp-json\/wp\/v2\/posts\/69","targetHints":{"allow":["GET"]}}],"collection":[{"href":"https:\/\/www.evelyne-axell.info\/fra\/wp-json\/wp\/v2\/posts"}],"about":[{"href":"https:\/\/www.evelyne-axell.info\/fra\/wp-json\/wp\/v2\/types\/post"}],"author":[{"embeddable":true,"href":"https:\/\/www.evelyne-axell.info\/fra\/wp-json\/wp\/v2\/users\/1"}],"replies":[{"embeddable":true,"href":"https:\/\/www.evelyne-axell.info\/fra\/wp-json\/wp\/v2\/comments?post=69"}],"version-history":[{"count":4,"href":"https:\/\/www.evelyne-axell.info\/fra\/wp-json\/wp\/v2\/posts\/69\/revisions"}],"predecessor-version":[{"id":885,"href":"https:\/\/www.evelyne-axell.info\/fra\/wp-json\/wp\/v2\/posts\/69\/revisions\/885"}],"wp:featuredmedia":[{"embeddable":true,"href":"https:\/\/www.evelyne-axell.info\/fra\/wp-json\/wp\/v2\/media\/686"}],"wp:attachment":[{"href":"https:\/\/www.evelyne-axell.info\/fra\/wp-json\/wp\/v2\/media?parent=69"}],"wp:term":[{"taxonomy":"category","embeddable":true,"href":"https:\/\/www.evelyne-axell.info\/fra\/wp-json\/wp\/v2\/categories?post=69"},{"taxonomy":"post_tag","embeddable":true,"href":"https:\/\/www.evelyne-axell.info\/fra\/wp-json\/wp\/v2\/tags?post=69"}],"curies":[{"name":"wp","href":"https:\/\/api.w.org\/{rel}","templated":true}]}}