{"id":521,"date":"2012-12-21T14:27:42","date_gmt":"2012-12-21T13:27:42","guid":{"rendered":"http:\/\/02b4752.netsolhost.com\/blog1\/?p=521"},"modified":"2015-08-03T19:04:25","modified_gmt":"2015-08-03T17:04:25","slug":"avant-premiere-du-film-evelyne-axell-la-venus-aux-plastiques-de-francoise-levie","status":"publish","type":"post","link":"https:\/\/www.evelyne-axell.info\/fra\/2012\/12\/21\/avant-premiere-du-film-evelyne-axell-la-venus-aux-plastiques-de-francoise-levie\/","title":{"rendered":"Avant-premi\u00e8re du film &quot;Evelyne Axell, la V\u00e9nus aux plastiques&quot; de Fran\u00e7oise Levie."},"content":{"rendered":"<h2 style=\"color: #fff;\"><span style=\"color: #000000;\">\u00ab\u00a0Evelyne Axell, la V\u00e9nus aux plastiques\u00a0\u00bb<br \/>\nUn film documentaire de 73 minutes r\u00e9alis\u00e9 par Fran\u00e7oise Levie.<\/span><\/h2>\n<p><img data-recalc-dims=\"1\" loading=\"lazy\" decoding=\"async\" class=\"alignnone size-full wp-image-560\" src=\"https:\/\/i0.wp.com\/www.evelyne-axell.info\/fra\/wp-content\/uploads\/2012\/12\/Invitation-Avant-premi%C3%A8re001.jpg?resize=600%2C300&#038;ssl=1\" alt=\"Invitation Avant premi\u00e8re\" width=\"600\" height=\"300\" srcset=\"https:\/\/i0.wp.com\/www.evelyne-axell.info\/fra\/wp-content\/uploads\/2012\/12\/Invitation-Avant-premi%C3%A8re001.jpg?w=600&amp;ssl=1 600w, https:\/\/i0.wp.com\/www.evelyne-axell.info\/fra\/wp-content\/uploads\/2012\/12\/Invitation-Avant-premi%C3%A8re001.jpg?resize=150%2C75&amp;ssl=1 150w, https:\/\/i0.wp.com\/www.evelyne-axell.info\/fra\/wp-content\/uploads\/2012\/12\/Invitation-Avant-premi%C3%A8re001.jpg?resize=300%2C150&amp;ssl=1 300w\" sizes=\"auto, (max-width: 600px) 100vw, 600px\" \/><\/p>\n<h3 style=\"color: #fff;\"><span style=\"color: #000000;\">Vendredi 11.01.2013 \u00e0 20h<\/span><\/h3>\n<h4><span style=\"color: #000000;\">Palais des Beaux-Arts \/ Studio<\/span><\/h4>\n<p><strong>Evelyne Axell <\/strong>(1935-1972) est une artiste belge dont l\u2019\u0153uvre est aujourd\u2019hui reconnue internationalement apr\u00e8s trente ans d\u2019oubli. Elle fut une des rares \u00e9l\u00e8ves de Magritte. Une femme dont la vie, la beaut\u00e9 et l\u2019expression furent inextricablement li\u00e9es. F\u00e9ministe, provocatrice, profond\u00e9ment libre. Ainsi, c\u2019est la premi\u00e8re femme dans l\u2019histoire de l\u2019art qui se peint nue, qui montre son d\u00e9sir sur la toile. Apparent\u00e9e au mouvement Pop Art, elle abandonne tr\u00e8s vite la peinture \u00e0 l\u2019huile pour les mat\u00e9riaux de son \u00e9poque\u00a0: plexiglas, formica, perspex opalin, fourrure synth\u00e9tique, \u00e9mail pour voiture.<\/p>\n<p>Sa mort brutale en 1972 interrompt une carri\u00e8re br\u00e8ve mais intense de 7 ans.<\/p>\n<p>Le film retrace sa vie de com\u00e9dienne puis de peintre \u00e0 l\u2019aide d\u2019images d\u2019archives rares tout en s\u2019appuyant sur les t\u00e9moignages de ceux qui la connurent\u00a0: son mari, Jean Antoine, son amie d\u2019enfance Claudine Laroche, l\u2019\u00e9crivain Marcel Moreau, le peintre Lionel Vinche, le biographe Philippe-Edgar Detry. Et dominant le film une \u0153uvre forte d\u2019o\u00f9 la pr\u00e9monition n\u2019est pas \u00e9trang\u00e8re.<\/p>\n<p>Palais des Beaux-Arts<br \/>\nRue Ravenstein 23<br \/>\n1000 Bruxelles<br \/>\nInfo &amp; Tickets 02 507 82 00<\/p>\n<p><a href=\"http:\/\/www.bozar.be\/activity.php?id=13029&amp;selectiondate=2012-12-14\" target=\"_blank\">Pour plus d&rsquo;informations.<\/a><\/p>\n","protected":false},"excerpt":{"rendered":"<p>\u00ab\u00a0Evelyne Axell, la V\u00e9nus aux plastiques\u00a0\u00bb Un film documentaire de 73 minutes r\u00e9alis\u00e9 par Fran\u00e7oise Levie. Vendredi 11.01.2013 \u00e0 20h Palais des Beaux-Arts \/ Studio Evelyne Axell (1935-1972) est une artiste belge dont l\u2019\u0153uvre est aujourd\u2019hui reconnue internationalement apr\u00e8s trente <a class=\"more-link\" href=\"https:\/\/www.evelyne-axell.info\/fra\/2012\/12\/21\/avant-premiere-du-film-evelyne-axell-la-venus-aux-plastiques-de-francoise-levie\/\">Lire la suite&#8230;<\/a><\/p>\n","protected":false},"author":1,"featured_media":560,"comment_status":"closed","ping_status":"closed","sticky":false,"template":"","format":"standard","meta":{"ngg_post_thumbnail":0,"_jetpack_memberships_contains_paid_content":false,"footnotes":""},"categories":[3],"tags":[],"class_list":["post-521","post","type-post","status-publish","format-standard","has-post-thumbnail","hentry","category-evenements"],"jetpack_featured_media_url":"https:\/\/i0.wp.com\/www.evelyne-axell.info\/fra\/wp-content\/uploads\/2012\/12\/Invitation-Avant-premi%C3%A8re001.jpg?fit=600%2C300&ssl=1","jetpack_sharing_enabled":true,"_links":{"self":[{"href":"https:\/\/www.evelyne-axell.info\/fra\/wp-json\/wp\/v2\/posts\/521","targetHints":{"allow":["GET"]}}],"collection":[{"href":"https:\/\/www.evelyne-axell.info\/fra\/wp-json\/wp\/v2\/posts"}],"about":[{"href":"https:\/\/www.evelyne-axell.info\/fra\/wp-json\/wp\/v2\/types\/post"}],"author":[{"embeddable":true,"href":"https:\/\/www.evelyne-axell.info\/fra\/wp-json\/wp\/v2\/users\/1"}],"replies":[{"embeddable":true,"href":"https:\/\/www.evelyne-axell.info\/fra\/wp-json\/wp\/v2\/comments?post=521"}],"version-history":[{"count":4,"href":"https:\/\/www.evelyne-axell.info\/fra\/wp-json\/wp\/v2\/posts\/521\/revisions"}],"predecessor-version":[{"id":867,"href":"https:\/\/www.evelyne-axell.info\/fra\/wp-json\/wp\/v2\/posts\/521\/revisions\/867"}],"wp:featuredmedia":[{"embeddable":true,"href":"https:\/\/www.evelyne-axell.info\/fra\/wp-json\/wp\/v2\/media\/560"}],"wp:attachment":[{"href":"https:\/\/www.evelyne-axell.info\/fra\/wp-json\/wp\/v2\/media?parent=521"}],"wp:term":[{"taxonomy":"category","embeddable":true,"href":"https:\/\/www.evelyne-axell.info\/fra\/wp-json\/wp\/v2\/categories?post=521"},{"taxonomy":"post_tag","embeddable":true,"href":"https:\/\/www.evelyne-axell.info\/fra\/wp-json\/wp\/v2\/tags?post=521"}],"curies":[{"name":"wp","href":"https:\/\/api.w.org\/{rel}","templated":true}]}}