{"id":514,"date":"2012-08-29T17:49:20","date_gmt":"2012-08-29T15:49:20","guid":{"rendered":"http:\/\/02b4752.netsolhost.com\/blog1\/?p=514"},"modified":"2015-08-03T19:05:17","modified_gmt":"2015-08-03T17:05:17","slug":"exposition-pop-art-in-europa-au-valkhof-museum-nl","status":"publish","type":"post","link":"https:\/\/www.evelyne-axell.info\/fra\/2012\/08\/29\/exposition-pop-art-in-europa-au-valkhof-museum-nl\/","title":{"rendered":"Exposition &quot;Pop Art in Europa&quot; au Valkhof Museum (NL)."},"content":{"rendered":"<h2>Quatre \u0153uvres d&rsquo;Evelyne Axell dans la premi\u00e8re exposition sur le Pop Art europ\u00e9en aux Pays Bas.<\/h2>\n<address>Du 8 septembre 2012 au 6 janvier 2013<\/address>\n<p>\u00a0<img data-recalc-dims=\"1\" loading=\"lazy\" decoding=\"async\" class=\"alignleft  wp-image-562\" src=\"https:\/\/i0.wp.com\/www.evelyne-axell.info\/fra\/wp-content\/uploads\/2012\/08\/sfolder_POPART_cover1.jpg?resize=298%2C421&#038;ssl=1\" alt=\"POPART in Europa\" width=\"298\" height=\"421\" srcset=\"https:\/\/i0.wp.com\/www.evelyne-axell.info\/fra\/wp-content\/uploads\/2012\/08\/sfolder_POPART_cover1.jpg?w=425&amp;ssl=1 425w, https:\/\/i0.wp.com\/www.evelyne-axell.info\/fra\/wp-content\/uploads\/2012\/08\/sfolder_POPART_cover1.jpg?resize=300%2C424&amp;ssl=1 300w\" sizes=\"auto, (max-width: 298px) 100vw, 298px\" \/>A partir du 8 Septembre 2012, le Mus\u00e9e Valkhof \u00e0 Nim\u00e8gue remonte vers les ann\u00e9es 60. Retour \u00e0 l&rsquo;apog\u00e9e du Pop Art. Le Pop Art europ\u00e9en, pour \u00eatre pr\u00e9cis. Plus de 100 \u0153uvres d&rsquo;art en provenance de toute l&rsquo;Europe seront pr\u00e9sent\u00e9es \u00e0 Nim\u00e8gue afin de proposer une image compl\u00e8te du mouvement Pop Art en Europe.<\/p>\n<p>Le Pop Art est une forme d&rsquo;art accessible car il est tr\u00e8s reconnaissable et compr\u00e9hensible. Il refl\u00e8te l&rsquo;esprit des ann\u00e9es soixante: passionn\u00e9, passionnant, color\u00e9, ludique et critique.<\/p>\n<p>Les ann\u00e9es soixante id\u00e9alistes ont acquis leur propre statut l\u00e9gendaire. Le temps est venu pour un large public de se familiariser avec l&rsquo;art de David Hockney, Richard Hamilton, Peter Blake, Gerhard Richter, Martial Raysse, Jean Tinguely, mais aussi de femmes comme Evelyne Axell, Niki de Saint Phalle et bien d&rsquo;autres qui\u00a0 furent les pionniers du Pop Art europ\u00e9en!<\/p>\n<address>Museum Het Valkhof<br \/>\nKelfkensbos 59<br \/>\nNL-6511 TB Nijmegen<\/address>\n<address><img data-recalc-dims=\"1\" decoding=\"async\" src=\"https:\/\/i0.wp.com\/www.museumhetvalkhof.nl\/media\/contacts\/images\/con_tel.png?w=860\" alt=\"Telefoon: \" \/> 024 360 88 05<\/address>\n<p><img data-recalc-dims=\"1\" decoding=\"async\" src=\"https:\/\/i0.wp.com\/www.museumhetvalkhof.nl\/media\/contacts\/images\/con_fax.png?w=860\" alt=\"Fax: \" \/> 024 360 86 56<br \/>\n<a href=\"http:\/\/www.museumhetvalkhof.nl\">www.museumhetvalkhof.nl<\/a><\/p>\n","protected":false},"excerpt":{"rendered":"<p>Quatre \u0153uvres d&rsquo;Evelyne Axell dans la premi\u00e8re exposition sur le Pop Art europ\u00e9en aux Pays Bas. Du 8 septembre 2012 au 6 janvier 2013 \u00a0A partir du 8 Septembre 2012, le Mus\u00e9e Valkhof \u00e0 Nim\u00e8gue remonte vers les ann\u00e9es 60. <a class=\"more-link\" href=\"https:\/\/www.evelyne-axell.info\/fra\/2012\/08\/29\/exposition-pop-art-in-europa-au-valkhof-museum-nl\/\">Lire la suite&#8230;<\/a><\/p>\n","protected":false},"author":1,"featured_media":562,"comment_status":"closed","ping_status":"closed","sticky":false,"template":"","format":"standard","meta":{"ngg_post_thumbnail":0,"_jetpack_memberships_contains_paid_content":false,"footnotes":""},"categories":[4],"tags":[],"class_list":["post-514","post","type-post","status-publish","format-standard","has-post-thumbnail","hentry","category-expo"],"jetpack_featured_media_url":"https:\/\/i0.wp.com\/www.evelyne-axell.info\/fra\/wp-content\/uploads\/2012\/08\/sfolder_POPART_cover1.jpg?fit=425%2C602&ssl=1","jetpack_sharing_enabled":true,"_links":{"self":[{"href":"https:\/\/www.evelyne-axell.info\/fra\/wp-json\/wp\/v2\/posts\/514","targetHints":{"allow":["GET"]}}],"collection":[{"href":"https:\/\/www.evelyne-axell.info\/fra\/wp-json\/wp\/v2\/posts"}],"about":[{"href":"https:\/\/www.evelyne-axell.info\/fra\/wp-json\/wp\/v2\/types\/post"}],"author":[{"embeddable":true,"href":"https:\/\/www.evelyne-axell.info\/fra\/wp-json\/wp\/v2\/users\/1"}],"replies":[{"embeddable":true,"href":"https:\/\/www.evelyne-axell.info\/fra\/wp-json\/wp\/v2\/comments?post=514"}],"version-history":[{"count":4,"href":"https:\/\/www.evelyne-axell.info\/fra\/wp-json\/wp\/v2\/posts\/514\/revisions"}],"predecessor-version":[{"id":868,"href":"https:\/\/www.evelyne-axell.info\/fra\/wp-json\/wp\/v2\/posts\/514\/revisions\/868"}],"wp:featuredmedia":[{"embeddable":true,"href":"https:\/\/www.evelyne-axell.info\/fra\/wp-json\/wp\/v2\/media\/562"}],"wp:attachment":[{"href":"https:\/\/www.evelyne-axell.info\/fra\/wp-json\/wp\/v2\/media?parent=514"}],"wp:term":[{"taxonomy":"category","embeddable":true,"href":"https:\/\/www.evelyne-axell.info\/fra\/wp-json\/wp\/v2\/categories?post=514"},{"taxonomy":"post_tag","embeddable":true,"href":"https:\/\/www.evelyne-axell.info\/fra\/wp-json\/wp\/v2\/tags?post=514"}],"curies":[{"name":"wp","href":"https:\/\/api.w.org\/{rel}","templated":true}]}}