{"id":507,"date":"2012-07-22T19:21:11","date_gmt":"2012-07-22T17:21:11","guid":{"rendered":"http:\/\/02b4752.netsolhost.com\/blog1\/?p=507"},"modified":"2015-08-03T19:06:01","modified_gmt":"2015-08-03T17:06:01","slug":"un-axell-expose-au-palais-royal-de-bruxelles","status":"publish","type":"post","link":"https:\/\/www.evelyne-axell.info\/fra\/2012\/07\/22\/un-axell-expose-au-palais-royal-de-bruxelles\/","title":{"rendered":"Un Axell expos\u00e9 au Palais Royal de Bruxelles."},"content":{"rendered":"<h2>L\u2019\u0153uvre \u00ab\u00a0L&rsquo;entretien\u00a0\u00bb (1966) d&rsquo;Evelyne Axell ouvre l&rsquo;exposition \u00ab\u00a0Face to Face\u00a0\u00bb au Palais Royal.<\/h2>\n<address>Du 24 juillet au 9 septembre 2012, de 10h30 \u00e0 16h30<\/address>\n<div id=\"attachment_508\" style=\"width: 305px\" class=\"wp-caption alignleft\"><img data-recalc-dims=\"1\" loading=\"lazy\" decoding=\"async\" aria-describedby=\"caption-attachment-508\" class=\" wp-image-508   \" title=\"Vernissage Palais Royal 1\" src=\"https:\/\/i0.wp.com\/www.evelyne-axell.info\/fra\/wp-content\/uploads\/2012\/07\/Vernissage-Palais-Royal-1.jpg?resize=295%2C393&#038;ssl=1\" alt=\"Exposition &quot;Face to face&quot; au Palais Royal\" width=\"295\" height=\"393\" \/><p id=\"caption-attachment-508\" class=\"wp-caption-text\">Exposition \u00ab\u00a0Face to face\u00a0\u00bb au Palais Royal<\/p><\/div>\n<p>Le <strong>Mus\u00e9e royal de l&rsquo;Afrique centrale<\/strong>, en collaboration avec les <strong>Mus\u00e9es royaux d&rsquo;Art et d&rsquo;Histoire<\/strong> et les <strong>Mus\u00e9es royaux des Beaux-Arts<\/strong>, participent \u00e0 nouveau \u00e0 l&rsquo;exposition estivale au Palais royal. L&rsquo;exposition <em><strong>Face to Face<\/strong><\/em> pr\u00e9sente des masques et visages issus de divers continents et choisis pour leur qualit\u00e9 esth\u00e9tique. Ils nous invitent \u00e9galement \u00e0 faire connaissance avec d&rsquo;autres cultures. Pour introduire le visiteur \u00e0 cette exposition insolite c&rsquo;est une \u0153uvre d&rsquo;art moderne, \u00ab\u00a0L&rsquo;entretien\u00a0\u00bb (1966) de l&rsquo;artiste namuroise Evelyne Axell, qui a \u00e9t\u00e9 choisie par les organisateurs. Cette \u0153uvre fait partie des collections des<strong> Mus\u00e9es royaux des Beaux-Arts.<\/strong><\/p>\n<p>Palais Royal,<br \/>\nPlace des Palais,<br \/>\n1000 Bruxelles.<br \/>\nEntr\u00e9e gratuite<\/p>\n<address>Photo: Serge Lemaitre<strong><br \/>\n<\/strong><\/address>\n<p><strong><br \/>\n<\/strong><\/p>\n","protected":false},"excerpt":{"rendered":"<p>L\u2019\u0153uvre \u00ab\u00a0L&rsquo;entretien\u00a0\u00bb (1966) d&rsquo;Evelyne Axell ouvre l&rsquo;exposition \u00ab\u00a0Face to Face\u00a0\u00bb au Palais Royal. Du 24 juillet au 9 septembre 2012, de 10h30 \u00e0 16h30 Le Mus\u00e9e royal de l&rsquo;Afrique centrale, en collaboration avec les Mus\u00e9es royaux d&rsquo;Art et d&rsquo;Histoire et <a class=\"more-link\" href=\"https:\/\/www.evelyne-axell.info\/fra\/2012\/07\/22\/un-axell-expose-au-palais-royal-de-bruxelles\/\">Lire la suite&#8230;<\/a><\/p>\n","protected":false},"author":1,"featured_media":568,"comment_status":"closed","ping_status":"closed","sticky":false,"template":"","format":"standard","meta":{"ngg_post_thumbnail":0,"_jetpack_memberships_contains_paid_content":false,"footnotes":""},"categories":[3,4],"tags":[],"class_list":["post-507","post","type-post","status-publish","format-standard","has-post-thumbnail","hentry","category-evenements","category-expo"],"jetpack_featured_media_url":"https:\/\/i0.wp.com\/www.evelyne-axell.info\/fra\/wp-content\/uploads\/2012\/07\/Vernissage-Palais-Royal-11.jpg?fit=1536%2C2048&ssl=1","jetpack_sharing_enabled":true,"_links":{"self":[{"href":"https:\/\/www.evelyne-axell.info\/fra\/wp-json\/wp\/v2\/posts\/507","targetHints":{"allow":["GET"]}}],"collection":[{"href":"https:\/\/www.evelyne-axell.info\/fra\/wp-json\/wp\/v2\/posts"}],"about":[{"href":"https:\/\/www.evelyne-axell.info\/fra\/wp-json\/wp\/v2\/types\/post"}],"author":[{"embeddable":true,"href":"https:\/\/www.evelyne-axell.info\/fra\/wp-json\/wp\/v2\/users\/1"}],"replies":[{"embeddable":true,"href":"https:\/\/www.evelyne-axell.info\/fra\/wp-json\/wp\/v2\/comments?post=507"}],"version-history":[{"count":5,"href":"https:\/\/www.evelyne-axell.info\/fra\/wp-json\/wp\/v2\/posts\/507\/revisions"}],"predecessor-version":[{"id":869,"href":"https:\/\/www.evelyne-axell.info\/fra\/wp-json\/wp\/v2\/posts\/507\/revisions\/869"}],"wp:featuredmedia":[{"embeddable":true,"href":"https:\/\/www.evelyne-axell.info\/fra\/wp-json\/wp\/v2\/media\/568"}],"wp:attachment":[{"href":"https:\/\/www.evelyne-axell.info\/fra\/wp-json\/wp\/v2\/media?parent=507"}],"wp:term":[{"taxonomy":"category","embeddable":true,"href":"https:\/\/www.evelyne-axell.info\/fra\/wp-json\/wp\/v2\/categories?post=507"},{"taxonomy":"post_tag","embeddable":true,"href":"https:\/\/www.evelyne-axell.info\/fra\/wp-json\/wp\/v2\/tags?post=507"}],"curies":[{"name":"wp","href":"https:\/\/api.w.org\/{rel}","templated":true}]}}