{"id":430,"date":"2011-08-01T13:28:59","date_gmt":"2011-08-01T11:28:59","guid":{"rendered":"http:\/\/www.evelyne-axell.com\/blog1\/?p=430"},"modified":"2015-08-03T19:07:31","modified_gmt":"2015-08-03T17:07:31","slug":"article-dans-la-libre-essentielle","status":"publish","type":"post","link":"https:\/\/www.evelyne-axell.info\/fra\/2011\/08\/01\/article-dans-la-libre-essentielle\/","title":{"rendered":"Article de Roger Pierre Turine dans La Libre Essentielle."},"content":{"rendered":"<h2>Evelyne Axell \u00e9g\u00e9rie universelle.<\/h2>\n<p><strong>L\u2019\u00e9tonnant Museum Abteiberg de M\u00f6nchengladbach r\u00e9serve \u00e0 l\u2019Amazone du Pop Art une messe rayonnante. 75 pi\u00e8ces essentielles. Les vibrations d\u2019une artiste morte la fleur au fusil.<\/strong><\/p>\n<div id=\"attachment_431\" style=\"width: 310px\" class=\"wp-caption alignleft\"><img data-recalc-dims=\"1\" loading=\"lazy\" decoding=\"async\" aria-describedby=\"caption-attachment-431\" class=\"size-medium wp-image-431\" title=\"Museum Abteiberg 01\" src=\"https:\/\/i0.wp.com\/www.evelyne-axell.info\/fra\/wp-content\/uploads\/2011\/08\/ver18.jpg?resize=300%2C200&#038;ssl=1\" alt=\"Salle des transparences\" width=\"300\" height=\"200\" \/><p id=\"caption-attachment-431\" class=\"wp-caption-text\">Salle des transparences<\/p><\/div>\n<p><strong>Extraits:<\/strong><\/p>\n<p align=\"justify\">Jamais nous ne l\u2019avions vue \u00e0 pareille f\u00eate ! A pareille mise en espace, jubilante, de son si bref voyage au long cours d\u2019un art en prise directe et subtile sur son temps. D\u2019o\u00f9 son actualit\u00e9 quarante ans apr\u00e8s. Et son universalit\u00e9. Laquelle se confirme de jour en jour, Vienne, New York, Bruxelles et l\u2019Allemagne enti\u00e8re la saluant de plus belle.<\/p>\n<p align=\"justify\">Evelyne Axell (1935-1972) pressentait-elle un destin arrim\u00e9 \u00e0 une route bord\u00e9e d\u2019emb\u00fbches ? A plusieurs reprises elle s\u2019est d\u00e9peinte le pied sur un acc\u00e9l\u00e9rateur enfonc\u00e9 \u00e0 bloc. Elle a peint, avec humour, vitesse et fr\u00e9n\u00e9sie, engagement et lib\u00e9ration des tabous. En forcen\u00e9e convaincue d\u2019avoir \u00e0 taper sur le clou, f\u00fbt-ce, comme elle l\u2019a fait, en se mettant en sc\u00e8ne elle-m\u00eame et \u00e0 nu. Et tout cela \u00e0 une \u00e9poque, les Sixties, certes en veine de contestation \u00e9tudiante mais encore enfouie dans les principes, les pr\u00e9ceptes, les interdits et les frilosit\u00e9s d\u2019un monde catho et bourgeois asservi aux bonnes pens\u00e9es, aux lois canoniques. Sans crier gare, sinon en peignant sans balises et comme on ne l\u2019avait fait avant elle, sinon en recourant \u00e0 des mat\u00e9riaux inusit\u00e9s &#8211; l\u2019\u00e9mail pour bagnoles et le plexiglas, par exemple -, en s\u2019av\u00e9rant diverse et originale de tableau en sujet d\u2019introspection, Axell d\u00e9jouait avec autorit\u00e9 et fantaisie les pi\u00e8ges tendus sous les pieds des \u00e9lectrons libres, de plasticiens trublions en passe de r\u00e9voltes et d\u2019audaces acidul\u00e9es.<\/p>\n<div id=\"attachment_432\" style=\"width: 310px\" class=\"wp-caption alignright\"><img data-recalc-dims=\"1\" loading=\"lazy\" decoding=\"async\" aria-describedby=\"caption-attachment-432\" class=\"size-medium wp-image-432\" title=\"La femme de marbre\" src=\"https:\/\/i0.wp.com\/www.evelyne-axell.info\/fra\/wp-content\/uploads\/2011\/08\/ver15.jpg?resize=300%2C218&#038;ssl=1\" alt=\"La femme de marbre\" width=\"300\" height=\"218\" \/><p id=\"caption-attachment-432\" class=\"wp-caption-text\">La femme de marbre<\/p><\/div>\n<p align=\"justify\">Il y avait le Pop Art aux Etats-Unis, le Nouveau R\u00e9alisme en France, mais rares \u00e9taient les femmes qui y prenaient leur part de sacerdoce et d\u2019implication sociale et politique. Axell y alla en amazone, fustigeant amortis et bras ballants, des couleurs fluo, brillantes et transparentes, projet\u00e9es sur des plexis. In\u00e9dit ! Parfois paravents form\u00e9s de plusieurs couches successives, ceux-ci offraient des reliefs et des profondeurs de champs ouverts aux d\u00e9bordements de la pens\u00e9e et aux exc\u00e9dents de biles accumul\u00e9s face \u00e0 l\u2019inertie, au trop bon go\u00fbt des uns et des autres.<\/p>\n<p align=\"justify\">Sa verve contestataire, g\u00e9n\u00e9reuse, d\u00e9sint\u00e9ress\u00e9e et percutante, n\u2019a jamais paru aussi \u00e0 son affaire qu\u2019ici, l\u2019espace grand ouvert du hall de l\u2019Abteiberg la servant \u00e0 ravir, bien qu\u2019il ne dut pas \u00eatre cousu de fil blanc pour les organisateurs d\u2019agencer cette \u0153uvre multiforme quasi \u00e0 ciel ouvert. Ils ont r\u00e9ussi et c\u2019est le plus s\u00fbr m\u00e9rite de cette exposition apr\u00e8s la clart\u00e9 pr\u00e9monitoire et sulfureuse d\u2019un vaste travail plastique et proverbial. On y voit des tableaux d\u2019Axell perch\u00e9s deux ou trois m\u00e8tres au dessus du sol. Ce qui oblige \u00e0 lever la t\u00eate et \u00e0 s\u2019apercevoir qu\u2019un tableau se pose aussi autrement qu\u2019align\u00e9 sagement \u00e0 c\u00f4t\u00e9 du voisin. Axell n\u2019avait pas la courte vue et cette disposition, architectur\u00e9e, de son grand \u0153uvre de sape \u00e9clate davantage ainsi d\u00e9r\u00e9gul\u00e9.<\/p>\n<div id=\"attachment_433\" style=\"width: 310px\" class=\"wp-caption alignleft\"><img data-recalc-dims=\"1\" loading=\"lazy\" decoding=\"async\" aria-describedby=\"caption-attachment-433\" class=\"size-medium wp-image-433\" title=\"Salle plexis\" src=\"https:\/\/i0.wp.com\/www.evelyne-axell.info\/fra\/wp-content\/uploads\/2011\/08\/ver31.jpg?resize=300%2C200&#038;ssl=1\" alt=\"Salle plexis\" width=\"300\" height=\"200\" \/><p id=\"caption-attachment-433\" class=\"wp-caption-text\">Salle plexis<\/p><\/div>\n<p align=\"justify\">Autre bonheur : Axell n\u2019a pas \u00e0 rougir des pi\u00e8ces historiques qui l\u2019environnent, pas plus que celles-ci n\u2019ont \u00e0 s\u2019offusquer de la promiscuit\u00e9 avec Axell. Les unes et les autres se compl\u00e8tent, t\u00e9moignages d\u2019une \u00e9poque qui savait y faire contre les diktats et les us et coutumes sacro-saints. Ainsi s\u2019accommode-t-elle ais\u00e9ment de deux pi\u00e8ces de Beuys, dont un \u201cPiano r\u00e9volutionnaire\u201d de 1969, banal mais envahi de roses s\u00e9ch\u00e9es, belle image ! Comme elle appara\u00eet \u00e0 l\u2019aise quand l\u2019avoisinent, s\u2019\u00e9clatant, les \u201cmecs\u201d du Pop, d\u2019Andy Warhol \u00e0 John Chamberlain, Wesselman, Segal, Lichtenstein ou Rauschenberg. Ou, autres reflets de l\u2019air du temps, Yves Klein, Yayoi Kusama ou Niki de Saint-Phalle, ces derni\u00e8res autres \u00e9g\u00e9ries d\u2019une \u00e9poque en phase avec des exigences nouvelles qui feront date. F\u00e9ministe d\u2019avant-garde, osant se d\u00e9v\u00eatir pour faire valoir les droits des femmes et m\u00eame se montrer, dans des tableaux provocateurs, en complice d\u2019une libido exacerb\u00e9e par les assauts machistes, Evelyne Axell frappe c\u0153urs et esprits car elle a jou\u00e9 l\u2019injouable, affirm\u00e9 l\u2019incongru et d\u00e9fendu ce qu\u2019une soci\u00e9t\u00e9 aseptis\u00e9e jugeait ind\u00e9fendable.<\/p>\n<p align=\"justify\">Venue trop t\u00f4t, elle plut aux avertis des vraies choses de la vie, fut reconnue par des fous d\u2019art allum\u00e9s comme elle. Prix de la Jeune Peinture belge en 1969, elle exposa pourtant au Palais des Beaux-Arts de Bruxelles, fit les beaux jours des galeries Contour et Templon.<\/p>\n<div id=\"attachment_434\" style=\"width: 242px\" class=\"wp-caption alignright\"><img data-recalc-dims=\"1\" loading=\"lazy\" decoding=\"async\" aria-describedby=\"caption-attachment-434\" class=\"size-medium wp-image-434\" title=\"Jean Antoine et Le joli mois de mai\" src=\"https:\/\/i0.wp.com\/www.evelyne-axell.info\/fra\/wp-content\/uploads\/2011\/08\/ver25.jpg?resize=232%2C300&#038;ssl=1\" alt=\"Jean Antoine et Le joli mois de mai\" width=\"232\" height=\"300\" \/><p id=\"caption-attachment-434\" class=\"wp-caption-text\">Jean Antoine et Le joli mois de mai<\/p><\/div>\n<p align=\"justify\">Quarante ans plus tard, la revoici plus \u00e9panouie et plus nue que jamais. Authentique, princesse sans petits pois d\u2019une Histoire de l\u2019art qui, d\u2019\u00e9vidence, l\u2019attendait. Rayonnante \u00e0 souhait.<\/p>\n<p align=\"justify\">Commissaire et directrice du Museum Abteiberg aux volumes g\u00e9n\u00e9reux, fruits d\u2019une audace architecturale de 1982, Susanne Titz se f\u00e9licite d\u2019une restauration g\u00e9n\u00e9rale qui aura rendu au mus\u00e9e son aura. Soucieuse d\u2019avant-garde, Titz garde le cap d\u2019une institution qui, d\u00e9but 80, s\u2019enorgueillit d\u2019un formidable ensemble Beuys (d\u00e9sormais \u00e0 Berlin) et accueillit Broodthaers. <em>\u201cJ\u2019ai bien s\u00fbr b\u00e9n\u00e9fici\u00e9 pour \u201cAxelleration\u201d des conseils de Jean Antoine, son mari. Divers aspects m\u2019int\u00e9ressaient et je voulais la montrer. En se peignant comme un objet, Axell s\u2019instituait sujet d\u2019une \u0153uvre qui, de son temps, \u00e9tait \u00e9mancipation et discours artistique sur la soci\u00e9t\u00e9 contemporaine. Nous poss\u00e9dons des chefs-d\u2019\u0153uvre initiaux des premiers \u201cmecs\u201d du Pop. Montrer Evelyn Axell allait de soi. Et puis, j\u2019ai toujours \u00e9t\u00e9 fascin\u00e9e par l\u2019art belge ! La petite expo Axell du Wiels est au c\u0153ur de notre ensemble avec des ajouts, et c\u2019est un bonheur !<\/em>\u201c<\/p>\n<address>Photos: E. Meyns \/ Ph. Antoine<\/address>\n<h3>La Libre Essentielle<\/h3>\n<address>1 ao\u00fbt 2011<\/address>\n<p align=\"justify\">\n","protected":false},"excerpt":{"rendered":"<p>Evelyne Axell \u00e9g\u00e9rie universelle. L\u2019\u00e9tonnant Museum Abteiberg de M\u00f6nchengladbach r\u00e9serve \u00e0 l\u2019Amazone du Pop Art une messe rayonnante. 75 pi\u00e8ces essentielles. Les vibrations d\u2019une artiste morte la fleur au fusil. Extraits: Jamais nous ne l\u2019avions vue \u00e0 pareille f\u00eate ! <a class=\"more-link\" href=\"https:\/\/www.evelyne-axell.info\/fra\/2011\/08\/01\/article-dans-la-libre-essentielle\/\">Lire la suite&#8230;<\/a><\/p>\n","protected":false},"author":1,"featured_media":587,"comment_status":"closed","ping_status":"closed","sticky":false,"template":"","format":"standard","meta":{"ngg_post_thumbnail":0,"_jetpack_memberships_contains_paid_content":false,"footnotes":""},"categories":[5],"tags":[],"class_list":["post-430","post","type-post","status-publish","format-standard","has-post-thumbnail","hentry","category-extraits"],"jetpack_featured_media_url":"https:\/\/i0.wp.com\/www.evelyne-axell.info\/fra\/wp-content\/uploads\/2011\/08\/La-Libre.png?fit=276%2C62&ssl=1","jetpack_sharing_enabled":true,"_links":{"self":[{"href":"https:\/\/www.evelyne-axell.info\/fra\/wp-json\/wp\/v2\/posts\/430","targetHints":{"allow":["GET"]}}],"collection":[{"href":"https:\/\/www.evelyne-axell.info\/fra\/wp-json\/wp\/v2\/posts"}],"about":[{"href":"https:\/\/www.evelyne-axell.info\/fra\/wp-json\/wp\/v2\/types\/post"}],"author":[{"embeddable":true,"href":"https:\/\/www.evelyne-axell.info\/fra\/wp-json\/wp\/v2\/users\/1"}],"replies":[{"embeddable":true,"href":"https:\/\/www.evelyne-axell.info\/fra\/wp-json\/wp\/v2\/comments?post=430"}],"version-history":[{"count":3,"href":"https:\/\/www.evelyne-axell.info\/fra\/wp-json\/wp\/v2\/posts\/430\/revisions"}],"predecessor-version":[{"id":871,"href":"https:\/\/www.evelyne-axell.info\/fra\/wp-json\/wp\/v2\/posts\/430\/revisions\/871"}],"wp:featuredmedia":[{"embeddable":true,"href":"https:\/\/www.evelyne-axell.info\/fra\/wp-json\/wp\/v2\/media\/587"}],"wp:attachment":[{"href":"https:\/\/www.evelyne-axell.info\/fra\/wp-json\/wp\/v2\/media?parent=430"}],"wp:term":[{"taxonomy":"category","embeddable":true,"href":"https:\/\/www.evelyne-axell.info\/fra\/wp-json\/wp\/v2\/categories?post=430"},{"taxonomy":"post_tag","embeddable":true,"href":"https:\/\/www.evelyne-axell.info\/fra\/wp-json\/wp\/v2\/tags?post=430"}],"curies":[{"name":"wp","href":"https:\/\/api.w.org\/{rel}","templated":true}]}}