{"id":390,"date":"2011-07-13T18:18:33","date_gmt":"2011-07-13T16:18:33","guid":{"rendered":"http:\/\/www.evelyne-axell.com\/blog1\/?p=390"},"modified":"2015-08-03T19:08:24","modified_gmt":"2015-08-03T17:08:24","slug":"power-up-female-pop-art-en-allemagne","status":"publish","type":"post","link":"https:\/\/www.evelyne-axell.info\/fra\/2011\/07\/13\/power-up-female-pop-art-en-allemagne\/","title":{"rendered":"Power Up, Female Pop Art en Allemagne."},"content":{"rendered":"<h2>Exposition \u00e0 la St\u00e4dtische Galerie Bietigheim-Bissingen.<\/h2>\n<p><img data-recalc-dims=\"1\" loading=\"lazy\" decoding=\"async\" class=\"size-full wp-image-591 alignleft\" src=\"https:\/\/i0.wp.com\/www.evelyne-axell.info\/fra\/wp-content\/uploads\/2011\/07\/Poster-Power-Up2.jpg?resize=207%2C413&#038;ssl=1\" alt=\"Poster Power Up\" width=\"207\" height=\"413\" srcset=\"https:\/\/i0.wp.com\/www.evelyne-axell.info\/fra\/wp-content\/uploads\/2011\/07\/Poster-Power-Up2.jpg?w=207&amp;ssl=1 207w, https:\/\/i0.wp.com\/www.evelyne-axell.info\/fra\/wp-content\/uploads\/2011\/07\/Poster-Power-Up2.jpg?resize=75%2C150&amp;ssl=1 75w, https:\/\/i0.wp.com\/www.evelyne-axell.info\/fra\/wp-content\/uploads\/2011\/07\/Poster-Power-Up2.jpg?resize=200%2C400&amp;ssl=1 200w\" sizes=\"auto, (max-width: 207px) 100vw, 207px\" \/>Apr\u00e8s le grand succ\u00e8s de l&rsquo;exposition \u00ab\u00a0Power Up, Female Pop Art\u00a0\u00bb \u00a0\u00e0 Vienne, c&rsquo;est maintenant en Allemagne que la St\u00e4dtische Galerie Bietigheim-Bissingen propose pendant tout l&rsquo;\u00e9t\u00e9 une version l\u00e9g\u00e8rement r\u00e9duite de cette premi\u00e8re exposition europ\u00e9enne sur les femmes dans le Pop Art.<\/p>\n<p>Organis\u00e9e par Angela Stief l&rsquo;exposition pr\u00e9sente des \u0153uvres d&rsquo;Evelyne Axell, Sister Corita, Christa Dichgans, Jann Haworth, Dorothy Iannone, Kiki Kogelnik, et Marisol.<\/p>\n<p>L\u2019exposition vise \u00e0 la r\u00e9interpr\u00e9tation d\u2019un mouvement artistique qui, jusqu\u2019\u00e0 aujourd\u2019hui, a \u00e9t\u00e9 principalement associ\u00e9e \u00e0 des protagonistes masculins. Plastique, couleurs criardes, formes r\u00e9duites, et contours graphiques \u2013 les \u0153uvres des neuf femmes artistes pr\u00e9sent\u00e9es ressemblent \u00e0 celles de leurs coll\u00e8gues masculins \u00e0 bien des \u00e9gards. Alors que leurs \u0153uvres deviennent populaires, ces artistes, en tant que pionni\u00e8res du f\u00e9minisme, sont rest\u00e9es militantes et critiques.<\/p>\n<p><img data-recalc-dims=\"1\" loading=\"lazy\" decoding=\"async\" class=\"alignnone size-large wp-image-592\" src=\"https:\/\/i0.wp.com\/www.evelyne-axell.info\/fra\/wp-content\/uploads\/2011\/07\/rIMG_31931.jpg?resize=600%2C338&#038;ssl=1\" alt=\"rIMG_3193\" width=\"600\" height=\"338\" srcset=\"https:\/\/i0.wp.com\/www.evelyne-axell.info\/fra\/wp-content\/uploads\/2011\/07\/rIMG_31931.jpg?resize=1024%2C578&amp;ssl=1 1024w, https:\/\/i0.wp.com\/www.evelyne-axell.info\/fra\/wp-content\/uploads\/2011\/07\/rIMG_31931.jpg?resize=150%2C84&amp;ssl=1 150w, https:\/\/i0.wp.com\/www.evelyne-axell.info\/fra\/wp-content\/uploads\/2011\/07\/rIMG_31931.jpg?resize=708%2C400&amp;ssl=1 708w, https:\/\/i0.wp.com\/www.evelyne-axell.info\/fra\/wp-content\/uploads\/2011\/07\/rIMG_31931.jpg?resize=300%2C169&amp;ssl=1 300w, https:\/\/i0.wp.com\/www.evelyne-axell.info\/fra\/wp-content\/uploads\/2011\/07\/rIMG_31931.jpg?resize=720%2C406&amp;ssl=1 720w, https:\/\/i0.wp.com\/www.evelyne-axell.info\/fra\/wp-content\/uploads\/2011\/07\/rIMG_31931.jpg?w=1720&amp;ssl=1 1720w, https:\/\/i0.wp.com\/www.evelyne-axell.info\/fra\/wp-content\/uploads\/2011\/07\/rIMG_31931.jpg?w=2580&amp;ssl=1 2580w\" sizes=\"auto, (max-width: 600px) 100vw, 600px\" \/><\/p>\n<p>De nombreuses \u0153uvres importantes d&rsquo;Evelyne Axell comme Ice Cream 1, Portrait Fragment\u00e9, Valentine, Le mur du son, Les couchettes et bien d&rsquo;autres sont pr\u00e9sent\u00e9es dans cette exposition qui durera jusqu&rsquo;au 9 octobre 2011.<\/p>\n<div id=\"attachment_593\" style=\"width: 610px\" class=\"wp-caption alignnone\"><img data-recalc-dims=\"1\" loading=\"lazy\" decoding=\"async\" aria-describedby=\"caption-attachment-593\" class=\"size-medium wp-image-593  \" title=\"Valentine\" src=\"https:\/\/i0.wp.com\/www.evelyne-axell.info\/fra\/wp-content\/uploads\/2011\/07\/rIMG_31981.jpg?resize=600%2C400&#038;ssl=1\" alt=\"Valentine\" width=\"600\" height=\"400\" srcset=\"https:\/\/i0.wp.com\/www.evelyne-axell.info\/fra\/wp-content\/uploads\/2011\/07\/rIMG_31981.jpg?resize=600%2C400&amp;ssl=1 600w, https:\/\/i0.wp.com\/www.evelyne-axell.info\/fra\/wp-content\/uploads\/2011\/07\/rIMG_31981.jpg?resize=150%2C100&amp;ssl=1 150w, https:\/\/i0.wp.com\/www.evelyne-axell.info\/fra\/wp-content\/uploads\/2011\/07\/rIMG_31981.jpg?resize=1024%2C682&amp;ssl=1 1024w, https:\/\/i0.wp.com\/www.evelyne-axell.info\/fra\/wp-content\/uploads\/2011\/07\/rIMG_31981.jpg?resize=300%2C200&amp;ssl=1 300w, https:\/\/i0.wp.com\/www.evelyne-axell.info\/fra\/wp-content\/uploads\/2011\/07\/rIMG_31981.jpg?resize=720%2C480&amp;ssl=1 720w, https:\/\/i0.wp.com\/www.evelyne-axell.info\/fra\/wp-content\/uploads\/2011\/07\/rIMG_31981.jpg?w=1720&amp;ssl=1 1720w, https:\/\/i0.wp.com\/www.evelyne-axell.info\/fra\/wp-content\/uploads\/2011\/07\/rIMG_31981.jpg?w=2580&amp;ssl=1 2580w\" sizes=\"auto, (max-width: 600px) 100vw, 600px\" \/><p id=\"caption-attachment-593\" class=\"wp-caption-text\">Valentine<\/p><\/div>\n<p>Un catalogue de 288 pages est disponible en versions anglaise ou allemande \u00e0 la St\u00e4dtische Galerie.<\/p>\n<p><strong>Du 23 juillet au 9 octobre 2011 <\/strong><\/p>\n<p>St\u00e4dtische Galerie Bietigheim-Bissingen<br \/>\nHauptstr. 60\u201364<br \/>\nD-74321 Bietigheim-Bissingen<br \/>\nT\u00a0 07142 \/ 74 818<br \/>\nF\u00a0 07142 \/ 74 446<\/p>\n","protected":false},"excerpt":{"rendered":"<p>Exposition \u00e0 la St\u00e4dtische Galerie Bietigheim-Bissingen. Apr\u00e8s le grand succ\u00e8s de l&rsquo;exposition \u00ab\u00a0Power Up, Female Pop Art\u00a0\u00bb \u00a0\u00e0 Vienne, c&rsquo;est maintenant en Allemagne que la St\u00e4dtische Galerie Bietigheim-Bissingen propose pendant tout l&rsquo;\u00e9t\u00e9 une version l\u00e9g\u00e8rement r\u00e9duite de cette premi\u00e8re exposition <a class=\"more-link\" href=\"https:\/\/www.evelyne-axell.info\/fra\/2011\/07\/13\/power-up-female-pop-art-en-allemagne\/\">Lire la suite&#8230;<\/a><\/p>\n","protected":false},"author":1,"featured_media":594,"comment_status":"closed","ping_status":"closed","sticky":false,"template":"","format":"standard","meta":{"ngg_post_thumbnail":0,"_jetpack_memberships_contains_paid_content":false,"footnotes":""},"categories":[4],"tags":[],"class_list":["post-390","post","type-post","status-publish","format-standard","has-post-thumbnail","hentry","category-expo"],"jetpack_featured_media_url":"https:\/\/i0.wp.com\/www.evelyne-axell.info\/fra\/wp-content\/uploads\/2011\/07\/rIMG_3202.jpg?fit=550%2C367&ssl=1","jetpack_sharing_enabled":true,"_links":{"self":[{"href":"https:\/\/www.evelyne-axell.info\/fra\/wp-json\/wp\/v2\/posts\/390","targetHints":{"allow":["GET"]}}],"collection":[{"href":"https:\/\/www.evelyne-axell.info\/fra\/wp-json\/wp\/v2\/posts"}],"about":[{"href":"https:\/\/www.evelyne-axell.info\/fra\/wp-json\/wp\/v2\/types\/post"}],"author":[{"embeddable":true,"href":"https:\/\/www.evelyne-axell.info\/fra\/wp-json\/wp\/v2\/users\/1"}],"replies":[{"embeddable":true,"href":"https:\/\/www.evelyne-axell.info\/fra\/wp-json\/wp\/v2\/comments?post=390"}],"version-history":[{"count":3,"href":"https:\/\/www.evelyne-axell.info\/fra\/wp-json\/wp\/v2\/posts\/390\/revisions"}],"predecessor-version":[{"id":872,"href":"https:\/\/www.evelyne-axell.info\/fra\/wp-json\/wp\/v2\/posts\/390\/revisions\/872"}],"wp:featuredmedia":[{"embeddable":true,"href":"https:\/\/www.evelyne-axell.info\/fra\/wp-json\/wp\/v2\/media\/594"}],"wp:attachment":[{"href":"https:\/\/www.evelyne-axell.info\/fra\/wp-json\/wp\/v2\/media?parent=390"}],"wp:term":[{"taxonomy":"category","embeddable":true,"href":"https:\/\/www.evelyne-axell.info\/fra\/wp-json\/wp\/v2\/categories?post=390"},{"taxonomy":"post_tag","embeddable":true,"href":"https:\/\/www.evelyne-axell.info\/fra\/wp-json\/wp\/v2\/tags?post=390"}],"curies":[{"name":"wp","href":"https:\/\/api.w.org\/{rel}","templated":true}]}}