{"id":376,"date":"2011-06-28T17:38:09","date_gmt":"2011-06-28T15:38:09","guid":{"rendered":"http:\/\/www.evelyne-axell.com\/blog1\/?p=376"},"modified":"2015-08-03T19:09:00","modified_gmt":"2015-08-03T17:09:00","slug":"exposition-axelleration-a-monchengladbach","status":"publish","type":"post","link":"https:\/\/www.evelyne-axell.info\/fra\/2011\/06\/28\/exposition-axelleration-a-monchengladbach\/","title":{"rendered":"Exposition &quot;AXELLERATION&quot; \u00e0 M\u00f6nchengladbach."},"content":{"rendered":"<h2>Exposition r\u00e9trospective au Museum Abteiberg.<\/h2>\n<address>Du 3 juillet au 3 octobre 2011.<\/address>\n<p>A la suite des expositions de Bruxelles et de Hambourg c&rsquo;est le Museum Abteiberg \u00e0 M\u00f6nchengladbach (Allemagne) qui pr\u00e9sente cet \u00e9t\u00e9 une grande r\u00e9trospective des \u0153uvres d&rsquo;Evelyne Axell; la plus importante jamais organis\u00e9e hors de Belgique.<\/p>\n<p><img data-recalc-dims=\"1\" loading=\"lazy\" decoding=\"async\" class=\"alignnone size-medium wp-image-597\" src=\"https:\/\/i0.wp.com\/www.evelyne-axell.info\/fra\/wp-content\/uploads\/2011\/06\/Abteiberg025.jpg?resize=599%2C400&#038;ssl=1\" alt=\"Abteiberg025\" width=\"599\" height=\"400\" srcset=\"https:\/\/i0.wp.com\/www.evelyne-axell.info\/fra\/wp-content\/uploads\/2011\/06\/Abteiberg025.jpg?resize=599%2C400&amp;ssl=1 599w, https:\/\/i0.wp.com\/www.evelyne-axell.info\/fra\/wp-content\/uploads\/2011\/06\/Abteiberg025.jpg?resize=150%2C100&amp;ssl=1 150w, https:\/\/i0.wp.com\/www.evelyne-axell.info\/fra\/wp-content\/uploads\/2011\/06\/Abteiberg025.jpg?resize=300%2C200&amp;ssl=1 300w, https:\/\/i0.wp.com\/www.evelyne-axell.info\/fra\/wp-content\/uploads\/2011\/06\/Abteiberg025.jpg?resize=720%2C480&amp;ssl=1 720w, https:\/\/i0.wp.com\/www.evelyne-axell.info\/fra\/wp-content\/uploads\/2011\/06\/Abteiberg025.jpg?w=1024&amp;ssl=1 1024w\" sizes=\"auto, (max-width: 599px) 100vw, 599px\" \/><\/p>\n<p>Plus d&rsquo;une soixantaine d&rsquo;\u0153uvres seront expos\u00e9es, couvrant toute la p\u00e9riode cr\u00e9ative d&rsquo;Evelyne Axell, de 1964 \u00e0 1972, ainsi que l&rsquo;ensemble de ses techniques; de l&rsquo;huile sur toile au plexiglas en passant par le clartex et l&rsquo;unalit, quelques objets \u00ab\u00a0d\u00e9tourn\u00e9s\u00a0\u00bb par l&rsquo;artiste et, bien entendu, des dessins et projets. De nombreux collectionneurs priv\u00e9s et mus\u00e9es ont accept\u00e9 de pr\u00eater des \u0153uvres qui n&rsquo;avaient plus \u00e9t\u00e9 pr\u00e9sent\u00e9es au public depuis de nombreuses ann\u00e9es.<\/p>\n<p><img data-recalc-dims=\"1\" loading=\"lazy\" decoding=\"async\" class=\"alignright size-full wp-image-598\" src=\"https:\/\/i0.wp.com\/www.evelyne-axell.info\/fra\/wp-content\/uploads\/2011\/06\/sCouverture-catalogue-Lannoo1.jpg?resize=169%2C220&#038;ssl=1\" alt=\"Couverture catalogue Lannoo\" width=\"169\" height=\"220\" srcset=\"https:\/\/i0.wp.com\/www.evelyne-axell.info\/fra\/wp-content\/uploads\/2011\/06\/sCouverture-catalogue-Lannoo1.jpg?w=169&amp;ssl=1 169w, https:\/\/i0.wp.com\/www.evelyne-axell.info\/fra\/wp-content\/uploads\/2011\/06\/sCouverture-catalogue-Lannoo1.jpg?resize=115%2C150&amp;ssl=1 115w\" sizes=\"auto, (max-width: 169px) 100vw, 169px\" \/>A cette occasion un catalogue de 112 pages enti\u00e8rement en couleur et comprenant plus d&rsquo;une centaine de photos est publi\u00e9 conjointement par le Museum Abteiberg (Allemagne) et les Editions Lannoo (Belgique). Cet ouvrage comprend des textes en anglais et en allemand de Susanne Titz (conservatrice au Museum Abteiberg) et Liesbeth Decan (historienne de l&rsquo;art, KULeuven) ainsi qu&rsquo;une biographie \u00e9crite par Jean Antoine et remani\u00e9e par Susanne Titz et Katharina Hohenh\u00f6rst.<\/p>\n<p>Museum Abteiberg<br \/>\nAbteistra\u00dfe 27<br \/>\nD-41061 M\u00f6nchengladbach<br \/>\nT +49 2161 252631<br \/>\n<a href=\"http:\/\/www.museum-abteiberg.de\/\">mail@museum-abteiberg.de<br \/>\nwww.museum-abteiberg.de<\/a><\/p>\n","protected":false},"excerpt":{"rendered":"<p>Exposition r\u00e9trospective au Museum Abteiberg. Du 3 juillet au 3 octobre 2011. A la suite des expositions de Bruxelles et de Hambourg c&rsquo;est le Museum Abteiberg \u00e0 M\u00f6nchengladbach (Allemagne) qui pr\u00e9sente cet \u00e9t\u00e9 une grande r\u00e9trospective des \u0153uvres d&rsquo;Evelyne Axell; <a class=\"more-link\" href=\"https:\/\/www.evelyne-axell.info\/fra\/2011\/06\/28\/exposition-axelleration-a-monchengladbach\/\">Lire la suite&#8230;<\/a><\/p>\n","protected":false},"author":1,"featured_media":599,"comment_status":"closed","ping_status":"closed","sticky":false,"template":"","format":"standard","meta":{"ngg_post_thumbnail":0,"_jetpack_memberships_contains_paid_content":false,"footnotes":""},"categories":[4],"tags":[],"class_list":["post-376","post","type-post","status-publish","format-standard","has-post-thumbnail","hentry","category-expo"],"jetpack_featured_media_url":"https:\/\/i0.wp.com\/www.evelyne-axell.info\/fra\/wp-content\/uploads\/2011\/06\/Abteiberg002.jpg?fit=1024%2C735&ssl=1","jetpack_sharing_enabled":true,"_links":{"self":[{"href":"https:\/\/www.evelyne-axell.info\/fra\/wp-json\/wp\/v2\/posts\/376","targetHints":{"allow":["GET"]}}],"collection":[{"href":"https:\/\/www.evelyne-axell.info\/fra\/wp-json\/wp\/v2\/posts"}],"about":[{"href":"https:\/\/www.evelyne-axell.info\/fra\/wp-json\/wp\/v2\/types\/post"}],"author":[{"embeddable":true,"href":"https:\/\/www.evelyne-axell.info\/fra\/wp-json\/wp\/v2\/users\/1"}],"replies":[{"embeddable":true,"href":"https:\/\/www.evelyne-axell.info\/fra\/wp-json\/wp\/v2\/comments?post=376"}],"version-history":[{"count":3,"href":"https:\/\/www.evelyne-axell.info\/fra\/wp-json\/wp\/v2\/posts\/376\/revisions"}],"predecessor-version":[{"id":873,"href":"https:\/\/www.evelyne-axell.info\/fra\/wp-json\/wp\/v2\/posts\/376\/revisions\/873"}],"wp:featuredmedia":[{"embeddable":true,"href":"https:\/\/www.evelyne-axell.info\/fra\/wp-json\/wp\/v2\/media\/599"}],"wp:attachment":[{"href":"https:\/\/www.evelyne-axell.info\/fra\/wp-json\/wp\/v2\/media?parent=376"}],"wp:term":[{"taxonomy":"category","embeddable":true,"href":"https:\/\/www.evelyne-axell.info\/fra\/wp-json\/wp\/v2\/categories?post=376"},{"taxonomy":"post_tag","embeddable":true,"href":"https:\/\/www.evelyne-axell.info\/fra\/wp-json\/wp\/v2\/tags?post=376"}],"curies":[{"name":"wp","href":"https:\/\/api.w.org\/{rel}","templated":true}]}}