{"id":365,"date":"2011-04-05T16:40:02","date_gmt":"2011-04-05T14:40:02","guid":{"rendered":"http:\/\/www.evelyne-axell.com\/blog1\/?p=365"},"modified":"2015-08-03T19:19:57","modified_gmt":"2015-08-03T17:19:57","slug":"exposition-la-terre-est-ronde-a-hambourg","status":"publish","type":"post","link":"https:\/\/www.evelyne-axell.info\/fra\/2011\/04\/05\/exposition-la-terre-est-ronde-a-hambourg\/","title":{"rendered":"Exposition &quot;La Terre est ronde&quot; \u00e0 Hambourg."},"content":{"rendered":"<h2>Exposition au Kunstverein \u00e0 Hambourg.<\/h2>\n<address>Du 9 avril au 13 juin 2011.<\/address>\n<p><img data-recalc-dims=\"1\" loading=\"lazy\" decoding=\"async\" class=\"alignnone size-medium wp-image-618\" src=\"https:\/\/i0.wp.com\/www.evelyne-axell.info\/fra\/wp-content\/uploads\/2011\/04\/Kunstverein001.jpg?resize=600%2C400&#038;ssl=1\" alt=\"Kunstverein001\" width=\"600\" height=\"400\" srcset=\"https:\/\/i0.wp.com\/www.evelyne-axell.info\/fra\/wp-content\/uploads\/2011\/04\/Kunstverein001.jpg?resize=600%2C400&amp;ssl=1 600w, https:\/\/i0.wp.com\/www.evelyne-axell.info\/fra\/wp-content\/uploads\/2011\/04\/Kunstverein001.jpg?resize=150%2C99&amp;ssl=1 150w, https:\/\/i0.wp.com\/www.evelyne-axell.info\/fra\/wp-content\/uploads\/2011\/04\/Kunstverein001.jpg?resize=300%2C199&amp;ssl=1 300w, https:\/\/i0.wp.com\/www.evelyne-axell.info\/fra\/wp-content\/uploads\/2011\/04\/Kunstverein001.jpg?resize=720%2C479&amp;ssl=1 720w, https:\/\/i0.wp.com\/www.evelyne-axell.info\/fra\/wp-content\/uploads\/2011\/04\/Kunstverein001.jpg?w=1024&amp;ssl=1 1024w\" sizes=\"auto, (max-width: 600px) 100vw, 600px\" \/><\/p>\n<p>L\u2019artiste belge Evelyne Axell conna\u00eet une v\u00e9ritable renaissance, comme le montre la nouvelle exposition que lui consacre jusqu\u2019au 13 juin le Kunstverein de Hambourg, \u00ab\u00a0La Terre est ronde \u00bb.<\/p>\n<p>Apr\u00e8s les expositions \u201cSeductive Subversion: Women Pop Artists 1958\u20141968&Prime; \u00e0 la Rosenwald-Wolf Gallery \u00e0 Philadelphie puis au Brooklyn Museum de New York, \u201cPower Up, Female Pop Art\u00a0\u00bb \u00e0 la Kunsthalle de Vienne ou encore l&rsquo;exposition personnelle \u00ab\u00a0Images contestataires\u00a0\u00bb au WIELS de Bruxelles c&rsquo;est le Kunstverein de Hambourg qui pr\u00e9sente une quinzaine d&rsquo;\u0153uvres dans un accrochage innovant et audacieux o\u00f9 les tons pastel des murs rel\u00e8vent l&rsquo;\u00e9clat de l&rsquo;\u00e9mail sur plexiglas de ces \u0153uvres\u00a0 datant principalement des ann\u00e9es 1970 \u00e0 1972.<\/p>\n<p>Le Kunstverein d\u2019Hambourg, qui ne poss\u00e8de aucune collection permanente, s\u2019est donn\u00e9 pour mission de pr\u00e9senter \u00e0 travers des expositions temporaires les tendances actuelles de l\u2019art et de la soci\u00e9t\u00e9. L\u2019exposition permet au public allemand de d\u00e9couvrir une artiste encore m\u00e9connue et de r\u00e9habiliter le travail d\u2019une femme que les stars masculines du pop art ont pu faire oublier. Influenc\u00e9e par les mouvements politiques et protestataires des ann\u00e9es 60, Evelyne Axell explore les ambigu\u00eft\u00e9s de la\u00a0lib\u00e9ration de la femme dans ce contexte \u00ab\u00a0contestataire\u00a0\u00bb.<\/p>\n<div id=\"attachment_367\" style=\"width: 310px\" class=\"wp-caption alignright\"><img data-recalc-dims=\"1\" loading=\"lazy\" decoding=\"async\" aria-describedby=\"caption-attachment-367\" class=\"size-medium wp-image-367\" title=\"Ice Cream 2\" src=\"https:\/\/i0.wp.com\/www.evelyne-axell.info\/fra\/wp-content\/uploads\/2011\/06\/Kunstverein-01.jpg?resize=300%2C199&#038;ssl=1\" alt=\"Ice Cream 2\" width=\"300\" height=\"199\" \/><p id=\"caption-attachment-367\" class=\"wp-caption-text\">Ice Cream 2<\/p><\/div>\n<p>Cette exposition reprise du WIELS \u00e0 Bruxelles sera ensuite transf\u00e9r\u00e9e au Mus\u00e9e Abteiberg de M\u00f6nchengladbach dans le cadre d&rsquo;une grande r\u00e9trospective Evelyne Axell.<\/p>\n<p><strong>Der Kunstverein, seit 1817.<\/strong><br \/>\nKlosterwall 23<br \/>\n20095 Hamburg<br \/>\nTel. +49(0)40 32 21 57<br \/>\nFax +49(0)40 32 21 59<br \/>\n<a href=\"mailto:hamburg@kunstverein.de\"> hamburg@kunstverein.de<\/a><\/p>\n","protected":false},"excerpt":{"rendered":"<p>Exposition au Kunstverein \u00e0 Hambourg. Du 9 avril au 13 juin 2011. L\u2019artiste belge Evelyne Axell conna\u00eet une v\u00e9ritable renaissance, comme le montre la nouvelle exposition que lui consacre jusqu\u2019au 13 juin le Kunstverein de Hambourg, \u00ab\u00a0La Terre est ronde <a class=\"more-link\" href=\"https:\/\/www.evelyne-axell.info\/fra\/2011\/04\/05\/exposition-la-terre-est-ronde-a-hambourg\/\">Lire la suite&#8230;<\/a><\/p>\n","protected":false},"author":1,"featured_media":616,"comment_status":"closed","ping_status":"closed","sticky":false,"template":"","format":"standard","meta":{"ngg_post_thumbnail":0,"_jetpack_memberships_contains_paid_content":false,"footnotes":""},"categories":[4],"tags":[],"class_list":["post-365","post","type-post","status-publish","format-standard","has-post-thumbnail","hentry","category-expo"],"jetpack_featured_media_url":"https:\/\/i0.wp.com\/www.evelyne-axell.info\/fra\/wp-content\/uploads\/2011\/04\/Kunstverein-02.jpg?fit=850%2C565&ssl=1","jetpack_sharing_enabled":true,"_links":{"self":[{"href":"https:\/\/www.evelyne-axell.info\/fra\/wp-json\/wp\/v2\/posts\/365","targetHints":{"allow":["GET"]}}],"collection":[{"href":"https:\/\/www.evelyne-axell.info\/fra\/wp-json\/wp\/v2\/posts"}],"about":[{"href":"https:\/\/www.evelyne-axell.info\/fra\/wp-json\/wp\/v2\/types\/post"}],"author":[{"embeddable":true,"href":"https:\/\/www.evelyne-axell.info\/fra\/wp-json\/wp\/v2\/users\/1"}],"replies":[{"embeddable":true,"href":"https:\/\/www.evelyne-axell.info\/fra\/wp-json\/wp\/v2\/comments?post=365"}],"version-history":[{"count":5,"href":"https:\/\/www.evelyne-axell.info\/fra\/wp-json\/wp\/v2\/posts\/365\/revisions"}],"predecessor-version":[{"id":874,"href":"https:\/\/www.evelyne-axell.info\/fra\/wp-json\/wp\/v2\/posts\/365\/revisions\/874"}],"wp:featuredmedia":[{"embeddable":true,"href":"https:\/\/www.evelyne-axell.info\/fra\/wp-json\/wp\/v2\/media\/616"}],"wp:attachment":[{"href":"https:\/\/www.evelyne-axell.info\/fra\/wp-json\/wp\/v2\/media?parent=365"}],"wp:term":[{"taxonomy":"category","embeddable":true,"href":"https:\/\/www.evelyne-axell.info\/fra\/wp-json\/wp\/v2\/categories?post=365"},{"taxonomy":"post_tag","embeddable":true,"href":"https:\/\/www.evelyne-axell.info\/fra\/wp-json\/wp\/v2\/tags?post=365"}],"curies":[{"name":"wp","href":"https:\/\/api.w.org\/{rel}","templated":true}]}}