{"id":348,"date":"2011-01-05T17:27:29","date_gmt":"2011-01-05T16:27:29","guid":{"rendered":"http:\/\/www.evelyne-axell.com\/blog1\/?p=348"},"modified":"2015-08-03T19:20:57","modified_gmt":"2015-08-03T17:20:57","slug":"article-dans-la-libre-belgique","status":"publish","type":"post","link":"https:\/\/www.evelyne-axell.info\/fra\/2011\/01\/05\/article-dans-la-libre-belgique\/","title":{"rendered":"Article de Roger Pierre Turine dans La Libre Belgique."},"content":{"rendered":"<address>\u00a0<\/address>\n<h2>Le chant d\u2019une \u00e9g\u00e9rie contestataire.<\/h2>\n<div id=\"attachment_351\" style=\"width: 208px\" class=\"wp-caption alignleft\"><img data-recalc-dims=\"1\" loading=\"lazy\" decoding=\"async\" aria-describedby=\"caption-attachment-351\" class=\"size-medium wp-image-351 \" title=\"Esquisses de travail\" src=\"https:\/\/i0.wp.com\/www.evelyne-axell.info\/fra\/wp-content\/uploads\/2011\/01\/Projets.jpg?resize=198%2C300&#038;ssl=1\" alt=\"Projets\" width=\"198\" height=\"300\" \/><p id=\"caption-attachment-351\" class=\"wp-caption-text\">Esquisses de travail<\/p><\/div>\n<p><strong>Extraits:<\/strong><\/p>\n<p>Au premier \u00e9tage de l\u2019indispensable centre d\u2019art contemporain bruxellois, trois artistes se partagent de plus modestes mais int\u00e9ressants espaces. Trois expositions explicites sign\u00e9es : Lorna Macintyre, Kasper Akhoj, Evelyne Axell. Cette derni\u00e8re nous int\u00e9resse tout particuli\u00e8rement.<\/p>\n<p>C\u00e9l\u00e9br\u00e9e fin 2009 \u00e0 la Broadway 1602 Gallery de New York, \u00e9pingl\u00e9e avec un piquant \u00ab\u00a0Retour de Tarzan\u00a0\u00bb dans \u00ab\u00a0Elles\u00a0\u00bb au Centre Pompidou, la voici \u00e0 la une, jusqu\u2019au 20 f\u00e9vrier, d\u2019une impressionnante expo \u00ab\u00a0Power Up\u00a0\u00bb \u00e0 la Kunsthalle de Vienne. Elle en assure l\u2019affiche \u00e0 travers la ville avec un autoportrait, \u00ab\u00a0Ice Cream\u00a0\u00bb, subtilement provocateur. Ce n\u2019est pas tout : cette expo s\u2019en ira, au printemps, \u00e0 la Kunsthalle de Hambourg, celle du Wiels, rejoignant alors un centre culturel hambourgeois. A la Fiac de Paris, son \u00ab\u00a0Herbe folle\u00a0\u00bb avait conquis un collectionneur anglais et \u00e0 la Freeze, \u00e0 Londres, le directeur de la Warhol Foundation s\u2019\u00e9tait montr\u00e9 fou de joie en acqu\u00e9rant un de ses dessins, clamant : \u00ab\u00a0Axell est l\u2019\u00e9quivalent f\u00e9minin de Warhol, \u00e0 l\u2019avant-garde du f\u00e9minisme et surtout de l\u2019\u00e9rotisme f\u00e9minin !\u00a0\u00bb<\/p>\n<p>R\u00e9cent, le ph\u00e9nom\u00e8ne de la mise sur le pavois des femmes artistes est \u00e9loquent. Deux des tableaux d\u2019Axell sont ainsi en verve au Mus\u00e9e de Brooklyn qui fait les yeux doux au Pop art. L\u2019espace nous manque, mais apr\u00e8s celles de Namur, d\u2019Ixelles et d\u2019Ostende, l\u2019expo Axell, du Wiels, t\u00e9moigne superbement de l\u2019originalit\u00e9, de l\u2019audace, de la force de frappe d\u2019un travail qui, aux prises avec les \u00e9lans revendicatifs &#8211; lib\u00e9ration de la femme, du sexe, des \u00e9nergies &#8211; des chaudes ann\u00e9es 60, osa provoquer et d\u00e9noncer en recourant \u00e0 des mat\u00e9riaux neufs comme le plexi, \u00e0 des couleurs explosives comme l\u2019orange roi ou le vert cru, \u00e0 des raccourcis eux-m\u00eames saisissants. \u00ab\u00a0Th\u00e9rapie de groupe\u00a0\u00bb, \u00ab\u00a0L\u2019assembl\u00e9e libre\u00a0\u00bb, \u00ab\u00a0Le joli mois de mai\u00a0\u00bb, \u00ab\u00a0Campus\u00a0\u00bb, \u00ab\u00a0Les p\u00e2querettes\u00a0\u00bb, \u00ab\u00a0La terre est ronde\u00a0\u00bb, \u00ab\u00a0Tableau \u00e0 caresser\u00a0\u00bb Ces titres de tableaux montr\u00e9s au Wiels devraient suffire \u00e0 vous mettre l\u2019eau \u00e0 la bouche. Or, cadeau suppl\u00e9mentaire, d\u2019\u00e9mouvantes esquisses de travail les accompagnent. C\u2019est du solide, c\u2019est magnifique !<\/p>\n<p>5 janvier 2011<\/p>\n<p><em>(Photo Jef Jacobs)<\/em><\/p>\n<p>&nbsp;<\/p>\n<p>&nbsp;<\/p>\n","protected":false},"excerpt":{"rendered":"<p>\u00a0 Le chant d\u2019une \u00e9g\u00e9rie contestataire. Extraits: Au premier \u00e9tage de l\u2019indispensable centre d\u2019art contemporain bruxellois, trois artistes se partagent de plus modestes mais int\u00e9ressants espaces. Trois expositions explicites sign\u00e9es : Lorna Macintyre, Kasper Akhoj, Evelyne Axell. Cette derni\u00e8re nous <a class=\"more-link\" href=\"https:\/\/www.evelyne-axell.info\/fra\/2011\/01\/05\/article-dans-la-libre-belgique\/\">Lire la suite&#8230;<\/a><\/p>\n","protected":false},"author":1,"featured_media":587,"comment_status":"closed","ping_status":"closed","sticky":false,"template":"","format":"standard","meta":{"ngg_post_thumbnail":0,"_jetpack_memberships_contains_paid_content":false,"footnotes":""},"categories":[5],"tags":[],"class_list":["post-348","post","type-post","status-publish","format-standard","has-post-thumbnail","hentry","category-extraits"],"jetpack_featured_media_url":"https:\/\/i0.wp.com\/www.evelyne-axell.info\/fra\/wp-content\/uploads\/2011\/08\/La-Libre.png?fit=276%2C62&ssl=1","jetpack_sharing_enabled":true,"_links":{"self":[{"href":"https:\/\/www.evelyne-axell.info\/fra\/wp-json\/wp\/v2\/posts\/348","targetHints":{"allow":["GET"]}}],"collection":[{"href":"https:\/\/www.evelyne-axell.info\/fra\/wp-json\/wp\/v2\/posts"}],"about":[{"href":"https:\/\/www.evelyne-axell.info\/fra\/wp-json\/wp\/v2\/types\/post"}],"author":[{"embeddable":true,"href":"https:\/\/www.evelyne-axell.info\/fra\/wp-json\/wp\/v2\/users\/1"}],"replies":[{"embeddable":true,"href":"https:\/\/www.evelyne-axell.info\/fra\/wp-json\/wp\/v2\/comments?post=348"}],"version-history":[{"count":4,"href":"https:\/\/www.evelyne-axell.info\/fra\/wp-json\/wp\/v2\/posts\/348\/revisions"}],"predecessor-version":[{"id":875,"href":"https:\/\/www.evelyne-axell.info\/fra\/wp-json\/wp\/v2\/posts\/348\/revisions\/875"}],"wp:featuredmedia":[{"embeddable":true,"href":"https:\/\/www.evelyne-axell.info\/fra\/wp-json\/wp\/v2\/media\/587"}],"wp:attachment":[{"href":"https:\/\/www.evelyne-axell.info\/fra\/wp-json\/wp\/v2\/media?parent=348"}],"wp:term":[{"taxonomy":"category","embeddable":true,"href":"https:\/\/www.evelyne-axell.info\/fra\/wp-json\/wp\/v2\/categories?post=348"},{"taxonomy":"post_tag","embeddable":true,"href":"https:\/\/www.evelyne-axell.info\/fra\/wp-json\/wp\/v2\/tags?post=348"}],"curies":[{"name":"wp","href":"https:\/\/api.w.org\/{rel}","templated":true}]}}