{"id":299,"date":"2010-09-10T21:04:31","date_gmt":"2010-09-10T19:04:31","guid":{"rendered":"http:\/\/www.evelyne-axell.com\/blog1\/?p=299"},"modified":"2015-08-03T19:21:58","modified_gmt":"2015-08-03T17:21:58","slug":"evelyne-axell-dans-la-premiere-exposition-sur-le-pop-art-feminin-a-la-kunsthalle-de-vienne","status":"publish","type":"post","link":"https:\/\/www.evelyne-axell.info\/fra\/2010\/09\/10\/evelyne-axell-dans-la-premiere-exposition-sur-le-pop-art-feminin-a-la-kunsthalle-de-vienne\/","title":{"rendered":"18 oeuvres d&rsquo;Evelyne Axell dans la premi\u00e8re exposition Europ\u00e9enne sur le Pop Art F\u00e9minin \u00e0 la Kunsthalle de Vienne"},"content":{"rendered":"<h2>POWER UP &#8211; Female Pop Art<\/h2>\n<address>Du 5 novembre 2010 au 10 mars 2011<\/address>\n<p><img data-recalc-dims=\"1\" loading=\"lazy\" decoding=\"async\" class=\"alignleft  wp-image-655\" src=\"https:\/\/i0.wp.com\/www.evelyne-axell.info\/fra\/wp-content\/uploads\/2010\/09\/Poster-POWER-UP-Low-res.jpg?resize=322%2C458&#038;ssl=1\" alt=\"Poster POWER UP\" width=\"322\" height=\"458\" srcset=\"https:\/\/i0.wp.com\/www.evelyne-axell.info\/fra\/wp-content\/uploads\/2010\/09\/Poster-POWER-UP-Low-res.jpg?w=2481&amp;ssl=1 2481w, https:\/\/i0.wp.com\/www.evelyne-axell.info\/fra\/wp-content\/uploads\/2010\/09\/Poster-POWER-UP-Low-res.jpg?resize=105%2C150&amp;ssl=1 105w, https:\/\/i0.wp.com\/www.evelyne-axell.info\/fra\/wp-content\/uploads\/2010\/09\/Poster-POWER-UP-Low-res.jpg?resize=719%2C1024&amp;ssl=1 719w, https:\/\/i0.wp.com\/www.evelyne-axell.info\/fra\/wp-content\/uploads\/2010\/09\/Poster-POWER-UP-Low-res.jpg?resize=300%2C427&amp;ssl=1 300w, https:\/\/i0.wp.com\/www.evelyne-axell.info\/fra\/wp-content\/uploads\/2010\/09\/Poster-POWER-UP-Low-res.jpg?resize=720%2C1025&amp;ssl=1 720w, https:\/\/i0.wp.com\/www.evelyne-axell.info\/fra\/wp-content\/uploads\/2010\/09\/Poster-POWER-UP-Low-res.jpg?w=1720&amp;ssl=1 1720w\" sizes=\"auto, (max-width: 322px) 100vw, 322px\" \/>L&rsquo;exposition pr\u00e9sente des \u0153uvres d&rsquo;Evelyne Axell, Sister Corita, Christa Dichgans, Rosalyn Drexler, Jann Haworth, Dorothy Iannone, Kiki Kogelnik, Marisol et Niki de Saint Phalle<\/p>\n<p>Pour cette premi\u00e8re exposition europ\u00e9enne sur le Pop Art F\u00e9minin, le travail d&rsquo;Evelyne Axell est repr\u00e9sent\u00e9 par 18 \u0153uvres datant de 1964 \u00e0 1970.<\/p>\n<p><em>\u00ab\u00a0Le prochain grand moment de l&rsquo;histoire nous appartient!\u00a0\u00bb<\/em> Dorothy Iannone<\/p>\n<p>Red\u00e9couvrant les femmes artistes remarquables du Pop Art, POWER UP remplit la promesse combative de Dorothy Iannone apr\u00e8s cinquante ans. L&rsquo;exposition vise \u00e0 la r\u00e9interpr\u00e9tation d&rsquo;un mouvement artistique qui, jusqu&rsquo;\u00e0 aujourd&rsquo;hui, a \u00e9t\u00e9 principalement associ\u00e9e \u00e0 des protagonistes masculins. Plastique, couleurs criardes, formes r\u00e9duites, et contours graphiques &#8211; les \u0153uvres des neuf femmes artistes pr\u00e9sent\u00e9es ressemblent \u00e0 celles de leurs coll\u00e8gues masculins \u00e0 bien des \u00e9gards. Alors que leurs \u0153uvres deviennent populaires, ces artistes, en tant que pionni\u00e8res du f\u00e9minisme, sont rest\u00e9es militantes et critiques. Elles r\u00e9v\u00e8lent la superficialit\u00e9 de la soci\u00e9t\u00e9 consum\u00e9riste, exposant le mythe des biens de consommation comme une coquille vide, comme le montre ironiquement Dichgans Christa, ou en transformant les objets du quotidien en des objets kitsch surdimensionn\u00e9s, comme Jann Haworth, ou en explorant les m\u00e9dias et la starification comme Rosalyn Drexler. Comme S\u0153ur Corita, une militante pacifiste engag\u00e9e, elles ont pris une position claire sur les \u00e9v\u00e9nements sociaux et politiques des ann\u00e9es soixante tel que la guerre du Vietnam.<\/p>\n<p><img data-recalc-dims=\"1\" loading=\"lazy\" decoding=\"async\" class=\"alignnone size-large wp-image-656\" src=\"https:\/\/i0.wp.com\/www.evelyne-axell.info\/fra\/wp-content\/uploads\/2010\/09\/DSC6616.jpg?resize=600%2C392&#038;ssl=1\" alt=\"Expo Power Up 01\" width=\"600\" height=\"392\" srcset=\"https:\/\/i0.wp.com\/www.evelyne-axell.info\/fra\/wp-content\/uploads\/2010\/09\/DSC6616.jpg?resize=1024%2C670&amp;ssl=1 1024w, https:\/\/i0.wp.com\/www.evelyne-axell.info\/fra\/wp-content\/uploads\/2010\/09\/DSC6616.jpg?resize=150%2C98&amp;ssl=1 150w, https:\/\/i0.wp.com\/www.evelyne-axell.info\/fra\/wp-content\/uploads\/2010\/09\/DSC6616.jpg?resize=610%2C400&amp;ssl=1 610w, https:\/\/i0.wp.com\/www.evelyne-axell.info\/fra\/wp-content\/uploads\/2010\/09\/DSC6616.jpg?resize=300%2C196&amp;ssl=1 300w, https:\/\/i0.wp.com\/www.evelyne-axell.info\/fra\/wp-content\/uploads\/2010\/09\/DSC6616.jpg?resize=720%2C471&amp;ssl=1 720w, https:\/\/i0.wp.com\/www.evelyne-axell.info\/fra\/wp-content\/uploads\/2010\/09\/DSC6616.jpg?w=1200&amp;ssl=1 1200w\" sizes=\"auto, (max-width: 600px) 100vw, 600px\" \/><\/p>\n<p>L&rsquo;exposition suit sa perspective politique concernant la mani\u00e8re dont le statut de la femme est per\u00e7u selon l&rsquo;\u00e9poque en revisitant des vues diff\u00e9rentes: Kiki Kogelnik et Marisol d\u00e9crivant le corset dans lequel la repr\u00e9sentation de la femme, par elle-m\u00eame et par d&rsquo;autres, est enferm\u00e9, tandis qu&rsquo;Evelyne Axell ou Dorothy Iannone\u00a0 affichent de mani\u00e8re provocante le corps nu, l&rsquo;amour et la sexualit\u00e9, et, comme Niki de Saint Phalle, attirent l&rsquo;attention du visiteur par des modes sophistiqu\u00e9s de repr\u00e9sentation de soi.<\/p>\n<p><img data-recalc-dims=\"1\" loading=\"lazy\" decoding=\"async\" class=\"alignnone size-large wp-image-657\" src=\"https:\/\/i0.wp.com\/www.evelyne-axell.info\/fra\/wp-content\/uploads\/2010\/09\/DSC6631.jpg?resize=600%2C398&#038;ssl=1\" alt=\"Expo Power Up 02\" width=\"600\" height=\"398\" srcset=\"https:\/\/i0.wp.com\/www.evelyne-axell.info\/fra\/wp-content\/uploads\/2010\/09\/DSC6631.jpg?resize=1024%2C680&amp;ssl=1 1024w, https:\/\/i0.wp.com\/www.evelyne-axell.info\/fra\/wp-content\/uploads\/2010\/09\/DSC6631.jpg?resize=150%2C99&amp;ssl=1 150w, https:\/\/i0.wp.com\/www.evelyne-axell.info\/fra\/wp-content\/uploads\/2010\/09\/DSC6631.jpg?resize=601%2C400&amp;ssl=1 601w, https:\/\/i0.wp.com\/www.evelyne-axell.info\/fra\/wp-content\/uploads\/2010\/09\/DSC6631.jpg?resize=300%2C199&amp;ssl=1 300w, https:\/\/i0.wp.com\/www.evelyne-axell.info\/fra\/wp-content\/uploads\/2010\/09\/DSC6631.jpg?resize=720%2C478&amp;ssl=1 720w, https:\/\/i0.wp.com\/www.evelyne-axell.info\/fra\/wp-content\/uploads\/2010\/09\/DSC6631.jpg?w=1200&amp;ssl=1 1200w\" sizes=\"auto, (max-width: 600px) 100vw, 600px\" \/><\/p>\n<p>Video-reportage par ARTE:<br \/>\n<object id=\"playerArte\" width=\"640\" height=\"410\" classid=\"clsid:d27cdb6e-ae6d-11cf-96b8-444553540000\" codebase=\"http:\/\/download.macromedia.com\/pub\/shockwave\/cabs\/flash\/swflash.cab#version=6,0,40,0\"><param name=\"allowFullScreen\" value=\"true\" \/><param name=\"allowScriptAccess\" value=\"always\" \/><param name=\"quality\" value=\"high\" \/><param name=\"src\" value=\"http:\/\/videos.arte.tv\/videoplayer.swf?videoId=3702036&amp;videorefFileUrl=http%3A%2F%2Fvideos%2Earte%2Etv%2Ffr%2Fdo%5Fdelegate%2Fvideos%2Fla%2Dfemale%2Dtouch%2Ddu%2Dpop%2Dart%2D%2D3702036%2Cview%2CasPlayerXml%2Exml&amp;admin=false&amp;lang=fr&amp;autoPlay=true&amp;localizedPathUrl=http%3A%2F%2Fvideos%2Earte%2Etv%2Fcae%2Fstatic%2Fflash%2Fplayer%2F&amp;configFileUrl=http%3A%2F%2Fvideos%2Earte%2Etv%2Fcae%2Fstatic%2Fflash%2Fplayer%2Fconfig%2Exml&amp;mode=prod&amp;embed=true&amp;autoPlay=false\" \/><param name=\"allowfullscreen\" value=\"true\" \/><param name=\"allowscriptaccess\" value=\"always\" \/><param name=\"pluginspage\" value=\"http:\/\/www.macromedia.com\/go\/getflashplayer\" \/><\/object><br \/>\nCommissaire d&rsquo;exposition: Angela Stief<\/p>\n<p>KUNSTHALLE wien<br \/>\nMuseumsplatz 1<br \/>\nA-1070 Vienna<br \/>\nwww.kunsthallewien.at<\/p>\n","protected":false},"excerpt":{"rendered":"<p>POWER UP &#8211; Female Pop Art Du 5 novembre 2010 au 10 mars 2011 L&rsquo;exposition pr\u00e9sente des \u0153uvres d&rsquo;Evelyne Axell, Sister Corita, Christa Dichgans, Rosalyn Drexler, Jann Haworth, Dorothy Iannone, Kiki Kogelnik, Marisol et Niki de Saint Phalle Pour cette <a class=\"more-link\" href=\"https:\/\/www.evelyne-axell.info\/fra\/2010\/09\/10\/evelyne-axell-dans-la-premiere-exposition-sur-le-pop-art-feminin-a-la-kunsthalle-de-vienne\/\">Lire la suite&#8230;<\/a><\/p>\n","protected":false},"author":1,"featured_media":659,"comment_status":"closed","ping_status":"closed","sticky":false,"template":"","format":"standard","meta":{"ngg_post_thumbnail":0,"_jetpack_memberships_contains_paid_content":false,"footnotes":""},"categories":[4],"tags":[],"class_list":["post-299","post","type-post","status-publish","format-standard","has-post-thumbnail","hentry","category-expo"],"jetpack_featured_media_url":"https:\/\/i0.wp.com\/www.evelyne-axell.info\/fra\/wp-content\/uploads\/2010\/09\/18-Ausstellungsansicht.jpg?fit=830%2C567&ssl=1","jetpack_sharing_enabled":true,"_links":{"self":[{"href":"https:\/\/www.evelyne-axell.info\/fra\/wp-json\/wp\/v2\/posts\/299","targetHints":{"allow":["GET"]}}],"collection":[{"href":"https:\/\/www.evelyne-axell.info\/fra\/wp-json\/wp\/v2\/posts"}],"about":[{"href":"https:\/\/www.evelyne-axell.info\/fra\/wp-json\/wp\/v2\/types\/post"}],"author":[{"embeddable":true,"href":"https:\/\/www.evelyne-axell.info\/fra\/wp-json\/wp\/v2\/users\/1"}],"replies":[{"embeddable":true,"href":"https:\/\/www.evelyne-axell.info\/fra\/wp-json\/wp\/v2\/comments?post=299"}],"version-history":[{"count":5,"href":"https:\/\/www.evelyne-axell.info\/fra\/wp-json\/wp\/v2\/posts\/299\/revisions"}],"predecessor-version":[{"id":876,"href":"https:\/\/www.evelyne-axell.info\/fra\/wp-json\/wp\/v2\/posts\/299\/revisions\/876"}],"wp:featuredmedia":[{"embeddable":true,"href":"https:\/\/www.evelyne-axell.info\/fra\/wp-json\/wp\/v2\/media\/659"}],"wp:attachment":[{"href":"https:\/\/www.evelyne-axell.info\/fra\/wp-json\/wp\/v2\/media?parent=299"}],"wp:term":[{"taxonomy":"category","embeddable":true,"href":"https:\/\/www.evelyne-axell.info\/fra\/wp-json\/wp\/v2\/categories?post=299"},{"taxonomy":"post_tag","embeddable":true,"href":"https:\/\/www.evelyne-axell.info\/fra\/wp-json\/wp\/v2\/tags?post=299"}],"curies":[{"name":"wp","href":"https:\/\/api.w.org\/{rel}","templated":true}]}}