{"id":271,"date":"2010-09-10T18:14:52","date_gmt":"2010-09-10T16:14:52","guid":{"rendered":"http:\/\/www.evelyne-axell.com\/blog1\/?p=271"},"modified":"2015-08-28T16:16:37","modified_gmt":"2015-08-28T14:16:37","slug":"exposition-au-wiels-a-bruxelles","status":"publish","type":"post","link":"https:\/\/www.evelyne-axell.info\/fra\/2010\/09\/10\/exposition-au-wiels-a-bruxelles\/","title":{"rendered":"Exposition au WIELS \u00e0 Bruxelles."},"content":{"rendered":"<h2>Exposition \u00ab\u00a0Evelyne Axell, Images contestataires\u00a0\u00bb<\/h2>\n<address>Du 22 octobre 2010 au 16 janvier 2011.<\/address>\n<p>L&rsquo;exposition<strong> \u00ab\u00a0Evelyne Axell, images contestataires\u00a0\u00bb<\/strong> pr\u00e9sente une douzaine d&rsquo;\u0153uvres engag\u00e9es dans la mouvance contestataire et politique de la fin des ann\u00e9es soixante. Ce n&rsquo;est peut-\u00eatre pas le th\u00e8me principal de l&rsquo;\u0153uvre d&rsquo;Evelyne Axell, mais il est cependant tr\u00e8s important par le t\u00e9moignage particuli\u00e8rement lucide qu&rsquo;il apporte sur les mouvements contestataires de cette p\u00e9riode et la perception de l&rsquo;artiste par rapport \u00e0 ces bouleversements soci\u00e9taires.<\/p>\n<div id=\"attachment_641\" style=\"width: 610px\" class=\"wp-caption alignnone\"><img data-recalc-dims=\"1\" loading=\"lazy\" decoding=\"async\" aria-describedby=\"caption-attachment-641\" class=\"size-medium wp-image-641\" src=\"https:\/\/i0.wp.com\/www.evelyne-axell.info\/fra\/wp-content\/uploads\/2010\/09\/Campus-and-Le-joli-mois-de-mai.jpg?resize=600%2C400&#038;ssl=1\" alt=\"Campus et Le joli mois de Mai\" width=\"600\" height=\"400\" srcset=\"https:\/\/i0.wp.com\/www.evelyne-axell.info\/fra\/wp-content\/uploads\/2010\/09\/Campus-and-Le-joli-mois-de-mai.jpg?resize=600%2C400&amp;ssl=1 600w, https:\/\/i0.wp.com\/www.evelyne-axell.info\/fra\/wp-content\/uploads\/2010\/09\/Campus-and-Le-joli-mois-de-mai.jpg?resize=150%2C100&amp;ssl=1 150w, https:\/\/i0.wp.com\/www.evelyne-axell.info\/fra\/wp-content\/uploads\/2010\/09\/Campus-and-Le-joli-mois-de-mai.jpg?resize=300%2C200&amp;ssl=1 300w, https:\/\/i0.wp.com\/www.evelyne-axell.info\/fra\/wp-content\/uploads\/2010\/09\/Campus-and-Le-joli-mois-de-mai.jpg?resize=720%2C480&amp;ssl=1 720w, https:\/\/i0.wp.com\/www.evelyne-axell.info\/fra\/wp-content\/uploads\/2010\/09\/Campus-and-Le-joli-mois-de-mai.jpg?w=900&amp;ssl=1 900w\" sizes=\"auto, (max-width: 600px) 100vw, 600px\" \/><p id=\"caption-attachment-641\" class=\"wp-caption-text\">Campus et Le joli mois de Mai<\/p><\/div>\n<p>&nbsp;<\/p>\n<div id=\"attachment_643\" style=\"width: 310px\" class=\"wp-caption alignleft\"><img data-recalc-dims=\"1\" loading=\"lazy\" decoding=\"async\" aria-describedby=\"caption-attachment-643\" class=\"size-medium wp-image-643\" src=\"https:\/\/i0.wp.com\/www.evelyne-axell.info\/fra\/wp-content\/uploads\/2010\/09\/Campus.jpg?resize=300%2C400&#038;ssl=1\" alt=\"Campus\" width=\"300\" height=\"400\" srcset=\"https:\/\/i0.wp.com\/www.evelyne-axell.info\/fra\/wp-content\/uploads\/2010\/09\/Campus.jpg?resize=300%2C399&amp;ssl=1 300w, https:\/\/i0.wp.com\/www.evelyne-axell.info\/fra\/wp-content\/uploads\/2010\/09\/Campus.jpg?resize=112%2C150&amp;ssl=1 112w, https:\/\/i0.wp.com\/www.evelyne-axell.info\/fra\/wp-content\/uploads\/2010\/09\/Campus.jpg?w=400&amp;ssl=1 400w\" sizes=\"auto, (max-width: 300px) 100vw, 300px\" \/><p id=\"caption-attachment-643\" class=\"wp-caption-text\">Campus<\/p><\/div>\n<p>Parmi les \u0153uvres expos\u00e9es \u00ab\u00a0Campus\u00a0\u00bb, qui \u00e9voque l&rsquo;intervention arm\u00e9e de la Garde Nationale contre les manifestants de l&rsquo;universit\u00e9 de Kent State en 1970 et le \u00ab\u00a0portrait d&rsquo;Angela Davis\u00a0\u00bb, membre du parti Communiste am\u00e9ricain et des Black Panthers, militante pour les droits des noirs et des femmes, repr\u00e9sentent l&rsquo;aspect politis\u00e9 de la contestation am\u00e9ricaine des ann\u00e9es soixante.<\/p>\n<p>Des conf\u00e9rences et la projection d&rsquo;un film documentaire (1978) et d&rsquo;un film de fiction \u00e9crit et jou\u00e9 par Evelyne Axell sont \u00e9galement pr\u00e9vus au WIELS.<\/p>\n<p>WIELS, Centre d&rsquo;Art Contemporain<br \/>\nAv. Van Volxemlaan 354<br \/>\n1190 Bruxelles &#8211; Brussel<br \/>\ntel +32 (0)2 340 00 50<br \/>\nfax +32 (0)2 340 00 59<br \/>\n<a href=\"http:\/\/www.wiels.org\/?PHPSESSID=0e38625e9ee25bd19125e0aac1350465\">www.wiels.org<\/a><\/p>\n","protected":false},"excerpt":{"rendered":"<p>Exposition \u00ab\u00a0Evelyne Axell, Images contestataires\u00a0\u00bb Du 22 octobre 2010 au 16 janvier 2011. L&rsquo;exposition \u00ab\u00a0Evelyne Axell, images contestataires\u00a0\u00bb pr\u00e9sente une douzaine d&rsquo;\u0153uvres engag\u00e9es dans la mouvance contestataire et politique de la fin des ann\u00e9es soixante. Ce n&rsquo;est peut-\u00eatre pas le <a class=\"more-link\" href=\"https:\/\/www.evelyne-axell.info\/fra\/2010\/09\/10\/exposition-au-wiels-a-bruxelles\/\">Lire la suite&#8230;<\/a><\/p>\n","protected":false},"author":1,"featured_media":643,"comment_status":"closed","ping_status":"closed","sticky":false,"template":"","format":"standard","meta":{"ngg_post_thumbnail":0,"_jetpack_memberships_contains_paid_content":false,"footnotes":""},"categories":[4],"tags":[],"class_list":["post-271","post","type-post","status-publish","format-standard","has-post-thumbnail","hentry","category-expo"],"jetpack_featured_media_url":"https:\/\/i0.wp.com\/www.evelyne-axell.info\/fra\/wp-content\/uploads\/2010\/09\/Campus.jpg?fit=400%2C533&ssl=1","jetpack_sharing_enabled":true,"_links":{"self":[{"href":"https:\/\/www.evelyne-axell.info\/fra\/wp-json\/wp\/v2\/posts\/271","targetHints":{"allow":["GET"]}}],"collection":[{"href":"https:\/\/www.evelyne-axell.info\/fra\/wp-json\/wp\/v2\/posts"}],"about":[{"href":"https:\/\/www.evelyne-axell.info\/fra\/wp-json\/wp\/v2\/types\/post"}],"author":[{"embeddable":true,"href":"https:\/\/www.evelyne-axell.info\/fra\/wp-json\/wp\/v2\/users\/1"}],"replies":[{"embeddable":true,"href":"https:\/\/www.evelyne-axell.info\/fra\/wp-json\/wp\/v2\/comments?post=271"}],"version-history":[{"count":4,"href":"https:\/\/www.evelyne-axell.info\/fra\/wp-json\/wp\/v2\/posts\/271\/revisions"}],"predecessor-version":[{"id":906,"href":"https:\/\/www.evelyne-axell.info\/fra\/wp-json\/wp\/v2\/posts\/271\/revisions\/906"}],"wp:featuredmedia":[{"embeddable":true,"href":"https:\/\/www.evelyne-axell.info\/fra\/wp-json\/wp\/v2\/media\/643"}],"wp:attachment":[{"href":"https:\/\/www.evelyne-axell.info\/fra\/wp-json\/wp\/v2\/media?parent=271"}],"wp:term":[{"taxonomy":"category","embeddable":true,"href":"https:\/\/www.evelyne-axell.info\/fra\/wp-json\/wp\/v2\/categories?post=271"},{"taxonomy":"post_tag","embeddable":true,"href":"https:\/\/www.evelyne-axell.info\/fra\/wp-json\/wp\/v2\/tags?post=271"}],"curies":[{"name":"wp","href":"https:\/\/api.w.org\/{rel}","templated":true}]}}