{"id":257,"date":"2010-05-27T18:44:29","date_gmt":"2010-05-27T16:44:29","guid":{"rendered":"http:\/\/www.evelyne-axell.com\/blog1\/?p=257"},"modified":"2015-08-03T19:24:39","modified_gmt":"2015-08-03T17:24:39","slug":"le-portrait-de-yael-dayan-par-axell-expose-a-tel-aviv","status":"publish","type":"post","link":"https:\/\/www.evelyne-axell.info\/fra\/2010\/05\/27\/le-portrait-de-yael-dayan-par-axell-expose-a-tel-aviv\/","title":{"rendered":"Le portrait de Ya\u00ebl Dayan par Axell expos\u00e9 \u00e0 Tel Aviv."},"content":{"rendered":"<h2>La galerie Contemporary by Golconda de Tel Aviv expose le \u00ab\u00a0Portrait de Ya\u00ebl Dayan\u00a0\u00bb d&rsquo;Evelyne Axell dans le cadre de l&rsquo;exposition \u00ab\u00a0Surviving H1N1\u00a0\u00bb.<\/h2>\n<address>Du 29 avril au 26 juin 2010.<\/address>\n<div id=\"attachment_682\" style=\"width: 530px\" class=\"wp-caption alignnone\"><img data-recalc-dims=\"1\" loading=\"lazy\" decoding=\"async\" aria-describedby=\"caption-attachment-682\" class=\" wp-image-682 \" src=\"https:\/\/i0.wp.com\/www.evelyne-axell.info\/fra\/wp-content\/uploads\/2010\/05\/Dayan3.jpg?resize=520%2C346&#038;ssl=1\" alt=\"Ya\u00ebl Dayan et Guillaume Rouchon\" width=\"520\" height=\"346\" srcset=\"https:\/\/i0.wp.com\/www.evelyne-axell.info\/fra\/wp-content\/uploads\/2010\/05\/Dayan3.jpg?w=650&amp;ssl=1 650w, https:\/\/i0.wp.com\/www.evelyne-axell.info\/fra\/wp-content\/uploads\/2010\/05\/Dayan3.jpg?resize=150%2C99&amp;ssl=1 150w, https:\/\/i0.wp.com\/www.evelyne-axell.info\/fra\/wp-content\/uploads\/2010\/05\/Dayan3.jpg?resize=601%2C400&amp;ssl=1 601w, https:\/\/i0.wp.com\/www.evelyne-axell.info\/fra\/wp-content\/uploads\/2010\/05\/Dayan3.jpg?resize=300%2C199&amp;ssl=1 300w\" sizes=\"auto, (max-width: 520px) 100vw, 520px\" \/><p id=\"caption-attachment-682\" class=\"wp-caption-text\">Ya\u00ebl Dayan et Guillaume Rouchon<\/p><\/div>\n<p><span id=\"result_box\">Surviving H1N1 pr\u00e9sente des \u0153uvres cr\u00e9\u00e9es par une s\u00e9lection internationale d&rsquo;artistes \u00e9tablis et \u00e9mergents, en soulignant l&rsquo;interaction inali\u00e9nable de la m\u00e9moire et de l&rsquo;innovation dans le contexte de l&rsquo;art d&rsquo;apr\u00e8s-guerre. En combinant des pi\u00e8ces cr\u00e9\u00e9es sp\u00e9cialement pour l&rsquo;occasion avec des \u0153uvres produites durant la seconde moiti\u00e9 du 20e si\u00e8cle, cette exposition examine les questions de g\u00e9n\u00e9rations en ce qui concerne les pratiques post-moderne.<\/span><\/p>\n<address>Contemporary by Golconda<\/address>\n<address>Commissaire d&rsquo;exposition Guillaume Rouchon<\/address>\n<p>&nbsp;<\/p>\n","protected":false},"excerpt":{"rendered":"<p>La galerie Contemporary by Golconda de Tel Aviv expose le \u00ab\u00a0Portrait de Ya\u00ebl Dayan\u00a0\u00bb d&rsquo;Evelyne Axell dans le cadre de l&rsquo;exposition \u00ab\u00a0Surviving H1N1\u00a0\u00bb. Du 29 avril au 26 juin 2010. Surviving H1N1 pr\u00e9sente des \u0153uvres cr\u00e9\u00e9es par une s\u00e9lection internationale <a class=\"more-link\" href=\"https:\/\/www.evelyne-axell.info\/fra\/2010\/05\/27\/le-portrait-de-yael-dayan-par-axell-expose-a-tel-aviv\/\">Lire la suite&#8230;<\/a><\/p>\n","protected":false},"author":1,"featured_media":680,"comment_status":"closed","ping_status":"closed","sticky":false,"template":"","format":"standard","meta":{"ngg_post_thumbnail":0,"_jetpack_memberships_contains_paid_content":false,"footnotes":""},"categories":[4],"tags":[],"class_list":["post-257","post","type-post","status-publish","format-standard","has-post-thumbnail","hentry","category-expo"],"jetpack_featured_media_url":"https:\/\/i0.wp.com\/www.evelyne-axell.info\/fra\/wp-content\/uploads\/2010\/05\/Dayan001.jpg?fit=400%2C600&ssl=1","jetpack_sharing_enabled":true,"_links":{"self":[{"href":"https:\/\/www.evelyne-axell.info\/fra\/wp-json\/wp\/v2\/posts\/257","targetHints":{"allow":["GET"]}}],"collection":[{"href":"https:\/\/www.evelyne-axell.info\/fra\/wp-json\/wp\/v2\/posts"}],"about":[{"href":"https:\/\/www.evelyne-axell.info\/fra\/wp-json\/wp\/v2\/types\/post"}],"author":[{"embeddable":true,"href":"https:\/\/www.evelyne-axell.info\/fra\/wp-json\/wp\/v2\/users\/1"}],"replies":[{"embeddable":true,"href":"https:\/\/www.evelyne-axell.info\/fra\/wp-json\/wp\/v2\/comments?post=257"}],"version-history":[{"count":3,"href":"https:\/\/www.evelyne-axell.info\/fra\/wp-json\/wp\/v2\/posts\/257\/revisions"}],"predecessor-version":[{"id":879,"href":"https:\/\/www.evelyne-axell.info\/fra\/wp-json\/wp\/v2\/posts\/257\/revisions\/879"}],"wp:featuredmedia":[{"embeddable":true,"href":"https:\/\/www.evelyne-axell.info\/fra\/wp-json\/wp\/v2\/media\/680"}],"wp:attachment":[{"href":"https:\/\/www.evelyne-axell.info\/fra\/wp-json\/wp\/v2\/media?parent=257"}],"wp:term":[{"taxonomy":"category","embeddable":true,"href":"https:\/\/www.evelyne-axell.info\/fra\/wp-json\/wp\/v2\/categories?post=257"},{"taxonomy":"post_tag","embeddable":true,"href":"https:\/\/www.evelyne-axell.info\/fra\/wp-json\/wp\/v2\/tags?post=257"}],"curies":[{"name":"wp","href":"https:\/\/api.w.org\/{rel}","templated":true}]}}