{"id":195,"date":"2006-05-19T19:20:16","date_gmt":"2006-05-19T18:20:16","guid":{"rendered":"http:\/\/www.evelyne-axell.com\/blog1\/?p=195"},"modified":"2015-08-03T19:32:24","modified_gmt":"2015-08-03T17:32:24","slug":"exposition-retrospective-a-clermont-ferrand","status":"publish","type":"post","link":"https:\/\/www.evelyne-axell.info\/fra\/2006\/05\/19\/exposition-retrospective-a-clermont-ferrand\/","title":{"rendered":"Exposition r\u00e9trospective \u00e0 Clermont-Ferrand."},"content":{"rendered":"<h2><span style=\"color: #000000;\">Du Viol d&rsquo;Ingres au Retour de Tarzan.<br \/>\n<\/span><\/h2>\n<address><span style=\"color: #000000;\">19 mai au 10 septembre 2006.<br \/>\n<\/span><\/address>\n<address>\u00a0<img data-recalc-dims=\"1\" loading=\"lazy\" decoding=\"async\" class=\"alignnone size-full wp-image-695\" src=\"https:\/\/i0.wp.com\/www.evelyne-axell.info\/fra\/wp-content\/uploads\/2006\/05\/axell.jpg?resize=640%2C480&#038;ssl=1\" alt=\"Clermont\" width=\"640\" height=\"480\" srcset=\"https:\/\/i0.wp.com\/www.evelyne-axell.info\/fra\/wp-content\/uploads\/2006\/05\/axell.jpg?w=640&amp;ssl=1 640w, https:\/\/i0.wp.com\/www.evelyne-axell.info\/fra\/wp-content\/uploads\/2006\/05\/axell.jpg?resize=150%2C112&amp;ssl=1 150w, https:\/\/i0.wp.com\/www.evelyne-axell.info\/fra\/wp-content\/uploads\/2006\/05\/axell.jpg?resize=533%2C400&amp;ssl=1 533w, https:\/\/i0.wp.com\/www.evelyne-axell.info\/fra\/wp-content\/uploads\/2006\/05\/axell.jpg?resize=300%2C225&amp;ssl=1 300w\" sizes=\"auto, (max-width: 640px) 100vw, 640px\" \/><\/address>\n<address><span style=\"font-family: Arial,Helvetica,Geneva,Sans-serif,sans-serif;\">L&rsquo;\u0153uvre d&rsquo;\u00c9velyne Axell a peu \u00e9t\u00e9 montr\u00e9e en France. En 1969, la toute jeune galerie Daniel Templon avait certes donn\u00e9 \u00e0 voir, pr\u00e9sent\u00e9e par Pierre Restany, une s\u00e9rie de repr\u00e9sentations f\u00e9minines, que l&rsquo;on peut qualifier d&rsquo;all\u00e9goriques, peintes \u00e0 l&rsquo;\u00e9mail sur Plexiglas. Et, en 2000, le Centre Wallonie-Bruxelles, \u00e0 son tour, mais trente et un ans apr\u00e8s, avait d\u00e9ploy\u00e9 \u00e0 Paris un ensemble repr\u00e9sentatif de son \u0153uvre. <\/span><\/address>\n<p align=\"justify\"><span style=\"font-family: Arial,Helvetica,Geneva,Sans-serif,sans-serif;\">C&rsquo;est donc en 2006 avec l&rsquo;exposition Du viol d&rsquo;Ingres au retour de Tarzan, au mus\u00e9e d&rsquo;art Roger-Quilliot, qu&rsquo;est enfin consacr\u00e9e, par un mus\u00e9e fran\u00e7ais, une importante r\u00e9trospective \u00e0 cette grande artiste belge morte brutalement dans un accident de la route, \u00e0 l&rsquo;\u00e2ge de trente-sept ans. L&rsquo;exposition pr\u00e9sente soixante peintures, onze dessins, cinq objets peints. La carri\u00e8re d&rsquo;Axell a \u00e9t\u00e9 br\u00e8ve, intense, fulgurante. \u00c0 la peinture, comme au th\u00e9\u00e2tre et au cin\u00e9ma, elle a vou\u00e9 sept ann\u00e9es de travail heureux, sept ann\u00e9es qui l&rsquo;ont conduite d&rsquo;un apprentissage classique du m\u00e9tier de peintre, sous l&rsquo;autorit\u00e9 de Magritte, \u00e0 l&rsquo;\u00e9panouissement d&rsquo;un style singulier, unique, dont l&rsquo;esth\u00e9tique Pop am\u00e9ricaine et surtout anglaise lui ont offert les pr\u00e9mices.<\/span><\/p>\n<p align=\"justify\"><img data-recalc-dims=\"1\" loading=\"lazy\" decoding=\"async\" class=\"alignnone size-full wp-image-696\" src=\"https:\/\/i0.wp.com\/www.evelyne-axell.info\/fra\/wp-content\/uploads\/2006\/05\/IMG_1472.jpg?resize=320%2C240&#038;ssl=1\" alt=\"Clermont 2\" width=\"320\" height=\"240\" srcset=\"https:\/\/i0.wp.com\/www.evelyne-axell.info\/fra\/wp-content\/uploads\/2006\/05\/IMG_1472.jpg?w=320&amp;ssl=1 320w, https:\/\/i0.wp.com\/www.evelyne-axell.info\/fra\/wp-content\/uploads\/2006\/05\/IMG_1472.jpg?resize=150%2C112&amp;ssl=1 150w, https:\/\/i0.wp.com\/www.evelyne-axell.info\/fra\/wp-content\/uploads\/2006\/05\/IMG_1472.jpg?resize=300%2C225&amp;ssl=1 300w\" sizes=\"auto, (max-width: 320px) 100vw, 320px\" \/><\/p>\n<p align=\"justify\"><span style=\"font-family: Arial,Helvetica,Geneva,Sans-serif,sans-serif;\">L&rsquo;art d&rsquo;Axell ne s&rsquo;est en rien soumis ou conform\u00e9 \u00e0 l&rsquo;esth\u00e9tique et \u00e0 l&rsquo;iconographie du Pop Art. On ne peut pas, non plus, l&rsquo;enr\u00f4ler sous la banni\u00e8re du Nouveau R\u00e9alisme ou de la Figuration narrative. Comme les artistes am\u00e9ricains, comme les nouveaux r\u00e9alistes, elle a exalt\u00e9 un style de vie urbain et, non pas la nouveaut\u00e9, mais le neuf, la beaut\u00e9 froide, hygi\u00e9nique, aseptis\u00e9e du neuf. Elle en a exprim\u00e9 la po\u00e9sie par le recours \u00e0 des mat\u00e9riaux contemporains, polyester, fourrures synth\u00e9tiques, etc., dont l&rsquo;\u00e9num\u00e9ration des noms de certains compose des comptines \u00e9nigmatiques : krylon, Unalit, Plexiglas, Formica\u2026 Elle a su tirer parti de leurs mat\u00e9rialit\u00e9s mates, opaques, permettant parfois des transparences opalines baignant leur coloration dans une lumi\u00e8re \u00e9gale, blanche, fragile, lumi\u00e8re du matin \u00e0 jamais. <\/span><\/p>\n<p align=\"justify\"><span style=\"font-family: Arial,Helvetica,Geneva,Sans-serif,sans-serif;\">Mais, surtout, elle a su cr\u00e9er une iconographie \u00e9rotique, douce et d\u00e9licate, une c\u00e9l\u00e9bration f\u00e9ministe du corps, de la sexualit\u00e9 d\u00e9livr\u00e9e du p\u00e9ch\u00e9, des culpabilit\u00e9s ali\u00e9nantes. Comme ses contemporains, elle a aim\u00e9 d\u00e9couper dans les mat\u00e9riaux neufs, nouveaux, les contours de ses \u0153uvres. Elle a aspir\u00e9 \u00e0 un art ludique, mais aux jeux froids, formels, seulement visuels, des artistes cin\u00e9tiques, elle a propos\u00e9 des \u0153uvres \u00e0 caresser, \u00e0 toucher, comme les corps que ses \u0153uvres c\u00e9l\u00e8brent. Cette aspiration \u00e0 une vie libre va se cristalliser dans ses repr\u00e9sentations de paysages d&rsquo;aube, jungles luxuriantes et plages d&rsquo;\u00eeles nouvelles, sortes d&rsquo;\u00c9dens \u00e0 retrouver o\u00f9 semblent confluer toutes les qu\u00eates des ailleurs o\u00f9 fuir qui ont travaill\u00e9, disons depuis Gauguin, nombre d&rsquo;artistes et d&rsquo;\u00e9crivains. Ce n&rsquo;est pas un hasard, si l&rsquo;art d&rsquo;Axell peut nous \u00e9voquer le style des \u0153uvres symboliques, leur lin\u00e9arit\u00e9 simplificatrice, leur composition par aplats, leur refus de la perspective. <\/span><\/p>\n<p align=\"justify\"><img data-recalc-dims=\"1\" loading=\"lazy\" decoding=\"async\" class=\"alignnone size-full wp-image-697\" src=\"https:\/\/i0.wp.com\/www.evelyne-axell.info\/fra\/wp-content\/uploads\/2006\/05\/IMG_1621.jpg?resize=320%2C240&#038;ssl=1\" alt=\"Clermont 3\" width=\"320\" height=\"240\" srcset=\"https:\/\/i0.wp.com\/www.evelyne-axell.info\/fra\/wp-content\/uploads\/2006\/05\/IMG_1621.jpg?w=320&amp;ssl=1 320w, https:\/\/i0.wp.com\/www.evelyne-axell.info\/fra\/wp-content\/uploads\/2006\/05\/IMG_1621.jpg?resize=150%2C112&amp;ssl=1 150w, https:\/\/i0.wp.com\/www.evelyne-axell.info\/fra\/wp-content\/uploads\/2006\/05\/IMG_1621.jpg?resize=300%2C225&amp;ssl=1 300w\" sizes=\"auto, (max-width: 320px) 100vw, 320px\" \/><\/p>\n<p align=\"justify\"><span style=\"font-family: Arial,Helvetica,Geneva,Sans-serif,sans-serif;\">Elle s&rsquo;inscrit ainsi dans l&rsquo;une des traditions de l&rsquo;art belge, \u00e0 la suite de F\u00e9licien Rops, dont certaines de ses \u0153uvres se souviennent, de Fernand Knopff, de L\u00e9on Spilliaert, de Magritte et de Delvaux, etc. Mais elle la transcrit dans son style unique et la revivifie, dans les r\u00eaves de Barbarella et de Tarzan. <\/span><\/p>\n<p>Le mus\u00e9e d&rsquo;art Roger-Quilliot<\/p>\n<p>Situ\u00e9 Place Louis-Deteix dans le quartier historique de Montferrand, le mus\u00e9e d&rsquo;art Roger Quilliot est implant\u00e9 dans l&rsquo;ancien couvent des Ursulines, \u00e9difi\u00e9 au XVIIIe si\u00e8cle, et d\u00e9sormais class\u00e9 monument historique. Il a \u00e9t\u00e9 cr\u00e9\u00e9 sur ce site en 1992, en regroupant les collections municipales de beaux-arts.<\/p>\n<p>Quartier historique de Montferrand<br \/>\nPlace Louis Deteix<br \/>\n63100 Clermont-Ferrand<br \/>\nt\u00e9l. 04 73 16 11 30<br \/>\nfax 04 73 16 11 31<br \/>\ne-mail : musee.art@ville-clermont-ferrand.fr<\/p>\n<p>Ouvert du mardi au dimanche<\/p>\n","protected":false},"excerpt":{"rendered":"<p>Du Viol d&rsquo;Ingres au Retour de Tarzan. 19 mai au 10 septembre 2006. \u00a0 L&rsquo;\u0153uvre d&rsquo;\u00c9velyne Axell a peu \u00e9t\u00e9 montr\u00e9e en France. En 1969, la toute jeune galerie Daniel Templon avait certes donn\u00e9 \u00e0 voir, pr\u00e9sent\u00e9e par Pierre Restany, <a class=\"more-link\" href=\"https:\/\/www.evelyne-axell.info\/fra\/2006\/05\/19\/exposition-retrospective-a-clermont-ferrand\/\">Lire la suite&#8230;<\/a><\/p>\n","protected":false},"author":1,"featured_media":698,"comment_status":"closed","ping_status":"closed","sticky":false,"template":"","format":"standard","meta":{"ngg_post_thumbnail":0,"_jetpack_memberships_contains_paid_content":false,"footnotes":""},"categories":[4],"tags":[],"class_list":["post-195","post","type-post","status-publish","format-standard","has-post-thumbnail","hentry","category-expo"],"jetpack_featured_media_url":"https:\/\/i0.wp.com\/www.evelyne-axell.info\/fra\/wp-content\/uploads\/2006\/05\/IMG_1580.jpg?fit=320%2C240&ssl=1","jetpack_sharing_enabled":true,"_links":{"self":[{"href":"https:\/\/www.evelyne-axell.info\/fra\/wp-json\/wp\/v2\/posts\/195","targetHints":{"allow":["GET"]}}],"collection":[{"href":"https:\/\/www.evelyne-axell.info\/fra\/wp-json\/wp\/v2\/posts"}],"about":[{"href":"https:\/\/www.evelyne-axell.info\/fra\/wp-json\/wp\/v2\/types\/post"}],"author":[{"embeddable":true,"href":"https:\/\/www.evelyne-axell.info\/fra\/wp-json\/wp\/v2\/users\/1"}],"replies":[{"embeddable":true,"href":"https:\/\/www.evelyne-axell.info\/fra\/wp-json\/wp\/v2\/comments?post=195"}],"version-history":[{"count":4,"href":"https:\/\/www.evelyne-axell.info\/fra\/wp-json\/wp\/v2\/posts\/195\/revisions"}],"predecessor-version":[{"id":888,"href":"https:\/\/www.evelyne-axell.info\/fra\/wp-json\/wp\/v2\/posts\/195\/revisions\/888"}],"wp:featuredmedia":[{"embeddable":true,"href":"https:\/\/www.evelyne-axell.info\/fra\/wp-json\/wp\/v2\/media\/698"}],"wp:attachment":[{"href":"https:\/\/www.evelyne-axell.info\/fra\/wp-json\/wp\/v2\/media?parent=195"}],"wp:term":[{"taxonomy":"category","embeddable":true,"href":"https:\/\/www.evelyne-axell.info\/fra\/wp-json\/wp\/v2\/categories?post=195"},{"taxonomy":"post_tag","embeddable":true,"href":"https:\/\/www.evelyne-axell.info\/fra\/wp-json\/wp\/v2\/tags?post=195"}],"curies":[{"name":"wp","href":"https:\/\/api.w.org\/{rel}","templated":true}]}}