{"id":17,"date":"2009-09-05T17:59:27","date_gmt":"2009-09-05T15:59:27","guid":{"rendered":"http:\/\/02b4752.netsolhost.com\/blog1\/?p=17"},"modified":"2015-08-03T19:30:39","modified_gmt":"2015-08-03T17:30:39","slug":"exposition-a-la-chataigneraie","status":"publish","type":"post","link":"https:\/\/www.evelyne-axell.info\/fra\/2009\/09\/05\/exposition-a-la-chataigneraie\/","title":{"rendered":"Exposition \u00e0 La Ch\u00e2taigneraie."},"content":{"rendered":"<h2>Un aper\u00e7u du Pop Art en Wallonie:<\/h2>\n<h2>Evelyne Axell, Alain Denis et Fernand Flausch.<\/h2>\n<p><strong>Du 12 septembre au 11 octobre 2009.<\/strong><\/p>\n<p>Avec les \u0153uvres de l\u2019artiste wallonne Evelyne Axell, La Ch\u00e2taigneraie vous invite \u00e0 la d\u00e9couverte d\u2019un Pop Art engag\u00e9 et contestataire, r\u00e9solument ax\u00e9 sur la figure de la femme et la condition f\u00e9minine. A d\u00e9couvrir \u00e9galement les \u0153uvres de plusieurs artistes pop wallons tels que Fernand Flausch et Alain Denis\u2026<\/p>\n<div id=\"attachment_19\" style=\"width: 272px\" class=\"wp-caption aligncenter\"><a href=\"https:\/\/i0.wp.com\/www.evelyne-axell.info\/fra\/wp-content\/uploads\/2009\/09\/Ice-Cream-1.jpg?ssl=1\"><img data-recalc-dims=\"1\" loading=\"lazy\" decoding=\"async\" aria-describedby=\"caption-attachment-19\" class=\"size-full wp-image-19\" title=\"Ice Cream 1\" src=\"https:\/\/i0.wp.com\/www.evelyne-axell.info\/fra\/wp-content\/uploads\/2009\/09\/Ice-Cream-1.jpg?resize=262%2C300&#038;ssl=1\" alt=\"Ice Cream 1\" width=\"262\" height=\"300\" \/><\/a><p id=\"caption-attachment-19\" class=\"wp-caption-text\">Ice Cream 1<\/p><\/div>\n<p><strong>Evelyne AXELL (1935-1972)<br \/>\n<\/strong><br \/>\nPour Axell, choisir la femme comme sujet principal voire quasiment exclusif repr\u00e9sente un engagement \u00e0 la fois social, humain, personnel et artistique. C\u2019est donc en toute connaissance de cause qu\u2019elle se lance dans ce combat contre les pr\u00e9jug\u00e9s machistes d\u2019une soci\u00e9t\u00e9 en pleine mutation. Pour elle, la femme artiste doit \u00eatre ma\u00eetre de ses choix, de son destin, de son corps et de ses plaisirs. Elle doit \u00e9galement revendiquer le libre acc\u00e8s \u00e0 ses d\u00e9sirs tout comme la femme en g\u00e9n\u00e9ral.<\/p>\n<p>Les propos d\u2019Axell s\u2019inscrivent dans la vie quotidienne, elle int\u00e8gre dans ses \u0153uvres les id\u00e9es qui se d\u00e9veloppent \u00e0 cette \u00e9poque dans la vie de tous les jours. Elle prend ainsi position par rapport \u00e0 une soci\u00e9t\u00e9 encore profond\u00e9ment ancr\u00e9e dans les notions d\u2019ordre et de soumission, davantage pour les femmes que pour les hommes. Ses tableaux sont marqu\u00e9s par l\u2019\u00e9poque contestataire dans laquelle ils ont vu le jour, une \u00e9poque de lib\u00e9ration des m\u0153urs, des corps, des carcans de pens\u00e9es ainsi que des tabous de tout ordre. Il est donc normal qu\u2019y flotte un certain esprit de libert\u00e9.<\/p>\n<p>Le nombre de repr\u00e9sentations f\u00e9minines dans son \u0153uvre nous prouve la volont\u00e9 d\u2019Axell de concentrer son travail sur l\u2019\u00e9volution des mentalit\u00e9s en ce qui concerne le statut de la femme. A travers son \u0153uvre, on ressent un profond d\u00e9sir de communiquer et d\u2019aborder les grands th\u00e8mes du monde f\u00e9minin et, plus g\u00e9n\u00e9ralement, de l\u2019humanit\u00e9. C\u2019est surtout au travers de ses autoportraits qu\u2019elle va pouvoir r\u00e9aliser ses projets. En effet, Axell consid\u00e8re son corps comme un vecteur de communication sociale, un syst\u00e8me de signes \u00e0 travers lequel elle communique avec les autres.<\/p>\n<p>Lorsque l\u2019on aborde l\u2019\u0153uvre d\u2019Axell sous les angles particuliers de l\u2019\u00e9rotisme et de l\u2019image de la femme, il ne faut pas simplement voir dans ses \u0153uvres des femmes nues se trouvant parfois dans des positions suggestives, mais savoir qu\u2019\u00e0 travers ces th\u00e9matiques Axell veut arriver \u00e0 analyser des rapports complexes pouvant exister entre les hommes et les femmes. Elle d\u00e9sire \u00e9galement faire comprendre aux spectateurs le rapport ambigu que les femmes entretiennent avec les images st\u00e9r\u00e9otyp\u00e9es qui leur sont offertes par la soci\u00e9t\u00e9 de consommation. C\u2019est donc tout un cheminement social, culturel et identitaire qu\u2019il faut d\u00e8s lors pouvoir examiner et analyser dans son \u0153uvre.<\/p>\n<p>Evelyne Axell, femme artiste, femme actrice, femme contestataire mais surtout femme tout simplement, fait partie des artistes qui ont chang\u00e9 la donne de l\u2019histoire de l\u2019art en faisant entrer cette discipline dans une nouvelle \u00e8re consid\u00e9rant enfin les femmes artistes comme des cr\u00e9atrices \u00e0 part enti\u00e8re. Pierre Restany dira d\u2019ailleurs d\u2019elle\u00a0:\u00a0\u00ab\u00a0La Belge Evelyne Axell rejoint la cohorte artistique du pouvoir f\u00e9minin\u00a0: la Fran\u00e7aise Nikki de Saint-Phale et la Japonaise Yayoi Kusama, la V\u00e9n\u00e9zu\u00e9lienne Marisol\u2026 j\u2019en passe. Ces femmes vivent leur r\u00e9volution sexuelle en vraies femmes. Elles en tirent les cons\u00e9quences directes et normales\u00a0: l\u2019initiative change de camp\u00a0\u00bb.<br \/>\nTexte de Justine Mathonet<\/p>\n<table border=\"0\" cellspacing=\"0\" cellpadding=\"0\">\n<tbody>\n<tr>\n<td><\/td>\n<td><\/td>\n<\/tr>\n<tr>\n<td>\n<address>Site web\u00a0:<\/address>\n<\/td>\n<td>\n<address><a href=\"http:\/\/www.cwac.be\/\" target=\"_blank\" rel=\"nofollow\">http:\/\/www.cwac.be<\/a><\/address>\n<\/td>\n<\/tr>\n<tr>\n<td>\n<address>Adresse\u00a0:<\/address>\n<\/td>\n<td>\n<address><a href=\"http:\/\/maps.google.com\/maps?f=q&amp;hl=en&amp;q=19%2C+Chauss%C3%A9e+de+Ramioul%2C+Fl%C3%A9malle-Grande%2C+Belgium\" target=\"_blank\">19, Chauss\u00e9e de Ramioul<\/a><\/address>\n<address>Fl\u00e9malle-Grande, Belgium<\/address>\n<\/td>\n<\/tr>\n<\/tbody>\n<\/table>\n","protected":false},"excerpt":{"rendered":"<p>Un aper\u00e7u du Pop Art en Wallonie: Evelyne Axell, Alain Denis et Fernand Flausch. Du 12 septembre au 11 octobre 2009. Avec les \u0153uvres de l\u2019artiste wallonne Evelyne Axell, La Ch\u00e2taigneraie vous invite \u00e0 la d\u00e9couverte d\u2019un Pop Art engag\u00e9 <a class=\"more-link\" href=\"https:\/\/www.evelyne-axell.info\/fra\/2009\/09\/05\/exposition-a-la-chataigneraie\/\">Lire la suite&#8230;<\/a><\/p>\n","protected":false},"author":1,"featured_media":0,"comment_status":"closed","ping_status":"closed","sticky":false,"template":"","format":"standard","meta":{"ngg_post_thumbnail":0,"_jetpack_memberships_contains_paid_content":false,"footnotes":""},"categories":[4],"tags":[],"class_list":["post-17","post","type-post","status-publish","format-standard","hentry","category-expo"],"jetpack_featured_media_url":"","jetpack_sharing_enabled":true,"_links":{"self":[{"href":"https:\/\/www.evelyne-axell.info\/fra\/wp-json\/wp\/v2\/posts\/17","targetHints":{"allow":["GET"]}}],"collection":[{"href":"https:\/\/www.evelyne-axell.info\/fra\/wp-json\/wp\/v2\/posts"}],"about":[{"href":"https:\/\/www.evelyne-axell.info\/fra\/wp-json\/wp\/v2\/types\/post"}],"author":[{"embeddable":true,"href":"https:\/\/www.evelyne-axell.info\/fra\/wp-json\/wp\/v2\/users\/1"}],"replies":[{"embeddable":true,"href":"https:\/\/www.evelyne-axell.info\/fra\/wp-json\/wp\/v2\/comments?post=17"}],"version-history":[{"count":1,"href":"https:\/\/www.evelyne-axell.info\/fra\/wp-json\/wp\/v2\/posts\/17\/revisions"}],"predecessor-version":[{"id":886,"href":"https:\/\/www.evelyne-axell.info\/fra\/wp-json\/wp\/v2\/posts\/17\/revisions\/886"}],"wp:attachment":[{"href":"https:\/\/www.evelyne-axell.info\/fra\/wp-json\/wp\/v2\/media?parent=17"}],"wp:term":[{"taxonomy":"category","embeddable":true,"href":"https:\/\/www.evelyne-axell.info\/fra\/wp-json\/wp\/v2\/categories?post=17"},{"taxonomy":"post_tag","embeddable":true,"href":"https:\/\/www.evelyne-axell.info\/fra\/wp-json\/wp\/v2\/tags?post=17"}],"curies":[{"name":"wp","href":"https:\/\/api.w.org\/{rel}","templated":true}]}}