{"id":145,"date":"2006-10-04T14:38:53","date_gmt":"2006-10-04T13:38:53","guid":{"rendered":"http:\/\/www.evelyne-axell.com\/blog1\/?p=145"},"modified":"2015-08-03T19:31:36","modified_gmt":"2015-08-03T17:31:36","slug":"exposition-a-la-galerie-patrick-derom","status":"publish","type":"post","link":"https:\/\/www.evelyne-axell.info\/fra\/2006\/10\/04\/exposition-a-la-galerie-patrick-derom\/","title":{"rendered":"Exposition \u00e0 la Galerie Patrick Derom."},"content":{"rendered":"<h1><span style=\"font-family: Arial,Helvetica,Geneva,Sans-serif,sans-serif;\">The Sixties seen by<br \/>\nEvelyne Axell.<br \/>\n<\/span><\/h1>\n<address><em>\u00a0<\/em><span style=\"font-family: Arial,Helvetica,Geneva,Sans-serif,sans-serif;\">Du 4 octobre au 18 novembre 2006.<\/span><\/address>\n<p align=\"justify\"><img data-recalc-dims=\"1\" loading=\"lazy\" decoding=\"async\" class=\"alignnone size-full wp-image-689\" src=\"https:\/\/i0.wp.com\/www.evelyne-axell.info\/fra\/wp-content\/uploads\/2006\/10\/Derom001.jpg?resize=800%2C537&#038;ssl=1\" alt=\"Derom001\" width=\"800\" height=\"537\" srcset=\"https:\/\/i0.wp.com\/www.evelyne-axell.info\/fra\/wp-content\/uploads\/2006\/10\/Derom001.jpg?w=800&amp;ssl=1 800w, https:\/\/i0.wp.com\/www.evelyne-axell.info\/fra\/wp-content\/uploads\/2006\/10\/Derom001.jpg?resize=150%2C100&amp;ssl=1 150w, https:\/\/i0.wp.com\/www.evelyne-axell.info\/fra\/wp-content\/uploads\/2006\/10\/Derom001.jpg?resize=595%2C400&amp;ssl=1 595w, https:\/\/i0.wp.com\/www.evelyne-axell.info\/fra\/wp-content\/uploads\/2006\/10\/Derom001.jpg?resize=300%2C201&amp;ssl=1 300w, https:\/\/i0.wp.com\/www.evelyne-axell.info\/fra\/wp-content\/uploads\/2006\/10\/Derom001.jpg?resize=720%2C483&amp;ssl=1 720w\" sizes=\"auto, (max-width: 800px) 100vw, 800px\" \/><\/p>\n<p align=\"justify\"><strong><span style=\"font-family: Arial,Helvetica,Geneva,Sans-serif,sans-serif;\">Pour la premi\u00e8re fois depuis plus de vingt cinq ans des oeuvres d&rsquo;Axell sont expos\u00e9es dans une galerie priv\u00e9e de Bruxelles.<\/span><br \/>\n<\/strong><strong><span style=\"font-family: Arial,Helvetica,Geneva,Sans-serif,sans-serif;\">Dans un article paru dans \u00ab\u00a0La Libre Belgique\u00a0\u00bb, Claude Lorent exprime son enthousiasme pour une \u0153uvre qu&rsquo;il appr\u00e9cie depuis le d\u00e9but.<\/span><\/strong><span style=\"font-family: Arial,Helvetica,Geneva,Sans-serif,sans-serif;\">\u00a0<\/span><span style=\"font-family: Arial,Helvetica,Geneva,Sans-serif,sans-serif;\"><br \/>\n<\/span><\/p>\n<p><span style=\"font-family: Arial,Helvetica,Geneva,Sans-serif,sans-serif;\"><em><strong>\u00ab\u00a0Apr\u00e8s un incompr\u00e9hensible silence de pr\u00e8s de vingt ans, l&rsquo;oeuvre de l&rsquo;artiste belge Evelyne Axell, l&rsquo;une des rares femmes peintres \u00e0 oeuvrer dans la ligne du pop art, est revenue \u00e0 la une de quelques mus\u00e9es en Belgique, centres d&rsquo;art et galeries \u00e0 l&rsquo;\u00e9tranger. Enfin, une importante galerie d&rsquo;art sur la place de Bruxelles, avec ramifications new- yorkaises, offre une magistrale exposition d&rsquo;une oeuvre de premier plan en tous points de vue.<\/strong><\/em><\/span><\/p>\n<p>Apr\u00e8s un succ\u00e8s belgo-fran\u00e7ais assur\u00e9 d\u00e8s les premi\u00e8res expositions en 1967, ses premi\u00e8res peintures ne datant que de 1964, Evelyne Axell (1935-1972), poursuit son oeuvre en une sorte de fr\u00e9n\u00e9sie jouissive qui lib\u00e8re le tableau de son carcan traditionnel et confirme son engagement de femme libre alors que percent les premi\u00e8res bulles d&rsquo;une r\u00e9volution sexuelle et f\u00e9ministe de belle m\u00e9moire.<\/p>\n<p><img data-recalc-dims=\"1\" loading=\"lazy\" decoding=\"async\" class=\"alignnone size-full wp-image-690\" src=\"https:\/\/i0.wp.com\/www.evelyne-axell.info\/fra\/wp-content\/uploads\/2006\/10\/Derom003.jpg?resize=800%2C537&#038;ssl=1\" alt=\"Derom003\" width=\"800\" height=\"537\" srcset=\"https:\/\/i0.wp.com\/www.evelyne-axell.info\/fra\/wp-content\/uploads\/2006\/10\/Derom003.jpg?w=800&amp;ssl=1 800w, https:\/\/i0.wp.com\/www.evelyne-axell.info\/fra\/wp-content\/uploads\/2006\/10\/Derom003.jpg?resize=150%2C100&amp;ssl=1 150w, https:\/\/i0.wp.com\/www.evelyne-axell.info\/fra\/wp-content\/uploads\/2006\/10\/Derom003.jpg?resize=595%2C400&amp;ssl=1 595w, https:\/\/i0.wp.com\/www.evelyne-axell.info\/fra\/wp-content\/uploads\/2006\/10\/Derom003.jpg?resize=300%2C201&amp;ssl=1 300w, https:\/\/i0.wp.com\/www.evelyne-axell.info\/fra\/wp-content\/uploads\/2006\/10\/Derom003.jpg?resize=720%2C483&amp;ssl=1 720w\" sizes=\"auto, (max-width: 800px) 100vw, 800px\" \/><\/p>\n<p><strong>Oeuvre jubilatoire<br \/>\n<\/strong>Son oeuvre est jubilatoire, elle est ce r\u00eave de paradis, harmonie entre la nature et les \u00eatres humains, qu&rsquo;elle \u00e9voque en ses derni\u00e8res peintures. Trop t\u00f4t enlev\u00e9e \u00e0 la vie, elle aura commis une oeuvre fulgurante, fonci\u00e8rement singuli\u00e8re et r\u00e9solument novatrice. Peu d&rsquo;artistes ont accompli en si peu de temps, une telle rupture et une telle avanc\u00e9e qui restent essentielles dans les annales de l&rsquo;art et marquent son histoire.<\/p>\n<p>En la salutaire r\u00e9vision op\u00e9r\u00e9e en fin du si\u00e8cle dernier, il est heureusement quelques esprits vifs et ouverts \u00e0 avoir saisi la place originale et audacieuse qu&rsquo;occupe cette d\u00e9marche dans ce qu&rsquo;il est convenu d&rsquo;appeler le courant du pop&rsquo;art mais qui d\u00e9bouche en ce cas sur un engagement humain, f\u00e9minin, social, partant politique; sur une lib\u00e9ralisation des corps et des conventions, des tabous.<\/p>\n<p><img data-recalc-dims=\"1\" loading=\"lazy\" decoding=\"async\" class=\"alignnone size-full wp-image-691\" src=\"https:\/\/i0.wp.com\/www.evelyne-axell.info\/fra\/wp-content\/uploads\/2006\/10\/Derom005.jpg?resize=800%2C537&#038;ssl=1\" alt=\"Derom005\" width=\"800\" height=\"537\" srcset=\"https:\/\/i0.wp.com\/www.evelyne-axell.info\/fra\/wp-content\/uploads\/2006\/10\/Derom005.jpg?w=800&amp;ssl=1 800w, https:\/\/i0.wp.com\/www.evelyne-axell.info\/fra\/wp-content\/uploads\/2006\/10\/Derom005.jpg?resize=150%2C100&amp;ssl=1 150w, https:\/\/i0.wp.com\/www.evelyne-axell.info\/fra\/wp-content\/uploads\/2006\/10\/Derom005.jpg?resize=595%2C400&amp;ssl=1 595w, https:\/\/i0.wp.com\/www.evelyne-axell.info\/fra\/wp-content\/uploads\/2006\/10\/Derom005.jpg?resize=300%2C201&amp;ssl=1 300w, https:\/\/i0.wp.com\/www.evelyne-axell.info\/fra\/wp-content\/uploads\/2006\/10\/Derom005.jpg?resize=720%2C483&amp;ssl=1 720w\" sizes=\"auto, (max-width: 800px) 100vw, 800px\" \/><\/p>\n<p><strong>Eclatante modernit\u00e9<br \/>\n<\/strong>Mais on n&rsquo;oubliera pas au contact des oeuvres qu&rsquo;Evelyne Axell est d&rsquo;abord un peintre d&rsquo;une \u00e9clatante modernit\u00e9, profond\u00e9ment en connexion avec la f\u00e9brilit\u00e9 de son \u00e9poque qui a cru pouvoir changer le monde.<\/p>\n<p>Rapidement elle d\u00e9laisse la toile et la couleur \u00e0 l&rsquo;huile, elle se lance dans l&rsquo;exp\u00e9rimentation en choisissant les nouveaux mat\u00e9riaux du plexiglas \u00e0 l&rsquo;unalit et la couleur \u00e0 l&rsquo;\u00e9mail.<\/p>\n<p>Elle d\u00e9coupe les formes et les figures, multiplie les int\u00e9grations d&rsquo;\u00e9l\u00e9ments \u00e9trangers du pneu \u00e0 la fausse pelouse en passant par la fourrure, d\u00e9borde du cadre, joue des transparences, des ombres color\u00e9es et des brumes opalines, pratique le happening et l&rsquo;irr\u00e9v\u00e9rence du d\u00e9tournement aux d\u00e9pens entre autres de la V\u00e9nus de Milo.<\/p>\n<p>En un style personnel qui, curieusement conna\u00eet aujourd&rsquo;hui un regain d&rsquo;int\u00e9r\u00eat, elle d\u00e9nude la femme avec d\u00e9lectation et sensualit\u00e9.<\/p>\n<p>Que l&rsquo;on ne s&rsquo;y trompe pas, pour fonci\u00e8rement novatrices que soient ses options plastiques, elles ne sont point gratuites, participant toutes sans exception \u00e0 un propos qu&rsquo;elle souhaitait visiblement aussi \u00e9vocateur que convaincant, aussi net qu&rsquo;ouvertement \u00e9rotique.<\/p>\n<p>L&rsquo;exposition est un fabuleux hommage \u00e0 cette femme peintre, pionni\u00e8re, qui sut traduire ses convictions profondes en des termes plastiques porteurs d&rsquo;un dynamisme dont on per\u00e7oit aujourd&rsquo;hui toute la port\u00e9e v\u00e9ritablement visionnaire. \u00a0\u00bb<\/p>\n<p><img data-recalc-dims=\"1\" loading=\"lazy\" decoding=\"async\" class=\"alignnone size-full wp-image-692\" src=\"https:\/\/i0.wp.com\/www.evelyne-axell.info\/fra\/wp-content\/uploads\/2006\/10\/Derom004.jpg?resize=800%2C537&#038;ssl=1\" alt=\"Derom004\" width=\"800\" height=\"537\" srcset=\"https:\/\/i0.wp.com\/www.evelyne-axell.info\/fra\/wp-content\/uploads\/2006\/10\/Derom004.jpg?w=800&amp;ssl=1 800w, https:\/\/i0.wp.com\/www.evelyne-axell.info\/fra\/wp-content\/uploads\/2006\/10\/Derom004.jpg?resize=150%2C100&amp;ssl=1 150w, https:\/\/i0.wp.com\/www.evelyne-axell.info\/fra\/wp-content\/uploads\/2006\/10\/Derom004.jpg?resize=595%2C400&amp;ssl=1 595w, https:\/\/i0.wp.com\/www.evelyne-axell.info\/fra\/wp-content\/uploads\/2006\/10\/Derom004.jpg?resize=300%2C201&amp;ssl=1 300w, https:\/\/i0.wp.com\/www.evelyne-axell.info\/fra\/wp-content\/uploads\/2006\/10\/Derom004.jpg?resize=720%2C483&amp;ssl=1 720w\" sizes=\"auto, (max-width: 800px) 100vw, 800px\" \/><\/p>\n<p><span style=\"font-family: Arial,Helvetica,Geneva,Sans-serif,sans-serif;\">Galerie Patrick Derom<br \/>\nRue aux Laines, 1<br \/>\n1000 Bruxelles<br \/>\nDu mardi au samedi, de 10h30 \u00e0 18h30<\/span><\/p>\n","protected":false},"excerpt":{"rendered":"<p>The Sixties seen by Evelyne Axell. \u00a0Du 4 octobre au 18 novembre 2006. Pour la premi\u00e8re fois depuis plus de vingt cinq ans des oeuvres d&rsquo;Axell sont expos\u00e9es dans une galerie priv\u00e9e de Bruxelles. Dans un article paru dans \u00ab\u00a0La <a class=\"more-link\" href=\"https:\/\/www.evelyne-axell.info\/fra\/2006\/10\/04\/exposition-a-la-galerie-patrick-derom\/\">Lire la suite&#8230;<\/a><\/p>\n","protected":false},"author":1,"featured_media":690,"comment_status":"closed","ping_status":"closed","sticky":false,"template":"","format":"standard","meta":{"ngg_post_thumbnail":0,"_jetpack_memberships_contains_paid_content":false,"footnotes":""},"categories":[4],"tags":[],"class_list":["post-145","post","type-post","status-publish","format-standard","has-post-thumbnail","hentry","category-expo"],"jetpack_featured_media_url":"https:\/\/i0.wp.com\/www.evelyne-axell.info\/fra\/wp-content\/uploads\/2006\/10\/Derom003.jpg?fit=800%2C537&ssl=1","jetpack_sharing_enabled":true,"_links":{"self":[{"href":"https:\/\/www.evelyne-axell.info\/fra\/wp-json\/wp\/v2\/posts\/145","targetHints":{"allow":["GET"]}}],"collection":[{"href":"https:\/\/www.evelyne-axell.info\/fra\/wp-json\/wp\/v2\/posts"}],"about":[{"href":"https:\/\/www.evelyne-axell.info\/fra\/wp-json\/wp\/v2\/types\/post"}],"author":[{"embeddable":true,"href":"https:\/\/www.evelyne-axell.info\/fra\/wp-json\/wp\/v2\/users\/1"}],"replies":[{"embeddable":true,"href":"https:\/\/www.evelyne-axell.info\/fra\/wp-json\/wp\/v2\/comments?post=145"}],"version-history":[{"count":3,"href":"https:\/\/www.evelyne-axell.info\/fra\/wp-json\/wp\/v2\/posts\/145\/revisions"}],"predecessor-version":[{"id":887,"href":"https:\/\/www.evelyne-axell.info\/fra\/wp-json\/wp\/v2\/posts\/145\/revisions\/887"}],"wp:featuredmedia":[{"embeddable":true,"href":"https:\/\/www.evelyne-axell.info\/fra\/wp-json\/wp\/v2\/media\/690"}],"wp:attachment":[{"href":"https:\/\/www.evelyne-axell.info\/fra\/wp-json\/wp\/v2\/media?parent=145"}],"wp:term":[{"taxonomy":"category","embeddable":true,"href":"https:\/\/www.evelyne-axell.info\/fra\/wp-json\/wp\/v2\/categories?post=145"},{"taxonomy":"post_tag","embeddable":true,"href":"https:\/\/www.evelyne-axell.info\/fra\/wp-json\/wp\/v2\/tags?post=145"}],"curies":[{"name":"wp","href":"https:\/\/api.w.org\/{rel}","templated":true}]}}