{"id":1443,"date":"2025-11-06T14:36:17","date_gmt":"2025-11-06T13:36:17","guid":{"rendered":"https:\/\/www.evelyne-axell.info\/fra\/?p=1443"},"modified":"2025-11-06T14:36:18","modified_gmt":"2025-11-06T13:36:18","slug":"la-marrade-lhumour-feministe-au-laac-dunkerque","status":"publish","type":"post","link":"https:\/\/www.evelyne-axell.info\/fra\/2025\/11\/06\/la-marrade-lhumour-feministe-au-laac-dunkerque\/","title":{"rendered":"La Marrade \u2013 L\u2019humour f\u00e9ministe au LAAC Dunkerque."},"content":{"rendered":"\n<p><\/p>\n\n\n\n<figure class=\"wp-block-image size-large\"><img data-recalc-dims=\"1\" loading=\"lazy\" decoding=\"async\" width=\"860\" height=\"433\" src=\"https:\/\/i0.wp.com\/www.evelyne-axell.info\/fra\/wp-content\/uploads\/2025\/11\/Recadre-Salle-4-NOUS-MOURRONS-RIDICULES-46.jpg?resize=860%2C433&#038;ssl=1\" alt=\"\" class=\"wp-image-1444\" srcset=\"https:\/\/i0.wp.com\/www.evelyne-axell.info\/fra\/wp-content\/uploads\/2025\/11\/Recadre-Salle-4-NOUS-MOURRONS-RIDICULES-46-scaled.jpg?resize=1024%2C515&amp;ssl=1 1024w, https:\/\/i0.wp.com\/www.evelyne-axell.info\/fra\/wp-content\/uploads\/2025\/11\/Recadre-Salle-4-NOUS-MOURRONS-RIDICULES-46-scaled.jpg?resize=795%2C400&amp;ssl=1 795w, https:\/\/i0.wp.com\/www.evelyne-axell.info\/fra\/wp-content\/uploads\/2025\/11\/Recadre-Salle-4-NOUS-MOURRONS-RIDICULES-46-scaled.jpg?resize=150%2C75&amp;ssl=1 150w, https:\/\/i0.wp.com\/www.evelyne-axell.info\/fra\/wp-content\/uploads\/2025\/11\/Recadre-Salle-4-NOUS-MOURRONS-RIDICULES-46-scaled.jpg?resize=768%2C386&amp;ssl=1 768w, https:\/\/i0.wp.com\/www.evelyne-axell.info\/fra\/wp-content\/uploads\/2025\/11\/Recadre-Salle-4-NOUS-MOURRONS-RIDICULES-46-scaled.jpg?resize=1536%2C772&amp;ssl=1 1536w, https:\/\/i0.wp.com\/www.evelyne-axell.info\/fra\/wp-content\/uploads\/2025\/11\/Recadre-Salle-4-NOUS-MOURRONS-RIDICULES-46-scaled.jpg?resize=2048%2C1030&amp;ssl=1 2048w, https:\/\/i0.wp.com\/www.evelyne-axell.info\/fra\/wp-content\/uploads\/2025\/11\/Recadre-Salle-4-NOUS-MOURRONS-RIDICULES-46-scaled.jpg?w=1720&amp;ssl=1 1720w\" sizes=\"auto, (max-width: 860px) 100vw, 860px\" \/><figcaption class=\"wp-element-caption\">\u00ab\u00a0Monsieur V\u00e9nus\u00a0\u00bb (1970)<\/figcaption><\/figure>\n\n\n\n<p class=\"has-normal-font-size\"><strong>Trois \u0153uvres d\u2019Evelyne Axell sont pr\u00e9sent\u00e9es dans cette exposition sur l\u2019humour f\u00e9ministe des ann\u00e9es 1960-1970.<\/strong><\/p>\n\n\n\n<p class=\"has-small-font-size\"><em>Du 18 octobre 2025 au 8 mars 2026.<\/em><\/p>\n\n\n\n<p>En pleine deuxi\u00e8me vague f\u00e9ministe, des artistes utilisent l\u2019humour comme un outil plastique incisif. Loin des clich\u00e9s qui les cantonnent \u00e0 la gravit\u00e9 ou \u00e0 la biens\u00e9ance, elles s\u2019emparent du rire pour en faire une arme critique, libre, souvent provocante. La Marrade rassemble pr\u00e8s de 200 oeuvres, objets et archives issus de ces gestes aussi politiques que jubilatoires.<\/p>\n\n\n\n<figure class=\"wp-block-image size-large\"><img data-recalc-dims=\"1\" loading=\"lazy\" decoding=\"async\" width=\"860\" height=\"573\" src=\"https:\/\/i0.wp.com\/www.evelyne-axell.info\/fra\/wp-content\/uploads\/2025\/11\/Salle-4-NOUS-MOURRONS-RIDICULES-50sized.jpg?resize=860%2C573&#038;ssl=1\" alt=\"\" class=\"wp-image-1445\" srcset=\"https:\/\/i0.wp.com\/www.evelyne-axell.info\/fra\/wp-content\/uploads\/2025\/11\/Salle-4-NOUS-MOURRONS-RIDICULES-50sized.jpg?resize=1024%2C682&amp;ssl=1 1024w, https:\/\/i0.wp.com\/www.evelyne-axell.info\/fra\/wp-content\/uploads\/2025\/11\/Salle-4-NOUS-MOURRONS-RIDICULES-50sized.jpg?resize=600%2C400&amp;ssl=1 600w, https:\/\/i0.wp.com\/www.evelyne-axell.info\/fra\/wp-content\/uploads\/2025\/11\/Salle-4-NOUS-MOURRONS-RIDICULES-50sized.jpg?resize=150%2C100&amp;ssl=1 150w, https:\/\/i0.wp.com\/www.evelyne-axell.info\/fra\/wp-content\/uploads\/2025\/11\/Salle-4-NOUS-MOURRONS-RIDICULES-50sized.jpg?resize=768%2C512&amp;ssl=1 768w, https:\/\/i0.wp.com\/www.evelyne-axell.info\/fra\/wp-content\/uploads\/2025\/11\/Salle-4-NOUS-MOURRONS-RIDICULES-50sized.jpg?resize=1536%2C1024&amp;ssl=1 1536w, https:\/\/i0.wp.com\/www.evelyne-axell.info\/fra\/wp-content\/uploads\/2025\/11\/Salle-4-NOUS-MOURRONS-RIDICULES-50sized.jpg?w=2000&amp;ssl=1 2000w, https:\/\/i0.wp.com\/www.evelyne-axell.info\/fra\/wp-content\/uploads\/2025\/11\/Salle-4-NOUS-MOURRONS-RIDICULES-50sized.jpg?w=1720&amp;ssl=1 1720w\" sizes=\"auto, (max-width: 860px) 100vw, 860px\" \/><\/figure>\n\n\n\n<p>L\u2019exposition entend non pas retracer une histoire de l\u2019humour f\u00e9minin, mais se concentrer sur une p\u00e9riode bien pr\u00e9cise, celle de la deuxi\u00e8me vague f\u00e9ministe, dans les ann\u00e9es 1960-1970. Caricatur\u00e9es, les f\u00e9ministes ont souvent \u00e9t\u00e9 consid\u00e9r\u00e9es comme manquant d\u2019humour et incapables de rire. Cette proposition souhaite au contraire r\u00e9tablir la part pr\u00e9dominante de l\u2019humour et de la fantaisie dans des \u0153uvres abordant, pour certaines, des sujets des plus s\u00e9rieux li\u00e9s \u00e0 la condition des femmes.<\/p>\n\n\n<div class=\"wp-block-image\">\n<figure class=\"aligncenter size-large\"><img data-recalc-dims=\"1\" loading=\"lazy\" decoding=\"async\" width=\"683\" height=\"1024\" src=\"https:\/\/i0.wp.com\/www.evelyne-axell.info\/fra\/wp-content\/uploads\/2025\/11\/Salle-4-NOUS-MOURRONS-RIDICULES-67sized.jpg?resize=683%2C1024&#038;ssl=1\" alt=\"\" class=\"wp-image-1446\" srcset=\"https:\/\/i0.wp.com\/www.evelyne-axell.info\/fra\/wp-content\/uploads\/2025\/11\/Salle-4-NOUS-MOURRONS-RIDICULES-67sized-scaled.jpg?resize=683%2C1024&amp;ssl=1 683w, https:\/\/i0.wp.com\/www.evelyne-axell.info\/fra\/wp-content\/uploads\/2025\/11\/Salle-4-NOUS-MOURRONS-RIDICULES-67sized-scaled.jpg?resize=267%2C400&amp;ssl=1 267w, https:\/\/i0.wp.com\/www.evelyne-axell.info\/fra\/wp-content\/uploads\/2025\/11\/Salle-4-NOUS-MOURRONS-RIDICULES-67sized-scaled.jpg?resize=100%2C150&amp;ssl=1 100w, https:\/\/i0.wp.com\/www.evelyne-axell.info\/fra\/wp-content\/uploads\/2025\/11\/Salle-4-NOUS-MOURRONS-RIDICULES-67sized-scaled.jpg?resize=768%2C1152&amp;ssl=1 768w, https:\/\/i0.wp.com\/www.evelyne-axell.info\/fra\/wp-content\/uploads\/2025\/11\/Salle-4-NOUS-MOURRONS-RIDICULES-67sized-scaled.jpg?resize=1024%2C1536&amp;ssl=1 1024w, https:\/\/i0.wp.com\/www.evelyne-axell.info\/fra\/wp-content\/uploads\/2025\/11\/Salle-4-NOUS-MOURRONS-RIDICULES-67sized-scaled.jpg?resize=1365%2C2048&amp;ssl=1 1365w, https:\/\/i0.wp.com\/www.evelyne-axell.info\/fra\/wp-content\/uploads\/2025\/11\/Salle-4-NOUS-MOURRONS-RIDICULES-67sized-scaled.jpg?w=1707&amp;ssl=1 1707w\" sizes=\"auto, (max-width: 683px) 100vw, 683px\" \/><figcaption class=\"wp-element-caption\">\u00ab\u00a0Monsieur V\u00e9nus\u00a0\u00bb (1970)<\/figcaption><\/figure>\n<\/div>\n\n\n<p>L\u2019exposition pr\u00e9sente un ensemble h\u00e9t\u00e9rog\u00e8ne d\u2019artistes qui ont mani\u00e9 l\u2019humour comme une arme militante. Certaines ont parodi\u00e9 les oeuvres d\u2019hommes, d\u2019autres se sont attach\u00e9es \u00e0 d\u00e9tourner l\u2019id\u00e9al f\u00e9minin, d\u2019autres encore n\u2019ont pas eu peur du ridicule. Une centaine d\u2019oeuvres issues de collections publiques et priv\u00e9es fran\u00e7aises, belges et n\u00e9erlandaises seront pr\u00e9sent\u00e9es aux c\u00f4t\u00e9s de documents d\u2019archives d\u2019actions \u00a0militantes, d\u2019ouvrages de bande dessin\u00e9e ou de litt\u00e9rature enfantine, d\u2019archives audiovisuelles de sketchs et de concerts, t\u00e9moignant de l\u2019existence d\u2019un rire f\u00e9ministe, loin des clich\u00e9s \u00e9cul\u00e9s du militantisme per\u00e7u comme un engagement rabat-joie et puritain.<\/p>\n\n\n\n<figure class=\"wp-block-image size-large\"><img data-recalc-dims=\"1\" loading=\"lazy\" decoding=\"async\" width=\"860\" height=\"573\" src=\"https:\/\/i0.wp.com\/www.evelyne-axell.info\/fra\/wp-content\/uploads\/2025\/11\/Salle-3-NE-PLUS-ETRE-UNE-MUSE-33sized.jpg?resize=860%2C573&#038;ssl=1\" alt=\"\" class=\"wp-image-1447\" srcset=\"https:\/\/i0.wp.com\/www.evelyne-axell.info\/fra\/wp-content\/uploads\/2025\/11\/Salle-3-NE-PLUS-ETRE-UNE-MUSE-33sized.jpg?resize=1024%2C682&amp;ssl=1 1024w, https:\/\/i0.wp.com\/www.evelyne-axell.info\/fra\/wp-content\/uploads\/2025\/11\/Salle-3-NE-PLUS-ETRE-UNE-MUSE-33sized.jpg?resize=600%2C400&amp;ssl=1 600w, https:\/\/i0.wp.com\/www.evelyne-axell.info\/fra\/wp-content\/uploads\/2025\/11\/Salle-3-NE-PLUS-ETRE-UNE-MUSE-33sized.jpg?resize=150%2C100&amp;ssl=1 150w, https:\/\/i0.wp.com\/www.evelyne-axell.info\/fra\/wp-content\/uploads\/2025\/11\/Salle-3-NE-PLUS-ETRE-UNE-MUSE-33sized.jpg?resize=768%2C512&amp;ssl=1 768w, https:\/\/i0.wp.com\/www.evelyne-axell.info\/fra\/wp-content\/uploads\/2025\/11\/Salle-3-NE-PLUS-ETRE-UNE-MUSE-33sized.jpg?resize=1536%2C1024&amp;ssl=1 1536w, https:\/\/i0.wp.com\/www.evelyne-axell.info\/fra\/wp-content\/uploads\/2025\/11\/Salle-3-NE-PLUS-ETRE-UNE-MUSE-33sized.jpg?w=2000&amp;ssl=1 2000w, https:\/\/i0.wp.com\/www.evelyne-axell.info\/fra\/wp-content\/uploads\/2025\/11\/Salle-3-NE-PLUS-ETRE-UNE-MUSE-33sized.jpg?w=1720&amp;ssl=1 1720w\" sizes=\"auto, (max-width: 860px) 100vw, 860px\" \/><figcaption class=\"wp-element-caption\">A droite: \u00ab\u00a0Ouf!\u00a0\u00bb (1964)<\/figcaption><\/figure>\n\n\n\n<p>Commissariat : Camille Paulhan, sc\u00e9nographie : Julia Dessirier, graphisme : Nicolas Turki Duchesnay, photo : Cathy Christiaen \/ Ville de Dunkerque.<\/p>\n\n\n\n<p><em>LAAC, LIEU D\u2019ART ET ACTION CONTEMPORAINE<br>Jardin de sculptures<br>302 avenue des bord\u00e9es<br>F-59140 Dunkerque<br><a href=\"http:\/\/www.musees-dunkerque.eu\">www.musees-dunkerque.eu<\/a><\/em><\/p>\n\n\n\n<p><\/p>\n","protected":false},"excerpt":{"rendered":"<p>Trois \u0153uvres d\u2019Evelyne Axell sont pr\u00e9sent\u00e9es dans cette exposition sur l\u2019humour f\u00e9ministe des ann\u00e9es 1960-1970. Du 18 octobre 2025 au 8 mars 2026. En pleine deuxi\u00e8me vague f\u00e9ministe, des artistes utilisent l\u2019humour comme un outil plastique incisif. Loin des clich\u00e9s <a class=\"more-link\" href=\"https:\/\/www.evelyne-axell.info\/fra\/2025\/11\/06\/la-marrade-lhumour-feministe-au-laac-dunkerque\/\">Lire la suite&#8230;<\/a><\/p>\n","protected":false},"author":1,"featured_media":1448,"comment_status":"closed","ping_status":"closed","sticky":false,"template":"","format":"standard","meta":{"ngg_post_thumbnail":0,"_jetpack_memberships_contains_paid_content":false,"footnotes":""},"categories":[4],"tags":[],"class_list":["post-1443","post","type-post","status-publish","format-standard","has-post-thumbnail","hentry","category-expo"],"jetpack_featured_media_url":"https:\/\/i0.wp.com\/www.evelyne-axell.info\/fra\/wp-content\/uploads\/2025\/11\/invitation-La-Marrade.jpg?fit=1774%2C2481&ssl=1","jetpack_sharing_enabled":true,"_links":{"self":[{"href":"https:\/\/www.evelyne-axell.info\/fra\/wp-json\/wp\/v2\/posts\/1443","targetHints":{"allow":["GET"]}}],"collection":[{"href":"https:\/\/www.evelyne-axell.info\/fra\/wp-json\/wp\/v2\/posts"}],"about":[{"href":"https:\/\/www.evelyne-axell.info\/fra\/wp-json\/wp\/v2\/types\/post"}],"author":[{"embeddable":true,"href":"https:\/\/www.evelyne-axell.info\/fra\/wp-json\/wp\/v2\/users\/1"}],"replies":[{"embeddable":true,"href":"https:\/\/www.evelyne-axell.info\/fra\/wp-json\/wp\/v2\/comments?post=1443"}],"version-history":[{"count":1,"href":"https:\/\/www.evelyne-axell.info\/fra\/wp-json\/wp\/v2\/posts\/1443\/revisions"}],"predecessor-version":[{"id":1449,"href":"https:\/\/www.evelyne-axell.info\/fra\/wp-json\/wp\/v2\/posts\/1443\/revisions\/1449"}],"wp:featuredmedia":[{"embeddable":true,"href":"https:\/\/www.evelyne-axell.info\/fra\/wp-json\/wp\/v2\/media\/1448"}],"wp:attachment":[{"href":"https:\/\/www.evelyne-axell.info\/fra\/wp-json\/wp\/v2\/media?parent=1443"}],"wp:term":[{"taxonomy":"category","embeddable":true,"href":"https:\/\/www.evelyne-axell.info\/fra\/wp-json\/wp\/v2\/categories?post=1443"},{"taxonomy":"post_tag","embeddable":true,"href":"https:\/\/www.evelyne-axell.info\/fra\/wp-json\/wp\/v2\/tags?post=1443"}],"curies":[{"name":"wp","href":"https:\/\/api.w.org\/{rel}","templated":true}]}}