{"id":1425,"date":"2025-07-02T14:08:30","date_gmt":"2025-07-02T12:08:30","guid":{"rendered":"https:\/\/www.evelyne-axell.info\/fra\/?p=1425"},"modified":"2025-07-02T14:08:31","modified_gmt":"2025-07-02T12:08:31","slug":"exposition-pop-models-women-in-european-pop-art","status":"publish","type":"post","link":"https:\/\/www.evelyne-axell.info\/fra\/2025\/07\/02\/exposition-pop-models-women-in-european-pop-art\/","title":{"rendered":"Exposition \u00ab POP MODELS &#8211; Women in European Pop Art\u00bb."},"content":{"rendered":"\n<p><\/p>\n\n\n\n<figure class=\"wp-block-image size-large\"><img data-recalc-dims=\"1\" loading=\"lazy\" decoding=\"async\" width=\"860\" height=\"348\" src=\"https:\/\/i0.wp.com\/www.evelyne-axell.info\/fra\/wp-content\/uploads\/2025\/07\/WhatsApp-Image-2025-06-22-a-23.59.16_1c2a8d06_InPixio-copie-2.jpg?resize=860%2C348&#038;ssl=1\" alt=\"\" class=\"wp-image-1426\" srcset=\"https:\/\/i0.wp.com\/www.evelyne-axell.info\/fra\/wp-content\/uploads\/2025\/07\/WhatsApp-Image-2025-06-22-a-23.59.16_1c2a8d06_InPixio-copie-2-scaled.jpg?resize=1024%2C414&amp;ssl=1 1024w, https:\/\/i0.wp.com\/www.evelyne-axell.info\/fra\/wp-content\/uploads\/2025\/07\/WhatsApp-Image-2025-06-22-a-23.59.16_1c2a8d06_InPixio-copie-2-scaled.jpg?resize=900%2C364&amp;ssl=1 900w, https:\/\/i0.wp.com\/www.evelyne-axell.info\/fra\/wp-content\/uploads\/2025\/07\/WhatsApp-Image-2025-06-22-a-23.59.16_1c2a8d06_InPixio-copie-2-scaled.jpg?resize=150%2C61&amp;ssl=1 150w, https:\/\/i0.wp.com\/www.evelyne-axell.info\/fra\/wp-content\/uploads\/2025\/07\/WhatsApp-Image-2025-06-22-a-23.59.16_1c2a8d06_InPixio-copie-2-scaled.jpg?resize=768%2C310&amp;ssl=1 768w, https:\/\/i0.wp.com\/www.evelyne-axell.info\/fra\/wp-content\/uploads\/2025\/07\/WhatsApp-Image-2025-06-22-a-23.59.16_1c2a8d06_InPixio-copie-2-scaled.jpg?resize=1536%2C620&amp;ssl=1 1536w, https:\/\/i0.wp.com\/www.evelyne-axell.info\/fra\/wp-content\/uploads\/2025\/07\/WhatsApp-Image-2025-06-22-a-23.59.16_1c2a8d06_InPixio-copie-2-scaled.jpg?resize=2048%2C827&amp;ssl=1 2048w, https:\/\/i0.wp.com\/www.evelyne-axell.info\/fra\/wp-content\/uploads\/2025\/07\/WhatsApp-Image-2025-06-22-a-23.59.16_1c2a8d06_InPixio-copie-2-scaled.jpg?w=1720&amp;ssl=1 1720w\" sizes=\"auto, (max-width: 860px) 100vw, 860px\" \/><figcaption class=\"wp-element-caption\">Centre: Evelyne Axell, \u00ab\u00a0Le joli mois de mai\u00a0\u00bb, 1970<\/figcaption><\/figure>\n\n\n\n<p class=\"has-normal-font-size\"><strong>Le mus\u00e9e MORE de Gorssel, aux Pays-Bas, pr\u00e9sente \u00ab POP MODELS &#8211; Women in European Pop Art\u00bb, une exposition consacr\u00e9e aux \u0153uvres pop art europ\u00e9ennes mettant les femmes \u00e0 l&rsquo;honneur.<\/strong><\/p>\n\n\n\n<p class=\"has-small-font-size\"><em>Du 22 juin au 28 septembre 2025.<\/em><\/p>\n\n\n\n<p>Le mus\u00e9e MORE est le plus grand mus\u00e9e d\u00e9di\u00e9 au r\u00e9alisme moderne aux Pays-Bas. L&rsquo;exposition \u00ab POP MODELS &#8211; Women in European Pop Art \u00bb s&rsquo;inscrit dans le cadre des c\u00e9l\u00e9brations du dixi\u00e8me anniversaire du mus\u00e9e. Elle explore la mani\u00e8re dont le pop art des ann\u00e9es 60 et du d\u00e9but des ann\u00e9es 70 a transform\u00e9 les femmes en objets sexuels, tout en contribuant de mani\u00e8re significative \u00e0 la deuxi\u00e8me vague du f\u00e9minisme.<\/p>\n\n\n\n<figure class=\"wp-block-image size-large\"><img data-recalc-dims=\"1\" loading=\"lazy\" decoding=\"async\" width=\"860\" height=\"645\" src=\"https:\/\/i0.wp.com\/www.evelyne-axell.info\/fra\/wp-content\/uploads\/2025\/07\/WhatsApp-Image-2025-06-22-a-23.59.16_b4700d72_InPixio-copie-1.jpg?resize=860%2C645&#038;ssl=1\" alt=\"Marie-Claire\" class=\"wp-image-1428\" srcset=\"https:\/\/i0.wp.com\/www.evelyne-axell.info\/fra\/wp-content\/uploads\/2025\/07\/WhatsApp-Image-2025-06-22-a-23.59.16_b4700d72_InPixio-copie-1-scaled.jpg?resize=1024%2C768&amp;ssl=1 1024w, https:\/\/i0.wp.com\/www.evelyne-axell.info\/fra\/wp-content\/uploads\/2025\/07\/WhatsApp-Image-2025-06-22-a-23.59.16_b4700d72_InPixio-copie-1-scaled.jpg?resize=533%2C400&amp;ssl=1 533w, https:\/\/i0.wp.com\/www.evelyne-axell.info\/fra\/wp-content\/uploads\/2025\/07\/WhatsApp-Image-2025-06-22-a-23.59.16_b4700d72_InPixio-copie-1-scaled.jpg?resize=150%2C112&amp;ssl=1 150w, https:\/\/i0.wp.com\/www.evelyne-axell.info\/fra\/wp-content\/uploads\/2025\/07\/WhatsApp-Image-2025-06-22-a-23.59.16_b4700d72_InPixio-copie-1-scaled.jpg?resize=768%2C576&amp;ssl=1 768w, https:\/\/i0.wp.com\/www.evelyne-axell.info\/fra\/wp-content\/uploads\/2025\/07\/WhatsApp-Image-2025-06-22-a-23.59.16_b4700d72_InPixio-copie-1-scaled.jpg?resize=1536%2C1152&amp;ssl=1 1536w, https:\/\/i0.wp.com\/www.evelyne-axell.info\/fra\/wp-content\/uploads\/2025\/07\/WhatsApp-Image-2025-06-22-a-23.59.16_b4700d72_InPixio-copie-1-scaled.jpg?w=1720&amp;ssl=1 1720w\" sizes=\"auto, (max-width: 860px) 100vw, 860px\" \/><figcaption class=\"wp-element-caption\">Droite: Evelyne Axell, \u00ab\u00a0Marie-Claire\u00a0\u00bb, 1964<\/figcaption><\/figure>\n\n\n\n<p>Publicit\u00e9s, bandes dessin\u00e9es, couleurs vives et femmes : tels sont les \u00e9l\u00e9ments caract\u00e9ristiques du pop art des ann\u00e9es 1960 et du d\u00e9but des ann\u00e9es 1970. Le r\u00f4le des femmes dans le pop art \u00e9tait double, voire ambigu. Elles incarnaient un id\u00e9al st\u00e9r\u00e9otyp\u00e9 et d\u00e9sirable, tout en \u00e9mergeant comme des symboles de lib\u00e9ration. Les femmes \u00e9taient \u00e0 la fois des top-mod\u00e8les et des mod\u00e8les \u00e0 suivre. \u00c0 la fois muses et cr\u00e9atrices.<\/p>\n\n\n\n<figure class=\"wp-block-image size-full\"><img data-recalc-dims=\"1\" loading=\"lazy\" decoding=\"async\" width=\"860\" height=\"645\" src=\"https:\/\/i0.wp.com\/www.evelyne-axell.info\/fra\/wp-content\/uploads\/2025\/07\/WhatsApp-Image-2025-06-22-a-23.59.16_dba56967_InPixio-copie-scaled.jpg?resize=860%2C645&#038;ssl=1\" alt=\"Marie-Claire\" class=\"wp-image-1429\" srcset=\"https:\/\/i0.wp.com\/www.evelyne-axell.info\/fra\/wp-content\/uploads\/2025\/07\/WhatsApp-Image-2025-06-22-a-23.59.16_dba56967_InPixio-copie-scaled.jpg?w=2560&amp;ssl=1 2560w, https:\/\/i0.wp.com\/www.evelyne-axell.info\/fra\/wp-content\/uploads\/2025\/07\/WhatsApp-Image-2025-06-22-a-23.59.16_dba56967_InPixio-copie-scaled.jpg?resize=533%2C400&amp;ssl=1 533w, https:\/\/i0.wp.com\/www.evelyne-axell.info\/fra\/wp-content\/uploads\/2025\/07\/WhatsApp-Image-2025-06-22-a-23.59.16_dba56967_InPixio-copie-scaled.jpg?w=1720&amp;ssl=1 1720w\" sizes=\"auto, (max-width: 860px) 100vw, 860px\" \/><figcaption class=\"wp-element-caption\">Droite: Evelyne Axell, \u00ab\u00a0Ice Cream 1\u00a0\u00bb, 1964<\/figcaption><\/figure>\n\n\n\n<p>L&rsquo;exposition se concentre sur l&rsquo;Europe, o\u00f9 le mouvement \u00e9tait souvent plus explicite et plus engag\u00e9 socialement que son homologue am\u00e9ricain. Cette grande exposition au MORE pr\u00e9sente une vaste s\u00e9lection de peintures, de collages et d&rsquo;objets d&rsquo;artistes connus tels que Niki de Saint Phalle, Evelyne Axell, Yves Klein et Richard Hamilton, ainsi que des d\u00e9couvertes passionnantes comme Ketty La Rocca et Jana \u017delibsk\u00e1.<\/p>\n\n\n\n<figure class=\"wp-block-image size-large\"><img data-recalc-dims=\"1\" loading=\"lazy\" decoding=\"async\" width=\"860\" height=\"573\" src=\"https:\/\/i0.wp.com\/www.evelyne-axell.info\/fra\/wp-content\/uploads\/2025\/07\/54602730344_183c9c6420_o-copie-topaz-low-resolution-v2-2x.jpeg?resize=860%2C573&#038;ssl=1\" alt=\"\" class=\"wp-image-1430\" srcset=\"https:\/\/i0.wp.com\/www.evelyne-axell.info\/fra\/wp-content\/uploads\/2025\/07\/54602730344_183c9c6420_o-copie-topaz-low-resolution-v2-2x.jpeg?resize=1024%2C682&amp;ssl=1 1024w, https:\/\/i0.wp.com\/www.evelyne-axell.info\/fra\/wp-content\/uploads\/2025\/07\/54602730344_183c9c6420_o-copie-topaz-low-resolution-v2-2x.jpeg?resize=601%2C400&amp;ssl=1 601w, https:\/\/i0.wp.com\/www.evelyne-axell.info\/fra\/wp-content\/uploads\/2025\/07\/54602730344_183c9c6420_o-copie-topaz-low-resolution-v2-2x.jpeg?resize=150%2C100&amp;ssl=1 150w, https:\/\/i0.wp.com\/www.evelyne-axell.info\/fra\/wp-content\/uploads\/2025\/07\/54602730344_183c9c6420_o-copie-topaz-low-resolution-v2-2x.jpeg?resize=768%2C512&amp;ssl=1 768w, https:\/\/i0.wp.com\/www.evelyne-axell.info\/fra\/wp-content\/uploads\/2025\/07\/54602730344_183c9c6420_o-copie-topaz-low-resolution-v2-2x.jpeg?resize=1536%2C1023&amp;ssl=1 1536w, https:\/\/i0.wp.com\/www.evelyne-axell.info\/fra\/wp-content\/uploads\/2025\/07\/54602730344_183c9c6420_o-copie-topaz-low-resolution-v2-2x.jpeg?w=2048&amp;ssl=1 2048w, https:\/\/i0.wp.com\/www.evelyne-axell.info\/fra\/wp-content\/uploads\/2025\/07\/54602730344_183c9c6420_o-copie-topaz-low-resolution-v2-2x.jpeg?w=1720&amp;ssl=1 1720w\" sizes=\"auto, (max-width: 860px) 100vw, 860px\" \/><\/figure>\n\n\n\n<p><em>Museum MORE<br>Hoofdstraat 26<br>7213 CW Gorssel<br>The Netherlands<br>https:\/\/www.museummore.nl<\/em><\/p>\n\n\n\n<p><\/p>\n","protected":false},"excerpt":{"rendered":"<p>Le mus\u00e9e MORE de Gorssel, aux Pays-Bas, pr\u00e9sente \u00ab POP MODELS &#8211; Women in European Pop Art\u00bb, une exposition consacr\u00e9e aux \u0153uvres pop art europ\u00e9ennes mettant les femmes \u00e0 l&rsquo;honneur. Du 22 juin au 28 septembre 2025. Le mus\u00e9e MORE <a class=\"more-link\" href=\"https:\/\/www.evelyne-axell.info\/fra\/2025\/07\/02\/exposition-pop-models-women-in-european-pop-art\/\">Lire la suite&#8230;<\/a><\/p>\n","protected":false},"author":1,"featured_media":1431,"comment_status":"closed","ping_status":"closed","sticky":false,"template":"","format":"standard","meta":{"ngg_post_thumbnail":0,"_jetpack_memberships_contains_paid_content":false,"footnotes":""},"categories":[4],"tags":[],"class_list":["post-1425","post","type-post","status-publish","format-standard","has-post-thumbnail","hentry","category-expo"],"jetpack_featured_media_url":"https:\/\/i0.wp.com\/www.evelyne-axell.info\/fra\/wp-content\/uploads\/2025\/07\/image002_InPixio.jpg?fit=1481%2C711&ssl=1","jetpack_sharing_enabled":true,"_links":{"self":[{"href":"https:\/\/www.evelyne-axell.info\/fra\/wp-json\/wp\/v2\/posts\/1425","targetHints":{"allow":["GET"]}}],"collection":[{"href":"https:\/\/www.evelyne-axell.info\/fra\/wp-json\/wp\/v2\/posts"}],"about":[{"href":"https:\/\/www.evelyne-axell.info\/fra\/wp-json\/wp\/v2\/types\/post"}],"author":[{"embeddable":true,"href":"https:\/\/www.evelyne-axell.info\/fra\/wp-json\/wp\/v2\/users\/1"}],"replies":[{"embeddable":true,"href":"https:\/\/www.evelyne-axell.info\/fra\/wp-json\/wp\/v2\/comments?post=1425"}],"version-history":[{"count":1,"href":"https:\/\/www.evelyne-axell.info\/fra\/wp-json\/wp\/v2\/posts\/1425\/revisions"}],"predecessor-version":[{"id":1432,"href":"https:\/\/www.evelyne-axell.info\/fra\/wp-json\/wp\/v2\/posts\/1425\/revisions\/1432"}],"wp:featuredmedia":[{"embeddable":true,"href":"https:\/\/www.evelyne-axell.info\/fra\/wp-json\/wp\/v2\/media\/1431"}],"wp:attachment":[{"href":"https:\/\/www.evelyne-axell.info\/fra\/wp-json\/wp\/v2\/media?parent=1425"}],"wp:term":[{"taxonomy":"category","embeddable":true,"href":"https:\/\/www.evelyne-axell.info\/fra\/wp-json\/wp\/v2\/categories?post=1425"},{"taxonomy":"post_tag","embeddable":true,"href":"https:\/\/www.evelyne-axell.info\/fra\/wp-json\/wp\/v2\/tags?post=1425"}],"curies":[{"name":"wp","href":"https:\/\/api.w.org\/{rel}","templated":true}]}}