{"id":1412,"date":"2024-11-02T13:03:00","date_gmt":"2024-11-02T12:03:00","guid":{"rendered":"https:\/\/www.evelyne-axell.info\/fra\/?p=1412"},"modified":"2024-11-06T13:14:05","modified_gmt":"2024-11-06T12:14:05","slug":"evelyne-axell-a-la-fondation-louis-vuitton","status":"publish","type":"post","link":"https:\/\/www.evelyne-axell.info\/fra\/2024\/11\/02\/evelyne-axell-a-la-fondation-louis-vuitton\/","title":{"rendered":"Evelyne Axell \u00e0 la Fondation Louis Vuitton."},"content":{"rendered":"\n<p><\/p>\n\n\n\n<figure class=\"wp-block-image size-large\"><img data-recalc-dims=\"1\" loading=\"lazy\" decoding=\"async\" width=\"860\" height=\"283\" src=\"https:\/\/i0.wp.com\/www.evelyne-axell.info\/fra\/wp-content\/uploads\/2024\/11\/7f6d992c220f18420c49b8e73686b3f5-1519x500-1.png?resize=860%2C283&#038;ssl=1\" alt=\"\" class=\"wp-image-1413\" srcset=\"https:\/\/i0.wp.com\/www.evelyne-axell.info\/fra\/wp-content\/uploads\/2024\/11\/7f6d992c220f18420c49b8e73686b3f5-1519x500-1.png?resize=1024%2C337&amp;ssl=1 1024w, https:\/\/i0.wp.com\/www.evelyne-axell.info\/fra\/wp-content\/uploads\/2024\/11\/7f6d992c220f18420c49b8e73686b3f5-1519x500-1.png?resize=900%2C296&amp;ssl=1 900w, https:\/\/i0.wp.com\/www.evelyne-axell.info\/fra\/wp-content\/uploads\/2024\/11\/7f6d992c220f18420c49b8e73686b3f5-1519x500-1.png?resize=150%2C49&amp;ssl=1 150w, https:\/\/i0.wp.com\/www.evelyne-axell.info\/fra\/wp-content\/uploads\/2024\/11\/7f6d992c220f18420c49b8e73686b3f5-1519x500-1.png?resize=768%2C253&amp;ssl=1 768w, https:\/\/i0.wp.com\/www.evelyne-axell.info\/fra\/wp-content\/uploads\/2024\/11\/7f6d992c220f18420c49b8e73686b3f5-1519x500-1.png?w=1519&amp;ssl=1 1519w\" sizes=\"auto, (max-width: 860px) 100vw, 860px\" \/><\/figure>\n\n\n\n<p class=\"has-normal-font-size\"><strong>Deux \u0153uvres d\u2019Evelyne Axell pr\u00e9sent\u00e9es dans \u00ab Pop Forever \u00bb, une exposition double, \u00e0 la fois r\u00e9trospective Tom Wesselmann et exposition th\u00e9matique sur le Pop Art.<\/strong><\/p>\n\n\n\n<p class=\"has-small-font-size\"><em>Du 16 octobre 2024 au 24 f\u00e9vrier 2025.<\/em><\/p>\n\n\n\n<p>Du 16 octobre 2024 jusqu\u2019au 24 f\u00e9vrier 2025, la Fondation Louis Vuitton pr\u00e9sente \u00ab Pop Forever, Tom Wesselmann &amp; \u2026 \u00bb une exposition consacr\u00e9e au Pop Art, l\u2019un des mouvements artistiques majeurs des ann\u00e9es 1960 dont la pr\u00e9sence n\u2019a cess\u00e9, jusqu\u2019\u00e0 aujourd\u2019hui, de s\u2019affirmer sur tous les continents et pour toutes les g\u00e9n\u00e9rations.<\/p>\n\n\n\n<figure class=\"wp-block-image size-large\"><img data-recalc-dims=\"1\" loading=\"lazy\" decoding=\"async\" width=\"860\" height=\"645\" src=\"https:\/\/i0.wp.com\/www.evelyne-axell.info\/fra\/wp-content\/uploads\/2024\/11\/FLV-01-2024-11-01-a-19.39.09_37c7284c.jpg?resize=860%2C645&#038;ssl=1\" alt=\"\" class=\"wp-image-1414\" srcset=\"https:\/\/i0.wp.com\/www.evelyne-axell.info\/fra\/wp-content\/uploads\/2024\/11\/FLV-01-2024-11-01-a-19.39.09_37c7284c.jpg?resize=1024%2C768&amp;ssl=1 1024w, https:\/\/i0.wp.com\/www.evelyne-axell.info\/fra\/wp-content\/uploads\/2024\/11\/FLV-01-2024-11-01-a-19.39.09_37c7284c.jpg?resize=533%2C400&amp;ssl=1 533w, https:\/\/i0.wp.com\/www.evelyne-axell.info\/fra\/wp-content\/uploads\/2024\/11\/FLV-01-2024-11-01-a-19.39.09_37c7284c.jpg?resize=150%2C113&amp;ssl=1 150w, https:\/\/i0.wp.com\/www.evelyne-axell.info\/fra\/wp-content\/uploads\/2024\/11\/FLV-01-2024-11-01-a-19.39.09_37c7284c.jpg?resize=768%2C576&amp;ssl=1 768w, https:\/\/i0.wp.com\/www.evelyne-axell.info\/fra\/wp-content\/uploads\/2024\/11\/FLV-01-2024-11-01-a-19.39.09_37c7284c.jpg?resize=1536%2C1152&amp;ssl=1 1536w, https:\/\/i0.wp.com\/www.evelyne-axell.info\/fra\/wp-content\/uploads\/2024\/11\/FLV-01-2024-11-01-a-19.39.09_37c7284c.jpg?w=1600&amp;ssl=1 1600w\" sizes=\"auto, (max-width: 860px) 100vw, 860px\" \/><figcaption class=\"wp-element-caption\">A gauche: \u00ab\u00a0Ice Cream 1\u00a0\u00bb, 1964.<\/figcaption><\/figure>\n\n\n\n<p>L\u2019exposition est centr\u00e9e autour de Tom Wesselmann (1931-2004), une des figures de proue du mouvement, au travers d\u2019une s\u00e9lection de 150 peintures et \u0153uvres de divers mat\u00e9riaux.<\/p>\n\n\n\n<p>A c\u00f4t\u00e9 de pi\u00e8ces ma\u00eetresses de l\u2019\u0153uvre de Tom Wesselmann, l\u2019exposition regroupe les travaux d\u2019artistes choisis de mani\u00e8re globale, de nationalit\u00e9s et de g\u00e9n\u00e9rations diff\u00e9rentes, pour un parcours riche, toujours pr\u00eat \u00e0 \u00e9tonner, \u00e0 rebondir. On y trouve les plus connus \u2013 Jasper Johns, Roy Lichtenstein, Andy Warhol &#8211; mais \u00e9galement des cr\u00e9atrices trop longtemps laiss\u00e9es en dehors du grand r\u00e9cit &#8211; Evelyne Axell, Kiki Kogelnik, Marisol, Marjorie Strider &#8211; ou ceux qui sont reconnus comme \u00e9tant \u00e0 l\u2019origine du mouvement &#8211; Marcel Duchamp, Kurt Schwitters &#8211; et encore les champions d\u2019un pop contemporain mondialis\u00e9 &#8211; Jeff Koons, Ai Weiwei &#8211; ou bien des artistes regardant Tom Wesselmann \u00ab dans les yeux \u00bb &#8211; Derrick Adams, Mickalene Thomas, Tomokazu Matsuyama &#8211; et aussi la jeune g\u00e9n\u00e9ration exprimant avec talent sa propre vision &#8211; avec Lauren Halsey.&nbsp;<\/p>\n\n\n\n<figure class=\"wp-block-image size-large\"><img data-recalc-dims=\"1\" loading=\"lazy\" decoding=\"async\" width=\"860\" height=\"645\" src=\"https:\/\/i0.wp.com\/www.evelyne-axell.info\/fra\/wp-content\/uploads\/2024\/11\/FLV-03-2024-11-01-a-19.40.11_5db356f2.jpg?resize=860%2C645&#038;ssl=1\" alt=\"\" class=\"wp-image-1415\" srcset=\"https:\/\/i0.wp.com\/www.evelyne-axell.info\/fra\/wp-content\/uploads\/2024\/11\/FLV-03-2024-11-01-a-19.40.11_5db356f2.jpg?resize=1024%2C768&amp;ssl=1 1024w, https:\/\/i0.wp.com\/www.evelyne-axell.info\/fra\/wp-content\/uploads\/2024\/11\/FLV-03-2024-11-01-a-19.40.11_5db356f2.jpg?resize=533%2C400&amp;ssl=1 533w, https:\/\/i0.wp.com\/www.evelyne-axell.info\/fra\/wp-content\/uploads\/2024\/11\/FLV-03-2024-11-01-a-19.40.11_5db356f2.jpg?resize=150%2C113&amp;ssl=1 150w, https:\/\/i0.wp.com\/www.evelyne-axell.info\/fra\/wp-content\/uploads\/2024\/11\/FLV-03-2024-11-01-a-19.40.11_5db356f2.jpg?resize=768%2C576&amp;ssl=1 768w, https:\/\/i0.wp.com\/www.evelyne-axell.info\/fra\/wp-content\/uploads\/2024\/11\/FLV-03-2024-11-01-a-19.40.11_5db356f2.jpg?resize=1536%2C1152&amp;ssl=1 1536w, https:\/\/i0.wp.com\/www.evelyne-axell.info\/fra\/wp-content\/uploads\/2024\/11\/FLV-03-2024-11-01-a-19.40.11_5db356f2.jpg?w=1600&amp;ssl=1 1600w\" sizes=\"auto, (max-width: 860px) 100vw, 860px\" \/><figcaption class=\"wp-element-caption\">A gauche: \u00ab\u00a0La femme de marbre\u00a0\u00bb, 1968.<\/figcaption><\/figure>\n\n\n\n<p class=\"has-small-font-size\">Commissaires de l&rsquo;exposition\u00a0:<br>Dieter Buchhart et Anna Karina Hofbauer, assist\u00e9s de Tatjana Andrea Borodin.<\/p>\n\n\n\n<p class=\"has-small-font-size\"><em><a>Fondation Louis Vuitton<\/a><br>8 Av. du Mahatma Gandhi,<br>F-75116 Paris<br>(+33) 1 40 69 96 00<br><a href=\"https:\/\/www.fondationlouisvuitton.fr\">https:\/\/www.fondationlouisvuitton.fr<\/a><\/em><\/p>\n\n\n\n<p><\/p>\n","protected":false},"excerpt":{"rendered":"<p>Deux \u0153uvres d\u2019Evelyne Axell pr\u00e9sent\u00e9es dans \u00ab Pop Forever \u00bb, une exposition double, \u00e0 la fois r\u00e9trospective Tom Wesselmann et exposition th\u00e9matique sur le Pop Art. Du 16 octobre 2024 au 24 f\u00e9vrier 2025. Du 16 octobre 2024 jusqu\u2019au 24 <a class=\"more-link\" href=\"https:\/\/www.evelyne-axell.info\/fra\/2024\/11\/02\/evelyne-axell-a-la-fondation-louis-vuitton\/\">Lire la suite&#8230;<\/a><\/p>\n","protected":false},"author":1,"featured_media":1416,"comment_status":"closed","ping_status":"closed","sticky":false,"template":"","format":"standard","meta":{"ngg_post_thumbnail":0,"_jetpack_memberships_contains_paid_content":false,"footnotes":""},"categories":[4],"tags":[],"class_list":["post-1412","post","type-post","status-publish","format-standard","has-post-thumbnail","hentry","category-expo"],"jetpack_featured_media_url":"https:\/\/i0.wp.com\/www.evelyne-axell.info\/fra\/wp-content\/uploads\/2024\/11\/vuitton.jpg?fit=2000%2C1333&ssl=1","jetpack_sharing_enabled":true,"_links":{"self":[{"href":"https:\/\/www.evelyne-axell.info\/fra\/wp-json\/wp\/v2\/posts\/1412","targetHints":{"allow":["GET"]}}],"collection":[{"href":"https:\/\/www.evelyne-axell.info\/fra\/wp-json\/wp\/v2\/posts"}],"about":[{"href":"https:\/\/www.evelyne-axell.info\/fra\/wp-json\/wp\/v2\/types\/post"}],"author":[{"embeddable":true,"href":"https:\/\/www.evelyne-axell.info\/fra\/wp-json\/wp\/v2\/users\/1"}],"replies":[{"embeddable":true,"href":"https:\/\/www.evelyne-axell.info\/fra\/wp-json\/wp\/v2\/comments?post=1412"}],"version-history":[{"count":1,"href":"https:\/\/www.evelyne-axell.info\/fra\/wp-json\/wp\/v2\/posts\/1412\/revisions"}],"predecessor-version":[{"id":1417,"href":"https:\/\/www.evelyne-axell.info\/fra\/wp-json\/wp\/v2\/posts\/1412\/revisions\/1417"}],"wp:featuredmedia":[{"embeddable":true,"href":"https:\/\/www.evelyne-axell.info\/fra\/wp-json\/wp\/v2\/media\/1416"}],"wp:attachment":[{"href":"https:\/\/www.evelyne-axell.info\/fra\/wp-json\/wp\/v2\/media?parent=1412"}],"wp:term":[{"taxonomy":"category","embeddable":true,"href":"https:\/\/www.evelyne-axell.info\/fra\/wp-json\/wp\/v2\/categories?post=1412"},{"taxonomy":"post_tag","embeddable":true,"href":"https:\/\/www.evelyne-axell.info\/fra\/wp-json\/wp\/v2\/tags?post=1412"}],"curies":[{"name":"wp","href":"https:\/\/api.w.org\/{rel}","templated":true}]}}