{"id":1396,"date":"2024-11-01T14:16:51","date_gmt":"2024-11-01T13:16:51","guid":{"rendered":"https:\/\/www.evelyne-axell.info\/fra\/?p=1396"},"modified":"2024-11-06T13:15:42","modified_gmt":"2024-11-06T12:15:42","slug":"le-joli-mois-de-mai-a-bozar","status":"publish","type":"post","link":"https:\/\/www.evelyne-axell.info\/fra\/2024\/11\/01\/le-joli-mois-de-mai-a-bozar\/","title":{"rendered":"\u00ab\u00a0Le joli mois de mai\u00a0\u00bb \u00e0 BOZAR."},"content":{"rendered":"\n<p><\/p>\n\n\n\n<figure class=\"wp-block-image size-large\"><img data-recalc-dims=\"1\" loading=\"lazy\" decoding=\"async\" width=\"860\" height=\"452\" src=\"https:\/\/i0.wp.com\/www.evelyne-axell.info\/fra\/wp-content\/uploads\/2024\/11\/3284772_louve_is_louder_v3.png?resize=860%2C452&#038;ssl=1\" alt=\"\" class=\"wp-image-1397\" srcset=\"https:\/\/i0.wp.com\/www.evelyne-axell.info\/fra\/wp-content\/uploads\/2024\/11\/3284772_louve_is_louder_v3.png?resize=1024%2C538&amp;ssl=1 1024w, https:\/\/i0.wp.com\/www.evelyne-axell.info\/fra\/wp-content\/uploads\/2024\/11\/3284772_louve_is_louder_v3.png?resize=762%2C400&amp;ssl=1 762w, https:\/\/i0.wp.com\/www.evelyne-axell.info\/fra\/wp-content\/uploads\/2024\/11\/3284772_louve_is_louder_v3.png?resize=150%2C79&amp;ssl=1 150w, https:\/\/i0.wp.com\/www.evelyne-axell.info\/fra\/wp-content\/uploads\/2024\/11\/3284772_louve_is_louder_v3.png?resize=768%2C403&amp;ssl=1 768w, https:\/\/i0.wp.com\/www.evelyne-axell.info\/fra\/wp-content\/uploads\/2024\/11\/3284772_louve_is_louder_v3.png?w=1200&amp;ssl=1 1200w\" sizes=\"auto, (max-width: 860px) 100vw, 860px\" \/><\/figure>\n\n\n\n<p class=\"has-normal-font-size\"><strong>Exposition Love is Louder : 80 artistes explorent l&rsquo;amour de la fin des ann\u00e9es 60 \u00e0 aujourd&rsquo;hui.<\/strong><\/p>\n\n\n\n<p class=\"has-small-font-size\"><em>Du 12.10.2024 au 05.01.2025.<\/em><\/p>\n\n\n\n<p>L\u2019exposition Love is Louder \u00e0 Bozar (Palais des Beaux-Arts de Bruxelles) explore les nombreuses facettes de l&rsquo;amour, ses tensions et ses diff\u00e9rentes formes.<\/p>\n\n\n\n<p>Naviguant entre le personnel et le politique, entre l\u2019intime et le public, l&rsquo;exposition se focalise sur trois dimensions de l&rsquo;amour : l&rsquo;amour romantique, la parent\u00e9 et l&rsquo;amiti\u00e9, et l&rsquo;amour dans un contexte social plus large. Du Summer of Love de 1967 \u00e0 aujourd&rsquo;hui, l&rsquo;exposition montre comment, au cours des 60 derni\u00e8res ann\u00e9es, nous avons d\u00e9pass\u00e9 l&rsquo;image du couple traditionnel ou de la famille nucl\u00e9aire, comment les amiti\u00e9s prennent forme et ce que signifient les actes d&rsquo;amour au sein de la soci\u00e9t\u00e9. L&rsquo;exposition pr\u00e9sente plus de 120 \u0153uvres de 80 artistes nationaux et internationaux dans un large \u00e9ventail de m\u00e9dias tels que la peinture, la sculpture, la vid\u00e9o, le film et les installations multim\u00e9dias. En ces temps de polarisation croissante, l&rsquo;exposition se concentre sur ce qui nous relie.<\/p>\n\n\n\n<figure class=\"wp-block-image size-large\"><img data-recalc-dims=\"1\" loading=\"lazy\" decoding=\"async\" width=\"860\" height=\"574\" src=\"https:\/\/i0.wp.com\/www.evelyne-axell.info\/fra\/wp-content\/uploads\/2024\/11\/ExpoBozar_LoveIsLouder_Credits-JuliePollet_-00143.jpg?resize=860%2C574&#038;ssl=1\" alt=\"\" class=\"wp-image-1398\" srcset=\"https:\/\/i0.wp.com\/www.evelyne-axell.info\/fra\/wp-content\/uploads\/2024\/11\/ExpoBozar_LoveIsLouder_Credits-JuliePollet_-00143-scaled.jpg?resize=1024%2C683&amp;ssl=1 1024w, https:\/\/i0.wp.com\/www.evelyne-axell.info\/fra\/wp-content\/uploads\/2024\/11\/ExpoBozar_LoveIsLouder_Credits-JuliePollet_-00143-scaled.jpg?resize=600%2C400&amp;ssl=1 600w, https:\/\/i0.wp.com\/www.evelyne-axell.info\/fra\/wp-content\/uploads\/2024\/11\/ExpoBozar_LoveIsLouder_Credits-JuliePollet_-00143-scaled.jpg?resize=150%2C100&amp;ssl=1 150w, https:\/\/i0.wp.com\/www.evelyne-axell.info\/fra\/wp-content\/uploads\/2024\/11\/ExpoBozar_LoveIsLouder_Credits-JuliePollet_-00143-scaled.jpg?resize=768%2C512&amp;ssl=1 768w, https:\/\/i0.wp.com\/www.evelyne-axell.info\/fra\/wp-content\/uploads\/2024\/11\/ExpoBozar_LoveIsLouder_Credits-JuliePollet_-00143-scaled.jpg?resize=1536%2C1024&amp;ssl=1 1536w, https:\/\/i0.wp.com\/www.evelyne-axell.info\/fra\/wp-content\/uploads\/2024\/11\/ExpoBozar_LoveIsLouder_Credits-JuliePollet_-00143-scaled.jpg?w=1720&amp;ssl=1 1720w\" sizes=\"auto, (max-width: 860px) 100vw, 860px\" \/><figcaption class=\"wp-element-caption\">Au centre: \u00ab\u00a0Le joli mois de mai\u00a0\u00bb, 1970, d&rsquo;Evelyne Axell. Cr\u00e9dit photo Julie Pollet, courtesy BOZAR.<\/figcaption><\/figure>\n\n\n\n<p>Le triptyque Joli mois de mai est une v\u00e9ritable ode \u00e0 l\u2019ardeur r\u00e9volutionnaire et \u00e0 la lib\u00e9ration sexuelle. Axell y repr\u00e9sente \u00e0 gauche l\u2019influent critique d\u2019art fran\u00e7ais Pierre Restany, en orateur pr\u00eachant la lib\u00e9ration des arts. La figure centrale brandissant l\u2019\u00e9tendard r\u00e9volutionnaire est l\u2019ic\u00f4ne activiste de mai 68 Caroline De Bendern, dont la photo prise lors d\u2019une manifestation a fait le tour des m\u00e9dias. \u00c0 droite, Axell se repr\u00e9sente nue et munie de ses attributs de peintre. Elle revendique avec fiert\u00e9 le fait de disposer de son corps et de son pinceau comme elle l\u2019entend, \u00e9mancip\u00e9e et en toute libert\u00e9.<br>(Texte de Ma\u00eft\u00e9 Smeyers)<\/p>\n\n\n\n<p>Commissariat: Bozar Expo<br>Emma Dumartheray, Zo\u00eb Gray, Anamar\u00eda Pazmi\u00f1o, Ma\u00eft\u00e9 Smeyers, Christel Tsilibaris.<\/p>\n\n\n\n<p class=\"has-small-font-size\"><em>BOZAR<br>Palais des Beaux-Arts,<br>Rue Ravenstein 23,<br>B-1000 Bruxelles<br><a href=\"https:\/\/www.bozar.be\">https:\/\/www.bozar.be<\/a><\/em><\/p>\n","protected":false},"excerpt":{"rendered":"<p>Exposition Love is Louder : 80 artistes explorent l&rsquo;amour de la fin des ann\u00e9es 60 \u00e0 aujourd&rsquo;hui. Du 12.10.2024 au 05.01.2025. L\u2019exposition Love is Louder \u00e0 Bozar (Palais des Beaux-Arts de Bruxelles) explore les nombreuses facettes de l&rsquo;amour, ses tensions <a class=\"more-link\" href=\"https:\/\/www.evelyne-axell.info\/fra\/2024\/11\/01\/le-joli-mois-de-mai-a-bozar\/\">Lire la suite&#8230;<\/a><\/p>\n","protected":false},"author":1,"featured_media":1400,"comment_status":"closed","ping_status":"closed","sticky":false,"template":"","format":"standard","meta":{"ngg_post_thumbnail":0,"_jetpack_memberships_contains_paid_content":false,"footnotes":""},"categories":[4],"tags":[],"class_list":["post-1396","post","type-post","status-publish","format-standard","has-post-thumbnail","hentry","category-expo"],"jetpack_featured_media_url":"https:\/\/i0.wp.com\/www.evelyne-axell.info\/fra\/wp-content\/uploads\/2024\/11\/bozar.jpg?fit=772%2C500&ssl=1","jetpack_sharing_enabled":true,"_links":{"self":[{"href":"https:\/\/www.evelyne-axell.info\/fra\/wp-json\/wp\/v2\/posts\/1396","targetHints":{"allow":["GET"]}}],"collection":[{"href":"https:\/\/www.evelyne-axell.info\/fra\/wp-json\/wp\/v2\/posts"}],"about":[{"href":"https:\/\/www.evelyne-axell.info\/fra\/wp-json\/wp\/v2\/types\/post"}],"author":[{"embeddable":true,"href":"https:\/\/www.evelyne-axell.info\/fra\/wp-json\/wp\/v2\/users\/1"}],"replies":[{"embeddable":true,"href":"https:\/\/www.evelyne-axell.info\/fra\/wp-json\/wp\/v2\/comments?post=1396"}],"version-history":[{"count":1,"href":"https:\/\/www.evelyne-axell.info\/fra\/wp-json\/wp\/v2\/posts\/1396\/revisions"}],"predecessor-version":[{"id":1401,"href":"https:\/\/www.evelyne-axell.info\/fra\/wp-json\/wp\/v2\/posts\/1396\/revisions\/1401"}],"wp:featuredmedia":[{"embeddable":true,"href":"https:\/\/www.evelyne-axell.info\/fra\/wp-json\/wp\/v2\/media\/1400"}],"wp:attachment":[{"href":"https:\/\/www.evelyne-axell.info\/fra\/wp-json\/wp\/v2\/media?parent=1396"}],"wp:term":[{"taxonomy":"category","embeddable":true,"href":"https:\/\/www.evelyne-axell.info\/fra\/wp-json\/wp\/v2\/categories?post=1396"},{"taxonomy":"post_tag","embeddable":true,"href":"https:\/\/www.evelyne-axell.info\/fra\/wp-json\/wp\/v2\/tags?post=1396"}],"curies":[{"name":"wp","href":"https:\/\/api.w.org\/{rel}","templated":true}]}}