{"id":1390,"date":"2024-10-26T15:32:55","date_gmt":"2024-10-26T13:32:55","guid":{"rendered":"https:\/\/www.evelyne-axell.info\/fra\/?p=1390"},"modified":"2024-10-26T15:32:56","modified_gmt":"2024-10-26T13:32:56","slug":"femmes-artistes-au-musee-des-beaux-arts-de-charleroi","status":"publish","type":"post","link":"https:\/\/www.evelyne-axell.info\/fra\/2024\/10\/26\/femmes-artistes-au-musee-des-beaux-arts-de-charleroi\/","title":{"rendered":"Femmes artistes au Mus\u00e9e des Beaux-Arts de Charleroi."},"content":{"rendered":"\n<p><\/p>\n\n\n\n<figure class=\"wp-block-image size-large\"><img data-recalc-dims=\"1\" loading=\"lazy\" decoding=\"async\" width=\"860\" height=\"328\" src=\"https:\/\/i0.wp.com\/www.evelyne-axell.info\/fra\/wp-content\/uploads\/2024\/10\/bfb-si-le-coeur_992024T153215.668.jpg?resize=860%2C328&#038;ssl=1\" alt=\"\" class=\"wp-image-1391\" srcset=\"https:\/\/i0.wp.com\/www.evelyne-axell.info\/fra\/wp-content\/uploads\/2024\/10\/bfb-si-le-coeur_992024T153215.668.jpg?resize=1024%2C390&amp;ssl=1 1024w, https:\/\/i0.wp.com\/www.evelyne-axell.info\/fra\/wp-content\/uploads\/2024\/10\/bfb-si-le-coeur_992024T153215.668.jpg?resize=900%2C343&amp;ssl=1 900w, https:\/\/i0.wp.com\/www.evelyne-axell.info\/fra\/wp-content\/uploads\/2024\/10\/bfb-si-le-coeur_992024T153215.668.jpg?resize=150%2C57&amp;ssl=1 150w, https:\/\/i0.wp.com\/www.evelyne-axell.info\/fra\/wp-content\/uploads\/2024\/10\/bfb-si-le-coeur_992024T153215.668.jpg?resize=768%2C292&amp;ssl=1 768w, https:\/\/i0.wp.com\/www.evelyne-axell.info\/fra\/wp-content\/uploads\/2024\/10\/bfb-si-le-coeur_992024T153215.668.jpg?resize=1536%2C585&amp;ssl=1 1536w, https:\/\/i0.wp.com\/www.evelyne-axell.info\/fra\/wp-content\/uploads\/2024\/10\/bfb-si-le-coeur_992024T153215.668.jpg?w=1708&amp;ssl=1 1708w\" sizes=\"auto, (max-width: 860px) 100vw, 860px\" \/><\/figure>\n\n\n\n<p class=\"has-normal-font-size\"><strong>Le <a>Mus\u00e9e des Beaux-Arts de Charleroi <\/a>accueille une exposition in\u00e9dite : \u00ab\u00a0Si le coeur vous en dit. Artistes femmes au XXe si\u00e8cle en Belgique\u00a0\u00bb.<\/strong><\/p>\n\n\n\n<p class=\"has-small-font-size\"><em>Du 21 septembre 2024 au 16 f\u00e9vrier 2025.<\/em><\/p>\n\n\n\n<p>Cette exposition ainsi que l\u2019ouvrage qui l\u2019accompagne, visent au travers d\u2019une s\u00e9lection d\u2019\u0153uvres, de textes explicatifs, d\u2019un travail de m\u00e9diation, mais aussi d\u2019articles scientifiques, \u00e0 \u00e9clairer les conditions de production (et de non-production) artistique des femmes en Belgique au XXe si\u00e8cle, de l\u2019enseignement \u00e0 la carri\u00e8re, et par l\u00e0, tente de contribuer \u00e0 un r\u00e9\u00e9quilibrage toujours n\u00e9cessaire.<\/p>\n\n\n\n<figure class=\"wp-block-image size-large\"><img data-recalc-dims=\"1\" loading=\"lazy\" decoding=\"async\" width=\"860\" height=\"860\" src=\"https:\/\/i0.wp.com\/www.evelyne-axell.info\/fra\/wp-content\/uploads\/2024\/10\/460960684_1279623163009089_7688190141173914888_n.jpg?resize=860%2C860&#038;ssl=1\" alt=\"\" class=\"wp-image-1392\" srcset=\"https:\/\/i0.wp.com\/www.evelyne-axell.info\/fra\/wp-content\/uploads\/2024\/10\/460960684_1279623163009089_7688190141173914888_n.jpg?resize=1024%2C1024&amp;ssl=1 1024w, https:\/\/i0.wp.com\/www.evelyne-axell.info\/fra\/wp-content\/uploads\/2024\/10\/460960684_1279623163009089_7688190141173914888_n.jpg?resize=400%2C400&amp;ssl=1 400w, https:\/\/i0.wp.com\/www.evelyne-axell.info\/fra\/wp-content\/uploads\/2024\/10\/460960684_1279623163009089_7688190141173914888_n.jpg?resize=150%2C150&amp;ssl=1 150w, https:\/\/i0.wp.com\/www.evelyne-axell.info\/fra\/wp-content\/uploads\/2024\/10\/460960684_1279623163009089_7688190141173914888_n.jpg?resize=768%2C768&amp;ssl=1 768w, https:\/\/i0.wp.com\/www.evelyne-axell.info\/fra\/wp-content\/uploads\/2024\/10\/460960684_1279623163009089_7688190141173914888_n.jpg?resize=1536%2C1536&amp;ssl=1 1536w, https:\/\/i0.wp.com\/www.evelyne-axell.info\/fra\/wp-content\/uploads\/2024\/10\/460960684_1279623163009089_7688190141173914888_n.jpg?w=2048&amp;ssl=1 2048w, https:\/\/i0.wp.com\/www.evelyne-axell.info\/fra\/wp-content\/uploads\/2024\/10\/460960684_1279623163009089_7688190141173914888_n.jpg?w=1720&amp;ssl=1 1720w\" sizes=\"auto, (max-width: 860px) 100vw, 860px\" \/><figcaption class=\"wp-element-caption\">Dans le fond \u00e0 gauche: \u00ab\u00a0Sunday\u00a0\u00bb d&rsquo;Evelyne Axell.<\/figcaption><\/figure>\n\n\n\n<p>Ainsi, celle-ci ne donne pas seulement \u00e0 voir des \u0153uvres d\u2019artistes femmes. Elle remet en contexte, \u00e0 travers des recherches pouss\u00e9es, les conditions de cr\u00e9ation de ces artistes, au XXe si\u00e8cle, en Belgique. Elle d\u00e9veloppe \u00e9galement les strat\u00e9gies adopt\u00e9es par ces artistes afin d\u2019exister dans le champ de l\u2019art d\u2019alors.<\/p>\n\n\n\n<p class=\"has-small-font-size\"><em>MUS\u00c9E DES BEAUX-ARTS<br>Boulevard Mayence, 67<br>6000 Charleroi<br>T\u00e9l : 071 86 01 01<\/em><\/p>\n\n\n\n<p><\/p>\n","protected":false},"excerpt":{"rendered":"<p>Le Mus\u00e9e des Beaux-Arts de Charleroi accueille une exposition in\u00e9dite : \u00ab\u00a0Si le coeur vous en dit. Artistes femmes au XXe si\u00e8cle en Belgique\u00a0\u00bb. Du 21 septembre 2024 au 16 f\u00e9vrier 2025. Cette exposition ainsi que l\u2019ouvrage qui l\u2019accompagne, visent <a class=\"more-link\" href=\"https:\/\/www.evelyne-axell.info\/fra\/2024\/10\/26\/femmes-artistes-au-musee-des-beaux-arts-de-charleroi\/\">Lire la suite&#8230;<\/a><\/p>\n","protected":false},"author":1,"featured_media":1393,"comment_status":"closed","ping_status":"closed","sticky":false,"template":"","format":"standard","meta":{"ngg_post_thumbnail":0,"_jetpack_memberships_contains_paid_content":false,"footnotes":""},"categories":[4],"tags":[],"class_list":["post-1390","post","type-post","status-publish","format-standard","has-post-thumbnail","hentry","category-expo"],"jetpack_featured_media_url":"https:\/\/i0.wp.com\/www.evelyne-axell.info\/fra\/wp-content\/uploads\/2024\/10\/ANX-09-013U-0001w1800-copie.jpg?fit=450%2C318&ssl=1","jetpack_sharing_enabled":true,"_links":{"self":[{"href":"https:\/\/www.evelyne-axell.info\/fra\/wp-json\/wp\/v2\/posts\/1390","targetHints":{"allow":["GET"]}}],"collection":[{"href":"https:\/\/www.evelyne-axell.info\/fra\/wp-json\/wp\/v2\/posts"}],"about":[{"href":"https:\/\/www.evelyne-axell.info\/fra\/wp-json\/wp\/v2\/types\/post"}],"author":[{"embeddable":true,"href":"https:\/\/www.evelyne-axell.info\/fra\/wp-json\/wp\/v2\/users\/1"}],"replies":[{"embeddable":true,"href":"https:\/\/www.evelyne-axell.info\/fra\/wp-json\/wp\/v2\/comments?post=1390"}],"version-history":[{"count":1,"href":"https:\/\/www.evelyne-axell.info\/fra\/wp-json\/wp\/v2\/posts\/1390\/revisions"}],"predecessor-version":[{"id":1394,"href":"https:\/\/www.evelyne-axell.info\/fra\/wp-json\/wp\/v2\/posts\/1390\/revisions\/1394"}],"wp:featuredmedia":[{"embeddable":true,"href":"https:\/\/www.evelyne-axell.info\/fra\/wp-json\/wp\/v2\/media\/1393"}],"wp:attachment":[{"href":"https:\/\/www.evelyne-axell.info\/fra\/wp-json\/wp\/v2\/media?parent=1390"}],"wp:term":[{"taxonomy":"category","embeddable":true,"href":"https:\/\/www.evelyne-axell.info\/fra\/wp-json\/wp\/v2\/categories?post=1390"},{"taxonomy":"post_tag","embeddable":true,"href":"https:\/\/www.evelyne-axell.info\/fra\/wp-json\/wp\/v2\/tags?post=1390"}],"curies":[{"name":"wp","href":"https:\/\/api.w.org\/{rel}","templated":true}]}}