{"id":1377,"date":"2024-09-12T14:34:05","date_gmt":"2024-09-12T12:34:05","guid":{"rendered":"https:\/\/www.evelyne-axell.info\/fra\/?p=1377"},"modified":"2024-09-12T14:43:21","modified_gmt":"2024-09-12T12:43:21","slug":"automne-2024-axell-dans-les-expositions","status":"publish","type":"post","link":"https:\/\/www.evelyne-axell.info\/fra\/2024\/09\/12\/automne-2024-axell-dans-les-expositions\/","title":{"rendered":"Automne 2024. Axell dans les expositions."},"content":{"rendered":"\n<p><\/p>\n\n\n\n<figure class=\"wp-block-image size-large\"><img data-recalc-dims=\"1\" loading=\"lazy\" decoding=\"async\" width=\"860\" height=\"573\" src=\"https:\/\/i0.wp.com\/www.evelyne-axell.info\/fra\/wp-content\/uploads\/2024\/09\/vuitton.jpg?resize=860%2C573&#038;ssl=1\" alt=\"\" class=\"wp-image-1378\" srcset=\"https:\/\/i0.wp.com\/www.evelyne-axell.info\/fra\/wp-content\/uploads\/2024\/09\/vuitton.jpg?resize=1024%2C682&amp;ssl=1 1024w, https:\/\/i0.wp.com\/www.evelyne-axell.info\/fra\/wp-content\/uploads\/2024\/09\/vuitton.jpg?resize=600%2C400&amp;ssl=1 600w, https:\/\/i0.wp.com\/www.evelyne-axell.info\/fra\/wp-content\/uploads\/2024\/09\/vuitton.jpg?resize=150%2C100&amp;ssl=1 150w, https:\/\/i0.wp.com\/www.evelyne-axell.info\/fra\/wp-content\/uploads\/2024\/09\/vuitton.jpg?resize=768%2C512&amp;ssl=1 768w, https:\/\/i0.wp.com\/www.evelyne-axell.info\/fra\/wp-content\/uploads\/2024\/09\/vuitton.jpg?resize=1536%2C1024&amp;ssl=1 1536w, https:\/\/i0.wp.com\/www.evelyne-axell.info\/fra\/wp-content\/uploads\/2024\/09\/vuitton.jpg?w=2000&amp;ssl=1 2000w, https:\/\/i0.wp.com\/www.evelyne-axell.info\/fra\/wp-content\/uploads\/2024\/09\/vuitton.jpg?w=1720&amp;ssl=1 1720w\" sizes=\"auto, (max-width: 860px) 100vw, 860px\" \/><figcaption class=\"wp-element-caption\">Fondation Louis Vuitton<\/figcaption><\/figure>\n\n\n\n<p><strong>Pour la rentr\u00e9e 2024 des \u0153uvres d\u2019Evelyne Axell seront pr\u00e9sentes dans de nombreuses expositions \u00e0 travers l\u2019Europe.<\/strong><\/p>\n\n\n\n<p class=\"has-small-font-size\"><strong><em>Suisse.<\/em><\/strong><br><br><strong>Figuration narrative. Un autre langage pop.<\/strong><br><br>Du 13 septembre au 15 d\u00e9cembre 2024.<br>MUS\u00c9E D&rsquo;ART DE PULLY<br>Chemin Davel 2<br>1009 Pully, Suisse<br><br>Dans le cadre de son 75e anniversaire, le Mus\u00e9e d\u2019art de Pully pr\u00e9sente une exposition consacr\u00e9e \u00e0 la figuration narrative. \u00c0 travers une s\u00e9lection de plus de 80 \u0153uvres de la Fondation Gandur pour l\u2019Art, l\u2019exposition propose de red\u00e9couvrir un mouvement m\u00e9connu de la sc\u00e8ne artistique des ann\u00e9es 1960-1970.<br><a href=\"https:\/\/www.fg-art.org\/fr\/exposition-expositions\/figuration-narrative-un-autre-langage-pop\">https:\/\/www.fg-art.org\/fr\/exposition-expositions\/figuration-narrative-un-autre-langage-pop<\/a><\/p>\n\n\n\n<figure class=\"wp-block-image size-large\"><img data-recalc-dims=\"1\" loading=\"lazy\" decoding=\"async\" width=\"716\" height=\"1024\" src=\"https:\/\/i0.wp.com\/www.evelyne-axell.info\/fra\/wp-content\/uploads\/2024\/09\/affiches-pop-jpg.jpg?resize=716%2C1024&#038;ssl=1\" alt=\"Figuration narrative\" class=\"wp-image-1379\" srcset=\"https:\/\/i0.wp.com\/www.evelyne-axell.info\/fra\/wp-content\/uploads\/2024\/09\/affiches-pop-jpg-scaled.jpg?resize=716%2C1024&amp;ssl=1 716w, https:\/\/i0.wp.com\/www.evelyne-axell.info\/fra\/wp-content\/uploads\/2024\/09\/affiches-pop-jpg-scaled.jpg?resize=280%2C400&amp;ssl=1 280w, https:\/\/i0.wp.com\/www.evelyne-axell.info\/fra\/wp-content\/uploads\/2024\/09\/affiches-pop-jpg-scaled.jpg?resize=105%2C150&amp;ssl=1 105w, https:\/\/i0.wp.com\/www.evelyne-axell.info\/fra\/wp-content\/uploads\/2024\/09\/affiches-pop-jpg-scaled.jpg?resize=768%2C1098&amp;ssl=1 768w, https:\/\/i0.wp.com\/www.evelyne-axell.info\/fra\/wp-content\/uploads\/2024\/09\/affiches-pop-jpg-scaled.jpg?resize=1074%2C1536&amp;ssl=1 1074w, https:\/\/i0.wp.com\/www.evelyne-axell.info\/fra\/wp-content\/uploads\/2024\/09\/affiches-pop-jpg-scaled.jpg?w=1790&amp;ssl=1 1790w, https:\/\/i0.wp.com\/www.evelyne-axell.info\/fra\/wp-content\/uploads\/2024\/09\/affiches-pop-jpg-scaled.jpg?w=1720&amp;ssl=1 1720w\" sizes=\"auto, (max-width: 716px) 100vw, 716px\" \/><\/figure>\n\n\n\n<p><strong><em>France.<\/em><\/strong><br><br><strong>Pop Forever, Tom Wesselmann &amp;\u2026<\/strong><br><br>Du 17 octobre 2024 au 24 f\u00e9vrier 2025.<br>FONDATION LOUIS VUITTON<br>8, Avenue du Mahatma Gandhi<br>Bois de Boulogne, 75116 Paris<br><br>L\u2019exposition sera centr\u00e9e autour de Tom Wesselmann (1931-2004), une des figures de proue du mouvement, au travers d\u2019une s\u00e9lection de 150 peintures et \u0153uvres de divers mat\u00e9riaux. Elle regroupera, en outre, 70 \u0153uvres de 35 artistes de g\u00e9n\u00e9rations et nationalit\u00e9s diff\u00e9rentes qui partagent une sensibilit\u00e9 \u00ab Pop \u00bb, allant de ses racines dada\u00efstes \u00e0 ses prolongements contemporains, des ann\u00e9es 1920 \u00e0 nos jours.<br><a href=\"https:\/\/www.fondationlouisvuitton.fr\/fr\/evenements\/pop-forever-tom-wesselmann-and\">https:\/\/www.fondationlouisvuitton.fr\/fr\/evenements\/pop-forever-tom-wesselmann-and<\/a><\/p>\n\n\n\n<figure class=\"wp-block-image size-full\"><img data-recalc-dims=\"1\" loading=\"lazy\" decoding=\"async\" width=\"600\" height=\"849\" src=\"https:\/\/i0.wp.com\/www.evelyne-axell.info\/fra\/wp-content\/uploads\/2024\/09\/e02a80475bc6709b845443de3a97f92f.jpg?resize=600%2C849&#038;ssl=1\" alt=\"\" class=\"wp-image-1381\" srcset=\"https:\/\/i0.wp.com\/www.evelyne-axell.info\/fra\/wp-content\/uploads\/2024\/09\/e02a80475bc6709b845443de3a97f92f.jpg?w=600&amp;ssl=1 600w, https:\/\/i0.wp.com\/www.evelyne-axell.info\/fra\/wp-content\/uploads\/2024\/09\/e02a80475bc6709b845443de3a97f92f.jpg?resize=283%2C400&amp;ssl=1 283w, https:\/\/i0.wp.com\/www.evelyne-axell.info\/fra\/wp-content\/uploads\/2024\/09\/e02a80475bc6709b845443de3a97f92f.jpg?resize=106%2C150&amp;ssl=1 106w\" sizes=\"auto, (max-width: 600px) 100vw, 600px\" \/><\/figure>\n\n\n\n<p><strong><em>Belgique.<\/em><\/strong><br><br><strong>Love is Louder.<\/strong><br><br>Du 12 octobre 2024 au 5 janvier 2025.<br>BOZAR<br>Palais des Beaux-Arts<br>Rue Ravenstein, 23<br>1000 Bruxelles<br><br>Du Summer of Love de 1967 \u00e0 aujourd&rsquo;hui, l&rsquo;exposition montre comment, au cours des 50 derni\u00e8res ann\u00e9es, nous avons d\u00e9pass\u00e9 l&rsquo;image du couple traditionnel ou de la famille nucl\u00e9aire, comment les amiti\u00e9s prennent forme et ce que signifient les actes d&rsquo;amour au sein de la soci\u00e9t\u00e9. L&rsquo;expo pr\u00e9sente plus de 80 artistes nationaux et internationaux dans un large \u00e9ventail de m\u00e9dias tels que la peinture, la sculpture, la vid\u00e9o, le film et les installations multim\u00e9dias. En ces temps de polarisation croissante, l&rsquo;exposition se concentre sur ce qui nous relie, parce que : L&rsquo;amour est plus fort.<br><a href=\"https:\/\/www.bozar.be\/fr\/regardez-lisez-ecoutez\/evelyne-axell-le-joli-mois-de-mai\">https:\/\/www.bozar.be\/fr\/regardez-lisez-ecoutez\/evelyne-axell-le-joli-mois-de-mai<\/a><\/p>\n\n\n\n<figure class=\"wp-block-image size-large\"><img data-recalc-dims=\"1\" loading=\"lazy\" decoding=\"async\" width=\"860\" height=\"624\" src=\"https:\/\/i0.wp.com\/www.evelyne-axell.info\/fra\/wp-content\/uploads\/2024\/09\/3208744_rs3562_k000521-scr_1.jpg?resize=860%2C624&#038;ssl=1\" alt=\"\" class=\"wp-image-1382\" srcset=\"https:\/\/i0.wp.com\/www.evelyne-axell.info\/fra\/wp-content\/uploads\/2024\/09\/3208744_rs3562_k000521-scr_1.jpg?resize=1024%2C743&amp;ssl=1 1024w, https:\/\/i0.wp.com\/www.evelyne-axell.info\/fra\/wp-content\/uploads\/2024\/09\/3208744_rs3562_k000521-scr_1.jpg?resize=552%2C400&amp;ssl=1 552w, https:\/\/i0.wp.com\/www.evelyne-axell.info\/fra\/wp-content\/uploads\/2024\/09\/3208744_rs3562_k000521-scr_1.jpg?resize=150%2C109&amp;ssl=1 150w, https:\/\/i0.wp.com\/www.evelyne-axell.info\/fra\/wp-content\/uploads\/2024\/09\/3208744_rs3562_k000521-scr_1.jpg?resize=768%2C557&amp;ssl=1 768w, https:\/\/i0.wp.com\/www.evelyne-axell.info\/fra\/wp-content\/uploads\/2024\/09\/3208744_rs3562_k000521-scr_1.jpg?w=1103&amp;ssl=1 1103w\" sizes=\"auto, (max-width: 860px) 100vw, 860px\" \/><\/figure>\n\n\n\n<p><\/p>\n","protected":false},"excerpt":{"rendered":"<p>Pour la rentr\u00e9e 2024 des \u0153uvres d\u2019Evelyne Axell seront pr\u00e9sentes dans de nombreuses expositions \u00e0 travers l\u2019Europe. Suisse. Figuration narrative. Un autre langage pop. Du 13 septembre au 15 d\u00e9cembre 2024.MUS\u00c9E D&rsquo;ART DE PULLYChemin Davel 21009 Pully, Suisse Dans le <a class=\"more-link\" href=\"https:\/\/www.evelyne-axell.info\/fra\/2024\/09\/12\/automne-2024-axell-dans-les-expositions\/\">Lire la suite&#8230;<\/a><\/p>\n","protected":false},"author":1,"featured_media":1382,"comment_status":"closed","ping_status":"closed","sticky":false,"template":"","format":"standard","meta":{"ngg_post_thumbnail":0,"_jetpack_memberships_contains_paid_content":false,"footnotes":""},"categories":[4],"tags":[],"class_list":["post-1377","post","type-post","status-publish","format-standard","has-post-thumbnail","hentry","category-expo"],"jetpack_featured_media_url":"https:\/\/i0.wp.com\/www.evelyne-axell.info\/fra\/wp-content\/uploads\/2024\/09\/3208744_rs3562_k000521-scr_1.jpg?fit=1103%2C800&ssl=1","jetpack_sharing_enabled":true,"_links":{"self":[{"href":"https:\/\/www.evelyne-axell.info\/fra\/wp-json\/wp\/v2\/posts\/1377","targetHints":{"allow":["GET"]}}],"collection":[{"href":"https:\/\/www.evelyne-axell.info\/fra\/wp-json\/wp\/v2\/posts"}],"about":[{"href":"https:\/\/www.evelyne-axell.info\/fra\/wp-json\/wp\/v2\/types\/post"}],"author":[{"embeddable":true,"href":"https:\/\/www.evelyne-axell.info\/fra\/wp-json\/wp\/v2\/users\/1"}],"replies":[{"embeddable":true,"href":"https:\/\/www.evelyne-axell.info\/fra\/wp-json\/wp\/v2\/comments?post=1377"}],"version-history":[{"count":3,"href":"https:\/\/www.evelyne-axell.info\/fra\/wp-json\/wp\/v2\/posts\/1377\/revisions"}],"predecessor-version":[{"id":1385,"href":"https:\/\/www.evelyne-axell.info\/fra\/wp-json\/wp\/v2\/posts\/1377\/revisions\/1385"}],"wp:featuredmedia":[{"embeddable":true,"href":"https:\/\/www.evelyne-axell.info\/fra\/wp-json\/wp\/v2\/media\/1382"}],"wp:attachment":[{"href":"https:\/\/www.evelyne-axell.info\/fra\/wp-json\/wp\/v2\/media?parent=1377"}],"wp:term":[{"taxonomy":"category","embeddable":true,"href":"https:\/\/www.evelyne-axell.info\/fra\/wp-json\/wp\/v2\/categories?post=1377"},{"taxonomy":"post_tag","embeddable":true,"href":"https:\/\/www.evelyne-axell.info\/fra\/wp-json\/wp\/v2\/tags?post=1377"}],"curies":[{"name":"wp","href":"https:\/\/api.w.org\/{rel}","templated":true}]}}