{"id":1360,"date":"2023-07-03T17:53:00","date_gmt":"2023-07-03T15:53:00","guid":{"rendered":"https:\/\/www.evelyne-axell.info\/fra\/?p=1360"},"modified":"2023-09-03T17:56:22","modified_gmt":"2023-09-03T15:56:22","slug":"plastic-world-a-la-schirn-kunsthalle-de-francfort","status":"publish","type":"post","link":"https:\/\/www.evelyne-axell.info\/fra\/2023\/07\/03\/plastic-world-a-la-schirn-kunsthalle-de-francfort\/","title":{"rendered":"\u00ab\u00a0Plastic World\u00a0\u00bb \u00e0 la Schirn Kunsthalle de Francfort."},"content":{"rendered":"\n<p><\/p>\n\n\n\n<figure class=\"wp-block-image size-large\"><img data-recalc-dims=\"1\" loading=\"lazy\" decoding=\"async\" width=\"860\" height=\"570\" src=\"https:\/\/i0.wp.com\/www.evelyne-axell.info\/fra\/wp-content\/uploads\/2023\/09\/PLASTICWORLD-2.jpg?resize=860%2C570&#038;ssl=1\" alt=\"\" class=\"wp-image-1361\" srcset=\"https:\/\/i0.wp.com\/www.evelyne-axell.info\/fra\/wp-content\/uploads\/2023\/09\/PLASTICWORLD-2.jpg?resize=1024%2C679&amp;ssl=1 1024w, https:\/\/i0.wp.com\/www.evelyne-axell.info\/fra\/wp-content\/uploads\/2023\/09\/PLASTICWORLD-2.jpg?resize=603%2C400&amp;ssl=1 603w, https:\/\/i0.wp.com\/www.evelyne-axell.info\/fra\/wp-content\/uploads\/2023\/09\/PLASTICWORLD-2.jpg?resize=150%2C99&amp;ssl=1 150w, https:\/\/i0.wp.com\/www.evelyne-axell.info\/fra\/wp-content\/uploads\/2023\/09\/PLASTICWORLD-2.jpg?resize=768%2C509&amp;ssl=1 768w, https:\/\/i0.wp.com\/www.evelyne-axell.info\/fra\/wp-content\/uploads\/2023\/09\/PLASTICWORLD-2.jpg?resize=1536%2C1019&amp;ssl=1 1536w, https:\/\/i0.wp.com\/www.evelyne-axell.info\/fra\/wp-content\/uploads\/2023\/09\/PLASTICWORLD-2.jpg?resize=2048%2C1358&amp;ssl=1 2048w, https:\/\/i0.wp.com\/www.evelyne-axell.info\/fra\/wp-content\/uploads\/2023\/09\/PLASTICWORLD-2.jpg?w=1720&amp;ssl=1 1720w\" sizes=\"auto, (max-width: 860px) 100vw, 860px\" \/><figcaption class=\"wp-element-caption\">\u00a9 Schirn Kunsthalle Frankfurt, 2023 &#8211; Photo : Norbert Miguletz<\/figcaption><\/figure>\n\n\n\n<p style=\"font-size:25px\"><strong>Evelyne Axell participe \u00e0 une grande exposition sur le plastique dans l&rsquo;art.<\/strong><\/p>\n\n\n\n<p class=\"has-small-font-size\"><em>Du 22 juin au 1er octobre 2023.<\/em><\/p>\n\n\n\n<p>Le plastique en tant que mat\u00e9riau a radicalement chang\u00e9 l&rsquo;art et la soci\u00e9t\u00e9 en l&rsquo;espace d&rsquo;une br\u00e8ve p\u00e9riode. Le plastique est la substance miracle \u00e0 partir de laquelle il est possible de fabriquer presque toutes les choses imaginables, des baskets aux fausses dents en passant par les ordinateurs. Le plastique peut prendre presque n&rsquo;importe quelle forme, il peut \u00eatre dur ou flexible, transparent, opaque, \u00e0 motifs, lisse, d\u00e9licat ou color\u00e9. Pour l&rsquo;art, le plastique a \u00e9t\u00e9 et reste un vecteur d&rsquo;innovation.<\/p>\n\n\n\n<p>L&rsquo;exposition \u00ab\u00a0Plastic World\u00a0\u00bb est consacr\u00e9e \u00e0 ce mat\u00e9riau central dans l&rsquo;art contemporain. Il est un sympt\u00f4me et un symbole de notre soci\u00e9t\u00e9 de masse, qui est aussi une soci\u00e9t\u00e9 du jetable, au plus tard depuis les ann\u00e9es 1950. L&rsquo;exposition ouvre ainsi un large panorama de l&rsquo;utilisation et de l&rsquo;appr\u00e9ciation artistiques du plastique, qui refl\u00e8te le contexte social et r\u00e9serve souvent des surprises : de l&rsquo;euphorie de la culture pop des ann\u00e9es 1960 \u00e0 l&rsquo;influence futuriste de l&rsquo;\u00e8re spatiale et aux \u0153uvres trash du Nouveau R\u00e9alisme, en passant par les utopies architecturales et les exp\u00e9riences sur les propri\u00e9t\u00e9s des mat\u00e9riaux, jusqu&rsquo;aux prises de position \u00e9cocritiques de ces derni\u00e8res ann\u00e9es.<\/p>\n\n\n\n<figure class=\"wp-block-image size-large\"><img data-recalc-dims=\"1\" loading=\"lazy\" decoding=\"async\" width=\"860\" height=\"573\" src=\"https:\/\/i0.wp.com\/www.evelyne-axell.info\/fra\/wp-content\/uploads\/2023\/09\/PLASTICWORLD_NMB2792.jpg?resize=860%2C573&#038;ssl=1\" alt=\"\" class=\"wp-image-1362\" srcset=\"https:\/\/i0.wp.com\/www.evelyne-axell.info\/fra\/wp-content\/uploads\/2023\/09\/PLASTICWORLD_NMB2792.jpg?resize=1024%2C682&amp;ssl=1 1024w, https:\/\/i0.wp.com\/www.evelyne-axell.info\/fra\/wp-content\/uploads\/2023\/09\/PLASTICWORLD_NMB2792.jpg?resize=600%2C400&amp;ssl=1 600w, https:\/\/i0.wp.com\/www.evelyne-axell.info\/fra\/wp-content\/uploads\/2023\/09\/PLASTICWORLD_NMB2792.jpg?resize=150%2C100&amp;ssl=1 150w, https:\/\/i0.wp.com\/www.evelyne-axell.info\/fra\/wp-content\/uploads\/2023\/09\/PLASTICWORLD_NMB2792.jpg?resize=768%2C512&amp;ssl=1 768w, https:\/\/i0.wp.com\/www.evelyne-axell.info\/fra\/wp-content\/uploads\/2023\/09\/PLASTICWORLD_NMB2792.jpg?resize=1536%2C1024&amp;ssl=1 1536w, https:\/\/i0.wp.com\/www.evelyne-axell.info\/fra\/wp-content\/uploads\/2023\/09\/PLASTICWORLD_NMB2792.jpg?resize=2048%2C1365&amp;ssl=1 2048w, https:\/\/i0.wp.com\/www.evelyne-axell.info\/fra\/wp-content\/uploads\/2023\/09\/PLASTICWORLD_NMB2792.jpg?w=1720&amp;ssl=1 1720w\" sizes=\"auto, (max-width: 860px) 100vw, 860px\" \/><figcaption class=\"wp-element-caption\">\u00a9 Schirn Kunsthalle Frankfurt, 2023 &#8211; Photo : Norbert Miguletz<\/figcaption><\/figure>\n\n\n\n<p>Des artistes f\u00e9minines comme Nicola L., Evelyne Axell, Niki de Saint Phalle et Lourdes Castro se sont \u00e9galement int\u00e9ress\u00e9es de plus en plus au moulage du corps dans le contexte du Pop Art, bien qu&rsquo;elles aient d&rsquo;abord \u00e9t\u00e9 moins pr\u00e9sentes. Evelyne Axell a cr\u00e9\u00e9 des nus f\u00e9minins s\u00fbrs d&rsquo;eux dans des poses \u00e9rotiques, tandis que Niki de Saint Phalle, avec ses Nanas, a transform\u00e9 des figures f\u00e9minines voluptueuses d\u00e9fiant les normes sociales en ic\u00f4nes d&rsquo;une histoire de l&rsquo;art f\u00e9ministe.<\/p>\n\n\n\n<p><em>Schirn Kunsthalle Frankfurt<br>R\u00f6merberg<br>60311 <em>Frankfurt am Main<\/em> <br>Allemagne<br>T +49 69 2998820<br>welcome@schirn.de<br>www.schirn.de<\/em><\/p>\n","protected":false},"excerpt":{"rendered":"<p>Evelyne Axell participe \u00e0 une grande exposition sur le plastique dans l&rsquo;art. Du 22 juin au 1er octobre 2023. Le plastique en tant que mat\u00e9riau a radicalement chang\u00e9 l&rsquo;art et la soci\u00e9t\u00e9 en l&rsquo;espace d&rsquo;une br\u00e8ve p\u00e9riode. Le plastique est <a class=\"more-link\" href=\"https:\/\/www.evelyne-axell.info\/fra\/2023\/07\/03\/plastic-world-a-la-schirn-kunsthalle-de-francfort\/\">Lire la suite&#8230;<\/a><\/p>\n","protected":false},"author":1,"featured_media":1363,"comment_status":"closed","ping_status":"closed","sticky":false,"template":"","format":"standard","meta":{"ngg_post_thumbnail":0,"_jetpack_memberships_contains_paid_content":false,"footnotes":""},"categories":[4],"tags":[],"class_list":["post-1360","post","type-post","status-publish","format-standard","has-post-thumbnail","hentry","category-expo"],"jetpack_featured_media_url":"https:\/\/i0.wp.com\/www.evelyne-axell.info\/fra\/wp-content\/uploads\/2023\/09\/Plastic-World.jpg?fit=1536%2C1256&ssl=1","jetpack_sharing_enabled":true,"_links":{"self":[{"href":"https:\/\/www.evelyne-axell.info\/fra\/wp-json\/wp\/v2\/posts\/1360","targetHints":{"allow":["GET"]}}],"collection":[{"href":"https:\/\/www.evelyne-axell.info\/fra\/wp-json\/wp\/v2\/posts"}],"about":[{"href":"https:\/\/www.evelyne-axell.info\/fra\/wp-json\/wp\/v2\/types\/post"}],"author":[{"embeddable":true,"href":"https:\/\/www.evelyne-axell.info\/fra\/wp-json\/wp\/v2\/users\/1"}],"replies":[{"embeddable":true,"href":"https:\/\/www.evelyne-axell.info\/fra\/wp-json\/wp\/v2\/comments?post=1360"}],"version-history":[{"count":2,"href":"https:\/\/www.evelyne-axell.info\/fra\/wp-json\/wp\/v2\/posts\/1360\/revisions"}],"predecessor-version":[{"id":1365,"href":"https:\/\/www.evelyne-axell.info\/fra\/wp-json\/wp\/v2\/posts\/1360\/revisions\/1365"}],"wp:featuredmedia":[{"embeddable":true,"href":"https:\/\/www.evelyne-axell.info\/fra\/wp-json\/wp\/v2\/media\/1363"}],"wp:attachment":[{"href":"https:\/\/www.evelyne-axell.info\/fra\/wp-json\/wp\/v2\/media?parent=1360"}],"wp:term":[{"taxonomy":"category","embeddable":true,"href":"https:\/\/www.evelyne-axell.info\/fra\/wp-json\/wp\/v2\/categories?post=1360"},{"taxonomy":"post_tag","embeddable":true,"href":"https:\/\/www.evelyne-axell.info\/fra\/wp-json\/wp\/v2\/tags?post=1360"}],"curies":[{"name":"wp","href":"https:\/\/api.w.org\/{rel}","templated":true}]}}