{"id":1352,"date":"2023-07-03T14:27:00","date_gmt":"2023-07-03T12:27:00","guid":{"rendered":"https:\/\/www.evelyne-axell.info\/fra\/?p=1352"},"modified":"2023-09-03T14:28:05","modified_gmt":"2023-09-03T12:28:05","slug":"exposition-pierre-dandoy-photographie-evelyne-axell-au-delta-a-namur","status":"publish","type":"post","link":"https:\/\/www.evelyne-axell.info\/fra\/2023\/07\/03\/exposition-pierre-dandoy-photographie-evelyne-axell-au-delta-a-namur\/","title":{"rendered":"Exposition \u00ab\u00a0Pierre Dandoy photographie Evelyne Axell\u00a0\u00bb au Delta \u00e0 Namur."},"content":{"rendered":"\n<p><\/p>\n\n\n\n<figure class=\"wp-block-image size-large\"><img data-recalc-dims=\"1\" loading=\"lazy\" decoding=\"async\" width=\"860\" height=\"645\" src=\"https:\/\/i0.wp.com\/www.evelyne-axell.info\/fra\/wp-content\/uploads\/2023\/09\/Delta-3.jpg?resize=860%2C645&#038;ssl=1\" alt=\"\" class=\"wp-image-1353\" srcset=\"https:\/\/i0.wp.com\/www.evelyne-axell.info\/fra\/wp-content\/uploads\/2023\/09\/Delta-3.jpg?resize=1024%2C768&amp;ssl=1 1024w, https:\/\/i0.wp.com\/www.evelyne-axell.info\/fra\/wp-content\/uploads\/2023\/09\/Delta-3.jpg?resize=533%2C400&amp;ssl=1 533w, https:\/\/i0.wp.com\/www.evelyne-axell.info\/fra\/wp-content\/uploads\/2023\/09\/Delta-3.jpg?resize=150%2C113&amp;ssl=1 150w, https:\/\/i0.wp.com\/www.evelyne-axell.info\/fra\/wp-content\/uploads\/2023\/09\/Delta-3.jpg?resize=768%2C576&amp;ssl=1 768w, https:\/\/i0.wp.com\/www.evelyne-axell.info\/fra\/wp-content\/uploads\/2023\/09\/Delta-3.jpg?resize=1536%2C1152&amp;ssl=1 1536w, https:\/\/i0.wp.com\/www.evelyne-axell.info\/fra\/wp-content\/uploads\/2023\/09\/Delta-3.jpg?w=2048&amp;ssl=1 2048w, https:\/\/i0.wp.com\/www.evelyne-axell.info\/fra\/wp-content\/uploads\/2023\/09\/Delta-3.jpg?w=1720&amp;ssl=1 1720w\" sizes=\"auto, (max-width: 860px) 100vw, 860px\" \/><\/figure>\n\n\n\n<p style=\"font-size:25px\"><strong>Le Delta s\u2019associe \u00e0 l\u2019hommage rendu au photographe Pierre Dandoy (n\u00e9 le 27 janvier 1922 \u00e0 Namur o\u00f9 il est mort le 17 f\u00e9vrier 2003), artiste bien connu des Namurois.<\/strong><\/p>\n\n\n\n<p class=\"has-small-font-size\"><em>Du 4 juillet au 15 octobre 2023.<\/em><\/p>\n\n\n\n<p>Dans l\u2019espace mus\u00e9al, l\u2019exposition regroupe une s\u00e9rie de photographies d\u2019archive d\u2019une autre artiste namuroise : Evelyne Axell.<\/p>\n\n\n\n<figure class=\"wp-block-image size-full\"><img data-recalc-dims=\"1\" loading=\"lazy\" decoding=\"async\" width=\"800\" height=\"804\" src=\"https:\/\/i0.wp.com\/www.evelyne-axell.info\/fra\/wp-content\/uploads\/2023\/09\/Delta-1.jpg?resize=800%2C804&#038;ssl=1\" alt=\"\" class=\"wp-image-1354\" srcset=\"https:\/\/i0.wp.com\/www.evelyne-axell.info\/fra\/wp-content\/uploads\/2023\/09\/Delta-1.jpg?w=800&amp;ssl=1 800w, https:\/\/i0.wp.com\/www.evelyne-axell.info\/fra\/wp-content\/uploads\/2023\/09\/Delta-1.jpg?resize=398%2C400&amp;ssl=1 398w, https:\/\/i0.wp.com\/www.evelyne-axell.info\/fra\/wp-content\/uploads\/2023\/09\/Delta-1.jpg?resize=150%2C150&amp;ssl=1 150w, https:\/\/i0.wp.com\/www.evelyne-axell.info\/fra\/wp-content\/uploads\/2023\/09\/Delta-1.jpg?resize=768%2C772&amp;ssl=1 768w\" sizes=\"auto, (max-width: 800px) 100vw, 800px\" \/><\/figure>\n\n\n\n<p>Les clich\u00e9s sont, pour la plupart, in\u00e9dits, ceux-ci \u00e9tant en r\u00e9alit\u00e9 des n\u00e9gatifs jamais imprim\u00e9s. R\u00e9alis\u00e9s entre 1959 et 1962, alors qu\u2019Axell travaillait principalement en tant que com\u00e9dienne et comme \u00ab\u2009speakerine\u2009\u00bb pour le petit \u00e9cran, ces images \u00e9tonnantes t\u00e9moignent de la complicit\u00e9 amicale et artistique entre les deux artistes et questionnent la relation inventive entre un photographe et son mod\u00e8le.<\/p>\n\n\n\n<figure class=\"wp-block-image size-full\"><img data-recalc-dims=\"1\" loading=\"lazy\" decoding=\"async\" width=\"600\" height=\"600\" src=\"https:\/\/i0.wp.com\/www.evelyne-axell.info\/fra\/wp-content\/uploads\/2023\/09\/Delta-2.jpg?resize=600%2C600&#038;ssl=1\" alt=\"\" class=\"wp-image-1355\" srcset=\"https:\/\/i0.wp.com\/www.evelyne-axell.info\/fra\/wp-content\/uploads\/2023\/09\/Delta-2.jpg?w=600&amp;ssl=1 600w, https:\/\/i0.wp.com\/www.evelyne-axell.info\/fra\/wp-content\/uploads\/2023\/09\/Delta-2.jpg?resize=400%2C400&amp;ssl=1 400w, https:\/\/i0.wp.com\/www.evelyne-axell.info\/fra\/wp-content\/uploads\/2023\/09\/Delta-2.jpg?resize=150%2C150&amp;ssl=1 150w\" sizes=\"auto, (max-width: 600px) 100vw, 600px\" \/><\/figure>\n\n\n\n<p>Une table-vitrine pr\u00e9sente divers documents&nbsp; dont une note manuscrite d\u2019Evelyne Axell, adress\u00e9e \u00e0 Pierre Dandoy, se terminant par ses mots: \u00ab Au revoir Pierre, \u00e0 cause de toi, Namur a, pour moi, un autre visage&nbsp;\u00bb.<\/p>\n\n\n\n<figure class=\"wp-block-image size-large\"><img data-recalc-dims=\"1\" loading=\"lazy\" decoding=\"async\" width=\"768\" height=\"1024\" src=\"https:\/\/i0.wp.com\/www.evelyne-axell.info\/fra\/wp-content\/uploads\/2023\/09\/Delta-5.jpg?resize=768%2C1024&#038;ssl=1\" alt=\"\" class=\"wp-image-1356\" srcset=\"https:\/\/i0.wp.com\/www.evelyne-axell.info\/fra\/wp-content\/uploads\/2023\/09\/Delta-5.jpg?resize=768%2C1024&amp;ssl=1 768w, https:\/\/i0.wp.com\/www.evelyne-axell.info\/fra\/wp-content\/uploads\/2023\/09\/Delta-5.jpg?resize=300%2C400&amp;ssl=1 300w, https:\/\/i0.wp.com\/www.evelyne-axell.info\/fra\/wp-content\/uploads\/2023\/09\/Delta-5.jpg?resize=113%2C150&amp;ssl=1 113w, https:\/\/i0.wp.com\/www.evelyne-axell.info\/fra\/wp-content\/uploads\/2023\/09\/Delta-5.jpg?resize=1152%2C1536&amp;ssl=1 1152w, https:\/\/i0.wp.com\/www.evelyne-axell.info\/fra\/wp-content\/uploads\/2023\/09\/Delta-5.jpg?w=1536&amp;ssl=1 1536w\" sizes=\"auto, (max-width: 768px) 100vw, 768px\" \/><\/figure>\n\n\n\n<p><em>Le Delta (Espace mus\u00e9al)<br>Avenue Golenvaux , 18<br>5000 Namur<br>Infos : 081 77 67 73.<\/em><\/p>\n\n\n\n<p>Entr\u00e9e gratuite.<\/p>\n","protected":false},"excerpt":{"rendered":"<p>Le Delta s\u2019associe \u00e0 l\u2019hommage rendu au photographe Pierre Dandoy (n\u00e9 le 27 janvier 1922 \u00e0 Namur o\u00f9 il est mort le 17 f\u00e9vrier 2003), artiste bien connu des Namurois. Du 4 juillet au 15 octobre 2023. Dans l\u2019espace mus\u00e9al, <a class=\"more-link\" href=\"https:\/\/www.evelyne-axell.info\/fra\/2023\/07\/03\/exposition-pierre-dandoy-photographie-evelyne-axell-au-delta-a-namur\/\">Lire la suite&#8230;<\/a><\/p>\n","protected":false},"author":1,"featured_media":1358,"comment_status":"closed","ping_status":"closed","sticky":false,"template":"","format":"standard","meta":{"ngg_post_thumbnail":0,"_jetpack_memberships_contains_paid_content":false,"footnotes":""},"categories":[4],"tags":[],"class_list":["post-1352","post","type-post","status-publish","format-standard","has-post-thumbnail","hentry","category-expo"],"jetpack_featured_media_url":"https:\/\/i0.wp.com\/www.evelyne-axell.info\/fra\/wp-content\/uploads\/2023\/09\/Delta-4.jpg?fit=2048%2C1536&ssl=1","jetpack_sharing_enabled":true,"_links":{"self":[{"href":"https:\/\/www.evelyne-axell.info\/fra\/wp-json\/wp\/v2\/posts\/1352","targetHints":{"allow":["GET"]}}],"collection":[{"href":"https:\/\/www.evelyne-axell.info\/fra\/wp-json\/wp\/v2\/posts"}],"about":[{"href":"https:\/\/www.evelyne-axell.info\/fra\/wp-json\/wp\/v2\/types\/post"}],"author":[{"embeddable":true,"href":"https:\/\/www.evelyne-axell.info\/fra\/wp-json\/wp\/v2\/users\/1"}],"replies":[{"embeddable":true,"href":"https:\/\/www.evelyne-axell.info\/fra\/wp-json\/wp\/v2\/comments?post=1352"}],"version-history":[{"count":2,"href":"https:\/\/www.evelyne-axell.info\/fra\/wp-json\/wp\/v2\/posts\/1352\/revisions"}],"predecessor-version":[{"id":1359,"href":"https:\/\/www.evelyne-axell.info\/fra\/wp-json\/wp\/v2\/posts\/1352\/revisions\/1359"}],"wp:featuredmedia":[{"embeddable":true,"href":"https:\/\/www.evelyne-axell.info\/fra\/wp-json\/wp\/v2\/media\/1358"}],"wp:attachment":[{"href":"https:\/\/www.evelyne-axell.info\/fra\/wp-json\/wp\/v2\/media?parent=1352"}],"wp:term":[{"taxonomy":"category","embeddable":true,"href":"https:\/\/www.evelyne-axell.info\/fra\/wp-json\/wp\/v2\/categories?post=1352"},{"taxonomy":"post_tag","embeddable":true,"href":"https:\/\/www.evelyne-axell.info\/fra\/wp-json\/wp\/v2\/tags?post=1352"}],"curies":[{"name":"wp","href":"https:\/\/api.w.org\/{rel}","templated":true}]}}