{"id":1336,"date":"2023-06-10T13:43:00","date_gmt":"2023-06-10T11:43:00","guid":{"rendered":"https:\/\/www.evelyne-axell.info\/fra\/?p=1336"},"modified":"2023-07-30T14:07:33","modified_gmt":"2023-07-30T12:07:33","slug":"forever-sixties-focus-sur-evelyne-axell-dans-la-collection-pinault-a-rennes","status":"publish","type":"post","link":"https:\/\/www.evelyne-axell.info\/fra\/2023\/06\/10\/forever-sixties-focus-sur-evelyne-axell-dans-la-collection-pinault-a-rennes\/","title":{"rendered":"\u00ab\u00a0Forever Sixties\u00a0\u00bb Focus sur Evelyne Axell dans la Collection Pinault \u00e0 Rennes."},"content":{"rendered":"\n<p><\/p>\n\n\n\n<figure class=\"wp-block-image size-large\"><img data-recalc-dims=\"1\" loading=\"lazy\" decoding=\"async\" width=\"860\" height=\"400\" src=\"https:\/\/i0.wp.com\/www.evelyne-axell.info\/fra\/wp-content\/uploads\/2023\/07\/web-01-1.jpg?resize=860%2C400&#038;ssl=1\" alt=\"\" class=\"wp-image-1338\" srcset=\"https:\/\/i0.wp.com\/www.evelyne-axell.info\/fra\/wp-content\/uploads\/2023\/07\/web-01-1-scaled.jpg?resize=1024%2C476&amp;ssl=1 1024w, https:\/\/i0.wp.com\/www.evelyne-axell.info\/fra\/wp-content\/uploads\/2023\/07\/web-01-1-scaled.jpg?resize=860%2C400&amp;ssl=1 860w, https:\/\/i0.wp.com\/www.evelyne-axell.info\/fra\/wp-content\/uploads\/2023\/07\/web-01-1-scaled.jpg?resize=150%2C70&amp;ssl=1 150w, https:\/\/i0.wp.com\/www.evelyne-axell.info\/fra\/wp-content\/uploads\/2023\/07\/web-01-1-scaled.jpg?resize=768%2C357&amp;ssl=1 768w, https:\/\/i0.wp.com\/www.evelyne-axell.info\/fra\/wp-content\/uploads\/2023\/07\/web-01-1-scaled.jpg?w=1720&amp;ssl=1 1720w\" sizes=\"auto, (max-width: 860px) 100vw, 860px\" \/><figcaption class=\"wp-element-caption\">\u00a9 Couvent des Jacobins, photography Aur\u00e9lien Mole, Courtesy Pinault Collection. <\/figcaption><\/figure>\n\n\n\n<p style=\"font-size:22px\"><strong>Au Couvent des Jacobins, la Collection Pinault, la Ville de Rennes et Rennes M\u00e9tropole renouvellent leur collaboration \u00e0 l\u2019occasion d\u2019une exposition in\u00e9dite d\u2019\u0153uvres de la collection r\u00e9unie depuis cinquante ans par Fran\u00e7ois Pinault.<\/strong><\/p>\n\n\n\n<p class=\"has-small-font-size\"><em>Du 10 juin au 10 septembre 2023.<\/em><\/p>\n\n\n\n<p>\u00c0 travers plus de 80 \u0153uvres embl\u00e9matiques, dont certaines n\u2019ont encore jamais \u00e9t\u00e9 expos\u00e9es par la Collection Pinault, \u00ab Forever Sixties \u00bb offre un \u00e9clairage sur un moment d\u00e9cisif de l\u2019histoire de l\u2019art contemporain, la r\u00e9volution visuelle des ann\u00e9es 1960, et son h\u00e9ritage r\u00e9manent dans la cr\u00e9ation des d\u00e9cennies suivantes. De quoi les Sixties sont-elles le nom ? Lib\u00e9ration, r\u00e9pression, appropriation ? Sous influence anglo-am\u00e9ricaine, cette d\u00e9cennie se caract\u00e9rise par un boom d\u00e9mographique et \u00e9conomique sans pr\u00e9c\u00e9dent, l\u2019\u00e9mergence de la soci\u00e9t\u00e9 de consommation et le d\u00e9but de la conqu\u00eate spatiale. Marqu\u00e9es par les conflits id\u00e9ologiques, la Guerre froide et les guerres de d\u00e9colonisation, l\u2019apog\u00e9e violente du mouvement des droits civiques et la lib\u00e9ration sexuelle, les Swinging Sixties \u2014 ann\u00e9es r\u00e9pressives comme intitul\u00e9es par Richard Hamilton qui joue des mots \u00ab swinging \u00bb (basculant, oscillant, dansant) et \u00ab swinging \u00bb (drastique, s\u00e9v\u00e8re) \u2014 sont aussi un champ de tensions opposant conservatisme et d\u00e9mocratisation, culture dominante et contre-cultures alternatives, conformisme mercantiliste et r\u00eaves d\u2019\u00e9vasion.<\/p>\n\n\n\n<figure class=\"wp-block-image size-full\"><img data-recalc-dims=\"1\" decoding=\"async\" src=\"https:\/\/i0.wp.com\/www.evelyne-axell.info\/fra\/wp-content\/uploads\/2023\/07\/web-02-1.jpg?w=860&#038;ssl=1\" alt=\"\" class=\"wp-image-1340\"\/><figcaption class=\"wp-element-caption\">\u00a9 Couvent des Jacobins, photography Aur\u00e9lien Mole, Courtesy Pinault Collection. <\/figcaption><\/figure>\n\n\n\n<p>Comme un clin d\u2019\u0153il \u00e0 la superbe exposition organis\u00e9e par Hel\u00e8ne Guenin au Mamac de Nice en 2020 \u00ab Les Amazones du Pop \u00bb, le deuxi\u00e8me chapitre de l\u2019exposition est consacr\u00e9 \u00e0 trois Amazones du Pop, l\u2019autrichienne Kiki Kogelnik, la fran\u00e7aise Niki de St Phalle et un focus sur la belge Evelyne Axell dont on retrouve sept \u0153uvres de techniques diff\u00e9rentes, du dessin sur papier \u00e0 l\u2019huile sur toile, de l\u2019\u00e9mail sur Plexiglas au Clartex translucide.<\/p>\n\n\n\n<figure class=\"wp-block-image size-large\"><img data-recalc-dims=\"1\" loading=\"lazy\" decoding=\"async\" width=\"860\" height=\"584\" src=\"https:\/\/i0.wp.com\/www.evelyne-axell.info\/fra\/wp-content\/uploads\/2023\/07\/web-03-2.jpg?resize=860%2C584&#038;ssl=1\" alt=\"\" class=\"wp-image-1343\" srcset=\"https:\/\/i0.wp.com\/www.evelyne-axell.info\/fra\/wp-content\/uploads\/2023\/07\/web-03-2-scaled.jpg?resize=1024%2C695&amp;ssl=1 1024w, https:\/\/i0.wp.com\/www.evelyne-axell.info\/fra\/wp-content\/uploads\/2023\/07\/web-03-2-scaled.jpg?resize=589%2C400&amp;ssl=1 589w, https:\/\/i0.wp.com\/www.evelyne-axell.info\/fra\/wp-content\/uploads\/2023\/07\/web-03-2-scaled.jpg?resize=150%2C102&amp;ssl=1 150w, https:\/\/i0.wp.com\/www.evelyne-axell.info\/fra\/wp-content\/uploads\/2023\/07\/web-03-2-scaled.jpg?resize=768%2C521&amp;ssl=1 768w, https:\/\/i0.wp.com\/www.evelyne-axell.info\/fra\/wp-content\/uploads\/2023\/07\/web-03-2-scaled.jpg?resize=1536%2C1043&amp;ssl=1 1536w, https:\/\/i0.wp.com\/www.evelyne-axell.info\/fra\/wp-content\/uploads\/2023\/07\/web-03-2-scaled.jpg?w=1720&amp;ssl=1 1720w\" sizes=\"auto, (max-width: 860px) 100vw, 860px\" \/><figcaption class=\"wp-element-caption\">\u00a9 Couvent des Jacobins, photography Aur\u00e9lien Mole, Courtesy Pinault Collection. <\/figcaption><\/figure>\n\n\n\n<p>Commissariat de l\u2019exposition : Emma Lavigne, directrice g\u00e9n\u00e9rale de la Collection Pinault, et Tristan Bera, charg\u00e9 de recherche.<\/p>\n\n\n\n<figure class=\"wp-block-image size-large\"><img data-recalc-dims=\"1\" loading=\"lazy\" decoding=\"async\" width=\"860\" height=\"574\" src=\"https:\/\/i0.wp.com\/www.evelyne-axell.info\/fra\/wp-content\/uploads\/2023\/07\/web-04.jpg?resize=860%2C574&#038;ssl=1\" alt=\"\" class=\"wp-image-1344\" srcset=\"https:\/\/i0.wp.com\/www.evelyne-axell.info\/fra\/wp-content\/uploads\/2023\/07\/web-04.jpg?resize=1024%2C683&amp;ssl=1 1024w, https:\/\/i0.wp.com\/www.evelyne-axell.info\/fra\/wp-content\/uploads\/2023\/07\/web-04.jpg?resize=600%2C400&amp;ssl=1 600w, https:\/\/i0.wp.com\/www.evelyne-axell.info\/fra\/wp-content\/uploads\/2023\/07\/web-04.jpg?resize=150%2C100&amp;ssl=1 150w, https:\/\/i0.wp.com\/www.evelyne-axell.info\/fra\/wp-content\/uploads\/2023\/07\/web-04.jpg?resize=768%2C512&amp;ssl=1 768w, https:\/\/i0.wp.com\/www.evelyne-axell.info\/fra\/wp-content\/uploads\/2023\/07\/web-04.jpg?resize=1536%2C1024&amp;ssl=1 1536w, https:\/\/i0.wp.com\/www.evelyne-axell.info\/fra\/wp-content\/uploads\/2023\/07\/web-04.jpg?w=1720&amp;ssl=1 1720w\" sizes=\"auto, (max-width: 860px) 100vw, 860px\" \/><figcaption class=\"wp-element-caption\">\u00a9 Couvent des Jacobins, photography Aur\u00e9lien Mole, Courtesy Pinault Collection. <\/figcaption><\/figure>\n\n\n\n<p><em>Couvent des Jacobins<br>20 place Sainte-Anne<br>F-35000 RENNES<\/em><\/p>\n","protected":false},"excerpt":{"rendered":"<p>Au Couvent des Jacobins, la Collection Pinault, la Ville de Rennes et Rennes M\u00e9tropole renouvellent leur collaboration \u00e0 l\u2019occasion d\u2019une exposition in\u00e9dite d\u2019\u0153uvres de la collection r\u00e9unie depuis cinquante ans par Fran\u00e7ois Pinault. Du 10 juin au 10 septembre 2023. <a class=\"more-link\" href=\"https:\/\/www.evelyne-axell.info\/fra\/2023\/06\/10\/forever-sixties-focus-sur-evelyne-axell-dans-la-collection-pinault-a-rennes\/\">Lire la suite&#8230;<\/a><\/p>\n","protected":false},"author":1,"featured_media":1345,"comment_status":"closed","ping_status":"closed","sticky":false,"template":"","format":"standard","meta":{"ngg_post_thumbnail":0,"_jetpack_memberships_contains_paid_content":false,"footnotes":""},"categories":[4],"tags":[],"class_list":["post-1336","post","type-post","status-publish","format-standard","has-post-thumbnail","hentry","category-expo"],"jetpack_featured_media_url":"https:\/\/i0.wp.com\/www.evelyne-axell.info\/fra\/wp-content\/uploads\/2023\/07\/Tim-Sue-NOBLE-WEBSTER-Forever-version-3-2001.png?fit=1200%2C1024&ssl=1","jetpack_sharing_enabled":true,"_links":{"self":[{"href":"https:\/\/www.evelyne-axell.info\/fra\/wp-json\/wp\/v2\/posts\/1336","targetHints":{"allow":["GET"]}}],"collection":[{"href":"https:\/\/www.evelyne-axell.info\/fra\/wp-json\/wp\/v2\/posts"}],"about":[{"href":"https:\/\/www.evelyne-axell.info\/fra\/wp-json\/wp\/v2\/types\/post"}],"author":[{"embeddable":true,"href":"https:\/\/www.evelyne-axell.info\/fra\/wp-json\/wp\/v2\/users\/1"}],"replies":[{"embeddable":true,"href":"https:\/\/www.evelyne-axell.info\/fra\/wp-json\/wp\/v2\/comments?post=1336"}],"version-history":[{"count":1,"href":"https:\/\/www.evelyne-axell.info\/fra\/wp-json\/wp\/v2\/posts\/1336\/revisions"}],"predecessor-version":[{"id":1346,"href":"https:\/\/www.evelyne-axell.info\/fra\/wp-json\/wp\/v2\/posts\/1336\/revisions\/1346"}],"wp:featuredmedia":[{"embeddable":true,"href":"https:\/\/www.evelyne-axell.info\/fra\/wp-json\/wp\/v2\/media\/1345"}],"wp:attachment":[{"href":"https:\/\/www.evelyne-axell.info\/fra\/wp-json\/wp\/v2\/media?parent=1336"}],"wp:term":[{"taxonomy":"category","embeddable":true,"href":"https:\/\/www.evelyne-axell.info\/fra\/wp-json\/wp\/v2\/categories?post=1336"},{"taxonomy":"post_tag","embeddable":true,"href":"https:\/\/www.evelyne-axell.info\/fra\/wp-json\/wp\/v2\/tags?post=1336"}],"curies":[{"name":"wp","href":"https:\/\/api.w.org\/{rel}","templated":true}]}}