{"id":1279,"date":"2021-12-04T18:24:53","date_gmt":"2021-12-04T17:24:53","guid":{"rendered":"https:\/\/www.evelyne-axell.info\/fra\/?p=1279"},"modified":"2021-12-04T18:26:20","modified_gmt":"2021-12-04T17:26:20","slug":"axell-eration-1965-dans-la-collection-permanente-du-moma-a-new-york","status":"publish","type":"post","link":"https:\/\/www.evelyne-axell.info\/fra\/2021\/12\/04\/axell-eration-1965-dans-la-collection-permanente-du-moma-a-new-york\/","title":{"rendered":"\u00ab Axell-\u00e9ration \u00bb, 1965, dans la collection permanente du MoMA \u00e0 New York."},"content":{"rendered":"\n<figure class=\"wp-block-image size-large\"><img data-recalc-dims=\"1\" loading=\"lazy\" decoding=\"async\" width=\"860\" height=\"573\" src=\"https:\/\/i0.wp.com\/www.evelyne-axell.info\/fra\/wp-content\/uploads\/2021\/12\/moma.jpg?resize=860%2C573&#038;ssl=1\" alt=\"\" class=\"wp-image-1280\" srcset=\"https:\/\/i0.wp.com\/www.evelyne-axell.info\/fra\/wp-content\/uploads\/2021\/12\/moma.jpg?resize=1024%2C682&amp;ssl=1 1024w, https:\/\/i0.wp.com\/www.evelyne-axell.info\/fra\/wp-content\/uploads\/2021\/12\/moma.jpg?resize=600%2C400&amp;ssl=1 600w, https:\/\/i0.wp.com\/www.evelyne-axell.info\/fra\/wp-content\/uploads\/2021\/12\/moma.jpg?resize=150%2C100&amp;ssl=1 150w, https:\/\/i0.wp.com\/www.evelyne-axell.info\/fra\/wp-content\/uploads\/2021\/12\/moma.jpg?resize=768%2C512&amp;ssl=1 768w, https:\/\/i0.wp.com\/www.evelyne-axell.info\/fra\/wp-content\/uploads\/2021\/12\/moma.jpg?w=1280&amp;ssl=1 1280w\" sizes=\"auto, (max-width: 860px) 100vw, 860px\" \/><\/figure>\n\n\n\n<p>Avec cette nouvelle acquisition, la premi\u00e8re par un grand mus\u00e9e am\u00e9ricain gr\u00e2ce au m\u00e9c\u00e9nat de Steven et Alexandra Cohen, l&rsquo;\u0153uvre de l\u2019artiste belge Evelyne Axell se trouve maintenant de mani\u00e8re permanente dans quelque uns des plus grands mus\u00e9es d&rsquo;art moderne du Monde; la Tate Modern \u00e0 Londres, le Centre Pompidou \u00e0 Paris, le Museum Moderner Kunst (mumok) \u00e0 Vienne, le Museu Cole\u00e7\u00e3o Berardo \u00e0 Lisbonne ainsi que dans les mus\u00e9es belges comme les Mus\u00e9es Royaux des Beaux-Arts de Belgique, le SMAK \u00e0 Gand, le Design Museum Brussels, le MuZEE \u00e0 Ostende et, bien entendu, Le Delta \u00e0 Namur, sa ville natale. Elle est \u00e9galement pr\u00e9sente dans de grandes collections comme la Collection Fran\u00e7ois Pinault \u00e0 Paris et Venise, la Fondation Bracco \u00e0 Milan, la Fondation Gandur \u00e0 Gen\u00e8ve et la Andy Warhol Foundation \u00e0 New York.<\/p>\n\n\n\n<figure class=\"wp-block-image size-large\"><img data-recalc-dims=\"1\" loading=\"lazy\" decoding=\"async\" width=\"860\" height=\"720\" src=\"https:\/\/i0.wp.com\/www.evelyne-axell.info\/fra\/wp-content\/uploads\/2021\/12\/RGB-Axell-eration-1024x857.jpg?resize=860%2C720&#038;ssl=1\" alt=\"\" class=\"wp-image-1281\" srcset=\"https:\/\/i0.wp.com\/www.evelyne-axell.info\/fra\/wp-content\/uploads\/2021\/12\/RGB-Axell-eration.jpg?resize=1024%2C857&amp;ssl=1 1024w, https:\/\/i0.wp.com\/www.evelyne-axell.info\/fra\/wp-content\/uploads\/2021\/12\/RGB-Axell-eration.jpg?resize=478%2C400&amp;ssl=1 478w, https:\/\/i0.wp.com\/www.evelyne-axell.info\/fra\/wp-content\/uploads\/2021\/12\/RGB-Axell-eration.jpg?resize=150%2C126&amp;ssl=1 150w, https:\/\/i0.wp.com\/www.evelyne-axell.info\/fra\/wp-content\/uploads\/2021\/12\/RGB-Axell-eration.jpg?resize=768%2C643&amp;ssl=1 768w, https:\/\/i0.wp.com\/www.evelyne-axell.info\/fra\/wp-content\/uploads\/2021\/12\/RGB-Axell-eration.jpg?resize=1536%2C1286&amp;ssl=1 1536w, https:\/\/i0.wp.com\/www.evelyne-axell.info\/fra\/wp-content\/uploads\/2021\/12\/RGB-Axell-eration.jpg?w=1854&amp;ssl=1 1854w, https:\/\/i0.wp.com\/www.evelyne-axell.info\/fra\/wp-content\/uploads\/2021\/12\/RGB-Axell-eration.jpg?w=1720&amp;ssl=1 1720w\" sizes=\"auto, (max-width: 860px) 100vw, 860px\" \/><figcaption>Axell-\u00e9ration, 1965.<\/figcaption><\/figure>\n\n\n\n<h2 class=\"wp-block-heading\">Axell-\u00e9ration dans la presse:<\/h2>\n\n\n\n<p><strong>Artforum<\/strong><\/p>\n\n\n\n<p>Le pseudo-autoportrait d&rsquo;Evelyne Axell, Axell-\u00e9ration, 1965, repr\u00e9sente une paire de pieds chauss\u00e9s de bas et de talons aiguilles rouges vernis appuyant sur les p\u00e9dales d&rsquo;une automobile : Comme le sugg\u00e8re le titre du tableau, les pieds en question appartiennent \u00e0 un sujet actif, ma\u00eetre de son auto-repr\u00e9sentation. Un an plus t\u00f4t, son mari, le cin\u00e9aste belge Jean Antoine, a r\u00e9alis\u00e9 le documentaire Dieu est-il Pop ? dans lequel il demandait \u00e0 James Rosenquist, Allen Jones et d&rsquo;autres quel r\u00f4le ils accordaient \u00e0 une femme dans leurs tableaux. Pour Jones, le corps de la femme n&rsquo;\u00e9tait qu&rsquo;une forme; et la fragmentation qu&rsquo;op\u00e8re Axell n&rsquo;est rien d&rsquo;autre qu&rsquo;une riposte \u00e0 une telle attitude, d\u00e9finie par un regard masculin qui s&rsquo;appuie sur des tactiques de cadrage et de d\u00e9shumanisation.<\/p>\n\n\n\n<p><em>Anya Harrison (2021)<\/em><\/p>\n\n\n\n<p>Axell-eration est le titre qu&rsquo;Evelyne Axell, qui a abr\u00e9g\u00e9 son nom en Axell neutre, au d\u00e9but de sa carri\u00e8re artistique, a donn\u00e9 \u00e0 l&rsquo;un de ses tableaux en 1965, et maintenant \u00ab\u00a0Axelleration. Evelyne Axell 1964-1972\u00a0\u00bb est le titre de la premi\u00e8re grande exposition personnelle en Allemagne de cette artiste belge, d\u00e9c\u00e9d\u00e9e dans un accident de voiture en 1972. Le tableau montre les p\u00e9dales d&rsquo;une automobile actionn\u00e9es par une femme portant des talons hauts rouges. Plusieurs caract\u00e9ristiques du pop art sont ici r\u00e9unies : la fascination pour la vitesse et la voiture en tant que symbole d&rsquo;un nouveau style de vie moderne, les couleurs vives et l&rsquo;accent mis sur les surfaces bidimensionnelles ressemblant \u00e0 des pochoirs, emprunt\u00e9es \u00e0 l&rsquo;esth\u00e9tique publicitaire, et enfin, l&rsquo;\u00e9rotisation du corps f\u00e9minin par l&rsquo;utilisation du gros plan quasi-cin\u00e9matographique. Mais la femme ici n&rsquo;est pas seulement l&rsquo;objet du regard, le point focal du d\u00e9sir. Elle est active, c&rsquo;est elle qui met le pied sur l&rsquo;acc\u00e9l\u00e9rateur, qui \u00ab&nbsp;ax\u00e9ll\u00e8re&nbsp;\u00bb.<\/p>\n\n\n\n<p>A<em>strid Wege (2011)<\/em><\/p>\n\n\n\n<p><strong>Le quotidien de l\u2019art<\/strong><\/p>\n\n\n\n<p>\u00c0 l\u2019image de la trop mal connue Evelyne Axell, artiste belge disparue en 1972 \u00e0 l\u2019\u00e2ge de 37 ans dans un accident de voiture : parmi ses \u0153uvres au franc \u00e9rotisme, sa troublante toile pr\u00e9monitoire Axell-\u00e9ration (1965) illustre dans des couleurs acides la fougue du d\u00e9sir f\u00e9minin par des pieds cambr\u00e9s dans des escarpins glossy, actionnant les commandes d\u2019un v\u00e9hicule en roue libre sur l\u2019autoroute du plaisir. Wizz!!!<\/p>\n\n\n\n<p><em>Magali Lesauvage (2021)<\/em><\/p>\n","protected":false},"excerpt":{"rendered":"<p>Avec cette nouvelle acquisition, la premi\u00e8re par un grand mus\u00e9e am\u00e9ricain gr\u00e2ce au m\u00e9c\u00e9nat de Steven et Alexandra Cohen, l&rsquo;\u0153uvre de l\u2019artiste belge Evelyne Axell se trouve maintenant de mani\u00e8re permanente dans quelque uns des plus grands mus\u00e9es d&rsquo;art moderne <a class=\"more-link\" href=\"https:\/\/www.evelyne-axell.info\/fra\/2021\/12\/04\/axell-eration-1965-dans-la-collection-permanente-du-moma-a-new-york\/\">Lire la suite&#8230;<\/a><\/p>\n","protected":false},"author":1,"featured_media":1283,"comment_status":"closed","ping_status":"closed","sticky":false,"template":"","format":"standard","meta":{"ngg_post_thumbnail":0,"_jetpack_memberships_contains_paid_content":false,"footnotes":""},"categories":[3,4,5],"tags":[],"class_list":["post-1279","post","type-post","status-publish","format-standard","has-post-thumbnail","hentry","category-evenements","category-expo","category-extraits"],"jetpack_featured_media_url":"https:\/\/i0.wp.com\/www.evelyne-axell.info\/fra\/wp-content\/uploads\/2021\/12\/RGB-Axell-eration-1.jpg?fit=1854%2C1552&ssl=1","jetpack_sharing_enabled":true,"_links":{"self":[{"href":"https:\/\/www.evelyne-axell.info\/fra\/wp-json\/wp\/v2\/posts\/1279","targetHints":{"allow":["GET"]}}],"collection":[{"href":"https:\/\/www.evelyne-axell.info\/fra\/wp-json\/wp\/v2\/posts"}],"about":[{"href":"https:\/\/www.evelyne-axell.info\/fra\/wp-json\/wp\/v2\/types\/post"}],"author":[{"embeddable":true,"href":"https:\/\/www.evelyne-axell.info\/fra\/wp-json\/wp\/v2\/users\/1"}],"replies":[{"embeddable":true,"href":"https:\/\/www.evelyne-axell.info\/fra\/wp-json\/wp\/v2\/comments?post=1279"}],"version-history":[{"count":1,"href":"https:\/\/www.evelyne-axell.info\/fra\/wp-json\/wp\/v2\/posts\/1279\/revisions"}],"predecessor-version":[{"id":1282,"href":"https:\/\/www.evelyne-axell.info\/fra\/wp-json\/wp\/v2\/posts\/1279\/revisions\/1282"}],"wp:featuredmedia":[{"embeddable":true,"href":"https:\/\/www.evelyne-axell.info\/fra\/wp-json\/wp\/v2\/media\/1283"}],"wp:attachment":[{"href":"https:\/\/www.evelyne-axell.info\/fra\/wp-json\/wp\/v2\/media?parent=1279"}],"wp:term":[{"taxonomy":"category","embeddable":true,"href":"https:\/\/www.evelyne-axell.info\/fra\/wp-json\/wp\/v2\/categories?post=1279"},{"taxonomy":"post_tag","embeddable":true,"href":"https:\/\/www.evelyne-axell.info\/fra\/wp-json\/wp\/v2\/tags?post=1279"}],"curies":[{"name":"wp","href":"https:\/\/api.w.org\/{rel}","templated":true}]}}