{"id":1259,"date":"2020-10-07T19:07:45","date_gmt":"2020-10-07T17:07:45","guid":{"rendered":"http:\/\/www.evelyne-axell.info\/fra\/?p=1259"},"modified":"2020-10-08T14:14:56","modified_gmt":"2020-10-08T12:14:56","slug":"exposition-permanente-pop-art-feminisme-au-delta-a-namur","status":"publish","type":"post","link":"https:\/\/www.evelyne-axell.info\/fra\/2020\/10\/07\/exposition-permanente-pop-art-feminisme-au-delta-a-namur\/","title":{"rendered":"Des \u0153uvres d\u2019Evelyne Axell expos\u00e9es en permanence dans sa ville natale."},"content":{"rendered":"\n<figure class=\"wp-block-image size-large\"><img data-recalc-dims=\"1\" loading=\"lazy\" decoding=\"async\" width=\"860\" height=\"444\" src=\"https:\/\/i0.wp.com\/www.evelyne-axell.info\/fra\/wp-content\/uploads\/2020\/10\/Delta-01-1.jpg?resize=860%2C444&#038;ssl=1\" alt=\"\" class=\"wp-image-1261\" srcset=\"https:\/\/i0.wp.com\/www.evelyne-axell.info\/fra\/wp-content\/uploads\/2020\/10\/Delta-01-1-scaled.jpg?resize=1024%2C529&amp;ssl=1 1024w, https:\/\/i0.wp.com\/www.evelyne-axell.info\/fra\/wp-content\/uploads\/2020\/10\/Delta-01-1-scaled.jpg?resize=774%2C400&amp;ssl=1 774w, https:\/\/i0.wp.com\/www.evelyne-axell.info\/fra\/wp-content\/uploads\/2020\/10\/Delta-01-1-scaled.jpg?resize=150%2C78&amp;ssl=1 150w, https:\/\/i0.wp.com\/www.evelyne-axell.info\/fra\/wp-content\/uploads\/2020\/10\/Delta-01-1-scaled.jpg?resize=768%2C397&amp;ssl=1 768w, https:\/\/i0.wp.com\/www.evelyne-axell.info\/fra\/wp-content\/uploads\/2020\/10\/Delta-01-1-scaled.jpg?resize=1536%2C794&amp;ssl=1 1536w, https:\/\/i0.wp.com\/www.evelyne-axell.info\/fra\/wp-content\/uploads\/2020\/10\/Delta-01-1-scaled.jpg?resize=2048%2C1059&amp;ssl=1 2048w, https:\/\/i0.wp.com\/www.evelyne-axell.info\/fra\/wp-content\/uploads\/2020\/10\/Delta-01-1-scaled.jpg?w=1720&amp;ssl=1 1720w\" sizes=\"auto, (max-width: 860px) 100vw, 860px\" \/><\/figure>\n\n\n\n<p class=\"has-medium-font-size\">Exposition permanente \u00abPop Art &amp; F\u00e9minisme\u00bb au Delta \u00e0 Namur.<\/p>\n\n\n\n<p class=\"has-small-font-size\"><em>Espace mus\u00e9al&nbsp; du 25.09.2020 au&nbsp; 05.09.2021.<\/em><\/p>\n\n\n\n<p>A l\u2019occasion de son 1er anniversaire, Le Delta \u00e0 Namur inaugure un espace mus\u00e9al d\u00e9di\u00e9 en partie \u00e0 la visibilit\u00e9 de l\u2019une de ses artistes namuroises les plus marquantes : Evelyne Axell (1935-1972). Gr\u00e2ce \u00e0 une s\u00e9rie d\u2019\u0153uvres mises en d\u00e9p\u00f4t, l\u2019espace mus\u00e9al a l\u2019ambition de devenir un lieu p\u00e9renne d\u2019exposition de ses \u0153uvres en Belgique. Des \u0153uvres qui seront p\u00e9riodiquement renouvel\u00e9es. <\/p>\n\n\n\n<div class=\"wp-block-image\"><figure class=\"aligncenter size-large\"><img data-recalc-dims=\"1\" loading=\"lazy\" decoding=\"async\" width=\"860\" height=\"842\" src=\"https:\/\/i0.wp.com\/www.evelyne-axell.info\/fra\/wp-content\/uploads\/2020\/10\/Delta-02.jpg?resize=860%2C842&#038;ssl=1\" alt=\"\" class=\"wp-image-1262\" srcset=\"https:\/\/i0.wp.com\/www.evelyne-axell.info\/fra\/wp-content\/uploads\/2020\/10\/Delta-02.jpg?resize=1024%2C1002&amp;ssl=1 1024w, https:\/\/i0.wp.com\/www.evelyne-axell.info\/fra\/wp-content\/uploads\/2020\/10\/Delta-02.jpg?resize=409%2C400&amp;ssl=1 409w, https:\/\/i0.wp.com\/www.evelyne-axell.info\/fra\/wp-content\/uploads\/2020\/10\/Delta-02.jpg?resize=150%2C147&amp;ssl=1 150w, https:\/\/i0.wp.com\/www.evelyne-axell.info\/fra\/wp-content\/uploads\/2020\/10\/Delta-02.jpg?resize=768%2C751&amp;ssl=1 768w, https:\/\/i0.wp.com\/www.evelyne-axell.info\/fra\/wp-content\/uploads\/2020\/10\/Delta-02.jpg?resize=1536%2C1502&amp;ssl=1 1536w, https:\/\/i0.wp.com\/www.evelyne-axell.info\/fra\/wp-content\/uploads\/2020\/10\/Delta-02.jpg?w=1738&amp;ssl=1 1738w\" sizes=\"auto, (max-width: 860px) 100vw, 860px\" \/><figcaption>\u00ab\u00a0V\u00e9nus en mer\u00a0\u00bb (1964) et \u00ab\u00a0L&rsquo;offrande\u00a0\u00bb (1972).<\/figcaption><\/figure><\/div>\n\n\n\n<p>Pour cette premi\u00e8re saison intitul\u00e9e \u00ab Evelyne Axell, Pop art et f\u00e9minisme \u00bb Le Delta pr\u00e9sente notamment des in\u00e9dits comme le tableau inachev\u00e9 \u00abL\u2019offrande\u00bb ainsi qu\u2019une autre technique utilis\u00e9e par Evelyne Axell et peu connue, l\u2019objet d\u00e9tourn\u00e9, repr\u00e9sent\u00e9e par une statuette de 1970, \u00abMonsieur V\u00e9nus\u00bb.<\/p>\n\n\n\n<div class=\"wp-block-image\"><figure class=\"aligncenter size-large\"><img data-recalc-dims=\"1\" loading=\"lazy\" decoding=\"async\" width=\"860\" height=\"556\" src=\"https:\/\/i0.wp.com\/www.evelyne-axell.info\/fra\/wp-content\/uploads\/2020\/10\/Delta-03.jpg?resize=860%2C556&#038;ssl=1\" alt=\"\" class=\"wp-image-1263\" srcset=\"https:\/\/i0.wp.com\/www.evelyne-axell.info\/fra\/wp-content\/uploads\/2020\/10\/Delta-03.jpg?resize=1024%2C662&amp;ssl=1 1024w, https:\/\/i0.wp.com\/www.evelyne-axell.info\/fra\/wp-content\/uploads\/2020\/10\/Delta-03.jpg?resize=618%2C400&amp;ssl=1 618w, https:\/\/i0.wp.com\/www.evelyne-axell.info\/fra\/wp-content\/uploads\/2020\/10\/Delta-03.jpg?resize=150%2C97&amp;ssl=1 150w, https:\/\/i0.wp.com\/www.evelyne-axell.info\/fra\/wp-content\/uploads\/2020\/10\/Delta-03.jpg?resize=768%2C497&amp;ssl=1 768w, https:\/\/i0.wp.com\/www.evelyne-axell.info\/fra\/wp-content\/uploads\/2020\/10\/Delta-03.jpg?resize=1536%2C994&amp;ssl=1 1536w, https:\/\/i0.wp.com\/www.evelyne-axell.info\/fra\/wp-content\/uploads\/2020\/10\/Delta-03.jpg?w=1849&amp;ssl=1 1849w, https:\/\/i0.wp.com\/www.evelyne-axell.info\/fra\/wp-content\/uploads\/2020\/10\/Delta-03.jpg?w=1720&amp;ssl=1 1720w\" sizes=\"auto, (max-width: 860px) 100vw, 860px\" \/><figcaption>\u00ab\u00a0Monsieur V\u00e9nus\u00a0\u00bb (1970).<\/figcaption><\/figure><\/div>\n\n\n\n<p>D\u2019autres \u0153uvres issues de la collection de la Province de Namur sont mises \u00e0 l\u2019honneur, notamment celles des namurois Louis-Marie Londot et Jean-Marie Van Espen tous deux fascin\u00e9s par le mouvement pop qui d\u00e9ferle sur la Belgique d\u00e8s 1965. L\u2019espace mus\u00e9al expose \u00e9galement les derni\u00e8res acquisitions de la Province de Namur. Des \u0153uvres choisies \u00e0 partir d\u2019un parti pris ; celui de donner aux artistes femmes une visibilit\u00e9 mus\u00e9ale dont elles ont&nbsp; longtemps \u00e9t\u00e9 priv\u00e9es. Les \u0153uvres historiques rassembl\u00e9es, datant principalement des ann\u00e9es 1960-70, questionnent le r\u00f4le de l\u2019artiste et la place des femmes dans la soci\u00e9t\u00e9.<\/p>\n\n\n\n<p class=\"has-small-font-size\"><em>Le Delta<br>Avenue Fernand Golenvaux, 18<br>B-5000 Namur<br>T\u00e9l\u00e9phone : + 32 (0)81 77 67 73<br>E-mail : info@ledelta.be<br><a href=\"http:\/\/Web : www.ledelta.be\" data-type=\"URL\" data-id=\"Web : www.ledelta.be\">Web : www.ledelta.be<\/a><\/em><\/p>\n","protected":false},"excerpt":{"rendered":"<p>Exposition permanente \u00abPop Art &amp; F\u00e9minisme\u00bb au Delta \u00e0 Namur. Espace mus\u00e9al&nbsp; du 25.09.2020 au&nbsp; 05.09.2021. A l\u2019occasion de son 1er anniversaire, Le Delta \u00e0 Namur inaugure un espace mus\u00e9al d\u00e9di\u00e9 en partie \u00e0 la visibilit\u00e9 de l\u2019une de ses <a class=\"more-link\" href=\"https:\/\/www.evelyne-axell.info\/fra\/2020\/10\/07\/exposition-permanente-pop-art-feminisme-au-delta-a-namur\/\">Lire la suite&#8230;<\/a><\/p>\n","protected":false},"author":1,"featured_media":1264,"comment_status":"closed","ping_status":"closed","sticky":false,"template":"","format":"standard","meta":{"ngg_post_thumbnail":0,"_jetpack_memberships_contains_paid_content":false,"footnotes":""},"categories":[4],"tags":[],"class_list":["post-1259","post","type-post","status-publish","format-standard","has-post-thumbnail","hentry","category-expo"],"jetpack_featured_media_url":"https:\/\/i0.wp.com\/www.evelyne-axell.info\/fra\/wp-content\/uploads\/2020\/10\/Delta-04.jpg?fit=779%2C470&ssl=1","jetpack_sharing_enabled":true,"_links":{"self":[{"href":"https:\/\/www.evelyne-axell.info\/fra\/wp-json\/wp\/v2\/posts\/1259","targetHints":{"allow":["GET"]}}],"collection":[{"href":"https:\/\/www.evelyne-axell.info\/fra\/wp-json\/wp\/v2\/posts"}],"about":[{"href":"https:\/\/www.evelyne-axell.info\/fra\/wp-json\/wp\/v2\/types\/post"}],"author":[{"embeddable":true,"href":"https:\/\/www.evelyne-axell.info\/fra\/wp-json\/wp\/v2\/users\/1"}],"replies":[{"embeddable":true,"href":"https:\/\/www.evelyne-axell.info\/fra\/wp-json\/wp\/v2\/comments?post=1259"}],"version-history":[{"count":3,"href":"https:\/\/www.evelyne-axell.info\/fra\/wp-json\/wp\/v2\/posts\/1259\/revisions"}],"predecessor-version":[{"id":1267,"href":"https:\/\/www.evelyne-axell.info\/fra\/wp-json\/wp\/v2\/posts\/1259\/revisions\/1267"}],"wp:featuredmedia":[{"embeddable":true,"href":"https:\/\/www.evelyne-axell.info\/fra\/wp-json\/wp\/v2\/media\/1264"}],"wp:attachment":[{"href":"https:\/\/www.evelyne-axell.info\/fra\/wp-json\/wp\/v2\/media?parent=1259"}],"wp:term":[{"taxonomy":"category","embeddable":true,"href":"https:\/\/www.evelyne-axell.info\/fra\/wp-json\/wp\/v2\/categories?post=1259"},{"taxonomy":"post_tag","embeddable":true,"href":"https:\/\/www.evelyne-axell.info\/fra\/wp-json\/wp\/v2\/tags?post=1259"}],"curies":[{"name":"wp","href":"https:\/\/api.w.org\/{rel}","templated":true}]}}