{"id":1251,"date":"2020-10-07T17:22:34","date_gmt":"2020-10-07T15:22:34","guid":{"rendered":"http:\/\/www.evelyne-axell.info\/fra\/?p=1251"},"modified":"2020-10-07T17:29:58","modified_gmt":"2020-10-07T15:29:58","slug":"un-axell-a-lexposition-be-modern-de-klee-a-tuymans-au-musee-des-beaux-arts-de-bruxelles","status":"publish","type":"post","link":"https:\/\/www.evelyne-axell.info\/fra\/2020\/10\/07\/un-axell-a-lexposition-be-modern-de-klee-a-tuymans-au-musee-des-beaux-arts-de-bruxelles\/","title":{"rendered":"Un Axell \u00e0 l\u2019exposition \u00ab BE MODERN : de Klee \u00e0 Tuymans \u00bb au Mus\u00e9e des Beaux-Arts de Bruxelles."},"content":{"rendered":"\n<figure class=\"wp-block-image size-large\"><img data-recalc-dims=\"1\" loading=\"lazy\" decoding=\"async\" width=\"860\" height=\"451\" src=\"https:\/\/i0.wp.com\/www.evelyne-axell.info\/fra\/wp-content\/uploads\/2020\/10\/Lentretien-MRBAB-1.jpg?resize=860%2C451&#038;ssl=1\" alt=\"\" class=\"wp-image-1253\" srcset=\"https:\/\/i0.wp.com\/www.evelyne-axell.info\/fra\/wp-content\/uploads\/2020\/10\/Lentretien-MRBAB-1.jpg?resize=1024%2C537&amp;ssl=1 1024w, https:\/\/i0.wp.com\/www.evelyne-axell.info\/fra\/wp-content\/uploads\/2020\/10\/Lentretien-MRBAB-1.jpg?resize=763%2C400&amp;ssl=1 763w, https:\/\/i0.wp.com\/www.evelyne-axell.info\/fra\/wp-content\/uploads\/2020\/10\/Lentretien-MRBAB-1.jpg?resize=150%2C79&amp;ssl=1 150w, https:\/\/i0.wp.com\/www.evelyne-axell.info\/fra\/wp-content\/uploads\/2020\/10\/Lentretien-MRBAB-1.jpg?resize=768%2C403&amp;ssl=1 768w, https:\/\/i0.wp.com\/www.evelyne-axell.info\/fra\/wp-content\/uploads\/2020\/10\/Lentretien-MRBAB-1.jpg?resize=1536%2C806&amp;ssl=1 1536w, https:\/\/i0.wp.com\/www.evelyne-axell.info\/fra\/wp-content\/uploads\/2020\/10\/Lentretien-MRBAB-1.jpg?w=1920&amp;ssl=1 1920w, https:\/\/i0.wp.com\/www.evelyne-axell.info\/fra\/wp-content\/uploads\/2020\/10\/Lentretien-MRBAB-1.jpg?w=1720&amp;ssl=1 1720w\" sizes=\"auto, (max-width: 860px) 100vw, 860px\" \/><\/figure>\n\n\n\n<p class=\"has-medium-font-size\">Apr\u00e8s 8 ans, \u00ab&nbsp;L\u2019entretien&nbsp;\u00bb sort des r\u00e9serves des MRBAB.<\/p>\n\n\n\n<p class=\"has-small-font-size\"><em>Du 02.10.2020 au 24.01.2021<\/em>. &nbsp;<\/p>\n\n\n\n<p>L&rsquo;exposition BE MODERN se focalise sur la collection d&rsquo;art moderne et contemporain des MRBAB, regroupant des artistes belges et internationaux de renom. Un choix de quelque 150 peintures, sculptures, \u0153uvres sur papier, installations et vid\u00e9os retrace l\u2019histoire moderne des arts visuels.<\/p>\n\n\n\n<p>Parmi ces \u0153uvres, le tableau \u00ab&nbsp;L\u2019entretien&nbsp;\u00bb (1966) figure en bonne place. Cette \u0153uvre a \u00e9t\u00e9 acquise par les Mus\u00e9es Royaux des Beaux-Arts de Belgique lors de l\u2019exposition \u00ab&nbsp;Axell&nbsp;\u00bb au Palais des Beaux-Arts de Bruxelles en 1967. Ce tableau n\u2019avait plus \u00e9t\u00e9 accessible au public depuis son exposition au Palais Royal de Bruxelles en 2012.<\/p>\n\n\n\n<div class=\"wp-block-image\"><figure class=\"aligncenter size-large\"><img data-recalc-dims=\"1\" loading=\"lazy\" decoding=\"async\" width=\"683\" height=\"1024\" src=\"https:\/\/i0.wp.com\/www.evelyne-axell.info\/fra\/wp-content\/uploads\/2020\/10\/Michel-Draguet-devant-Lentretien.jpg?resize=683%2C1024&#038;ssl=1\" alt=\"\" class=\"wp-image-1254\" srcset=\"https:\/\/i0.wp.com\/www.evelyne-axell.info\/fra\/wp-content\/uploads\/2020\/10\/Michel-Draguet-devant-Lentretien.jpg?resize=683%2C1024&amp;ssl=1 683w, https:\/\/i0.wp.com\/www.evelyne-axell.info\/fra\/wp-content\/uploads\/2020\/10\/Michel-Draguet-devant-Lentretien.jpg?resize=267%2C400&amp;ssl=1 267w, https:\/\/i0.wp.com\/www.evelyne-axell.info\/fra\/wp-content\/uploads\/2020\/10\/Michel-Draguet-devant-Lentretien.jpg?resize=100%2C150&amp;ssl=1 100w, https:\/\/i0.wp.com\/www.evelyne-axell.info\/fra\/wp-content\/uploads\/2020\/10\/Michel-Draguet-devant-Lentretien.jpg?resize=768%2C1152&amp;ssl=1 768w, https:\/\/i0.wp.com\/www.evelyne-axell.info\/fra\/wp-content\/uploads\/2020\/10\/Michel-Draguet-devant-Lentretien.jpg?resize=1024%2C1536&amp;ssl=1 1024w, https:\/\/i0.wp.com\/www.evelyne-axell.info\/fra\/wp-content\/uploads\/2020\/10\/Michel-Draguet-devant-Lentretien.jpg?w=1280&amp;ssl=1 1280w\" sizes=\"auto, (max-width: 683px) 100vw, 683px\" \/><figcaption>Michel Draguet, directeur des MRBAB devant \u00ab\u00a0L&rsquo;entretien\u00a0\u00bb. Photo Saskia Vanderstichele.<\/figcaption><\/figure><\/div>\n\n\n\n<p>La s\u00e9lection est aussi vari\u00e9e et riche que la collection elle-m\u00eame et propose un aper\u00e7u chronologique. La libert\u00e9 et l&rsquo;exp\u00e9rimentation constituent le fil rouge de l\u2019exposition qui pr\u00e9sente trois grands th\u00e8mes. Le premier est l&rsquo;\u00e9mancipation de la ligne et de la couleur et l&rsquo;\u00e9volution vers un langage visuel radicalement abstrait. Un second th\u00e8me porte sur l&rsquo;utilisation des mat\u00e9riaux, le changement du rapport \u00e0 l&rsquo;objet et la perspective de l&rsquo;art conceptuel. Enfin, l&rsquo;accent est mis sur l&rsquo;\u00e9volution des rapports entre l&rsquo;homme et le monde au XXe si\u00e8cle et les questions existentielles qui en d\u00e9coulent. Visuellement dynamique, cette exposition aborde les collections sous un nouvel \u00e9clairage et invite \u00e0 une red\u00e9couverte des grands noms du modernisme international et de ses repr\u00e9sentants belges.<\/p>\n\n\n\n<p class=\"has-small-font-size\"><em>Mus\u00e9es royaux des Beaux-Arts de Belgique<br>Rue de la R\u00e9gence, 3<br>1000 Bruxelles<br>&nbsp;+32 (0)2 508 32 11<br><a href=\"https:\/\/www.fine-arts-museum.be\/fr\/expositions\/be-modern\">https:\/\/www.fine-arts-museum.be\/fr\/expositions\/be-modern<\/a><\/em><\/p>\n","protected":false},"excerpt":{"rendered":"<p>Apr\u00e8s 8 ans, \u00ab&nbsp;L\u2019entretien&nbsp;\u00bb sort des r\u00e9serves des MRBAB. Du 02.10.2020 au 24.01.2021. &nbsp; L&rsquo;exposition BE MODERN se focalise sur la collection d&rsquo;art moderne et contemporain des MRBAB, regroupant des artistes belges et internationaux de renom. Un choix de quelque <a class=\"more-link\" href=\"https:\/\/www.evelyne-axell.info\/fra\/2020\/10\/07\/un-axell-a-lexposition-be-modern-de-klee-a-tuymans-au-musee-des-beaux-arts-de-bruxelles\/\">Lire la suite&#8230;<\/a><\/p>\n","protected":false},"author":1,"featured_media":1255,"comment_status":"closed","ping_status":"closed","sticky":false,"template":"","format":"standard","meta":{"ngg_post_thumbnail":0,"_jetpack_memberships_contains_paid_content":false,"footnotes":""},"categories":[4],"tags":[],"class_list":["post-1251","post","type-post","status-publish","format-standard","has-post-thumbnail","hentry","category-expo"],"jetpack_featured_media_url":"https:\/\/i0.wp.com\/www.evelyne-axell.info\/fra\/wp-content\/uploads\/2020\/10\/s-bemodern_affiche_medium%402x.jpg?fit=540%2C350&ssl=1","jetpack_sharing_enabled":true,"_links":{"self":[{"href":"https:\/\/www.evelyne-axell.info\/fra\/wp-json\/wp\/v2\/posts\/1251","targetHints":{"allow":["GET"]}}],"collection":[{"href":"https:\/\/www.evelyne-axell.info\/fra\/wp-json\/wp\/v2\/posts"}],"about":[{"href":"https:\/\/www.evelyne-axell.info\/fra\/wp-json\/wp\/v2\/types\/post"}],"author":[{"embeddable":true,"href":"https:\/\/www.evelyne-axell.info\/fra\/wp-json\/wp\/v2\/users\/1"}],"replies":[{"embeddable":true,"href":"https:\/\/www.evelyne-axell.info\/fra\/wp-json\/wp\/v2\/comments?post=1251"}],"version-history":[{"count":3,"href":"https:\/\/www.evelyne-axell.info\/fra\/wp-json\/wp\/v2\/posts\/1251\/revisions"}],"predecessor-version":[{"id":1258,"href":"https:\/\/www.evelyne-axell.info\/fra\/wp-json\/wp\/v2\/posts\/1251\/revisions\/1258"}],"wp:featuredmedia":[{"embeddable":true,"href":"https:\/\/www.evelyne-axell.info\/fra\/wp-json\/wp\/v2\/media\/1255"}],"wp:attachment":[{"href":"https:\/\/www.evelyne-axell.info\/fra\/wp-json\/wp\/v2\/media?parent=1251"}],"wp:term":[{"taxonomy":"category","embeddable":true,"href":"https:\/\/www.evelyne-axell.info\/fra\/wp-json\/wp\/v2\/categories?post=1251"},{"taxonomy":"post_tag","embeddable":true,"href":"https:\/\/www.evelyne-axell.info\/fra\/wp-json\/wp\/v2\/tags?post=1251"}],"curies":[{"name":"wp","href":"https:\/\/api.w.org\/{rel}","templated":true}]}}