{"id":1246,"date":"2020-10-06T14:31:40","date_gmt":"2020-10-06T12:31:40","guid":{"rendered":"http:\/\/www.evelyne-axell.info\/fra\/?p=1246"},"modified":"2020-10-06T14:37:44","modified_gmt":"2020-10-06T12:37:44","slug":"she-bam-pow-pop-wizz-les-amazones-du-pop-au-mamac-nice","status":"publish","type":"post","link":"https:\/\/www.evelyne-axell.info\/fra\/2020\/10\/06\/she-bam-pow-pop-wizz-les-amazones-du-pop-au-mamac-nice\/","title":{"rendered":"\u00ab She-Bam Pow POP Wizz ! Les Amazones du POP \u00bb au MAMAC, Nice."},"content":{"rendered":"\n<figure class=\"wp-block-image size-large\"><img data-recalc-dims=\"1\" loading=\"lazy\" decoding=\"async\" width=\"860\" height=\"574\" src=\"https:\/\/i0.wp.com\/www.evelyne-axell.info\/fra\/wp-content\/uploads\/2020\/10\/Vernissage.jpg?resize=860%2C574&#038;ssl=1\" alt=\"\" class=\"wp-image-1248\" srcset=\"https:\/\/i0.wp.com\/www.evelyne-axell.info\/fra\/wp-content\/uploads\/2020\/10\/Vernissage.jpg?resize=1024%2C683&amp;ssl=1 1024w, https:\/\/i0.wp.com\/www.evelyne-axell.info\/fra\/wp-content\/uploads\/2020\/10\/Vernissage.jpg?resize=600%2C400&amp;ssl=1 600w, https:\/\/i0.wp.com\/www.evelyne-axell.info\/fra\/wp-content\/uploads\/2020\/10\/Vernissage.jpg?resize=150%2C100&amp;ssl=1 150w, https:\/\/i0.wp.com\/www.evelyne-axell.info\/fra\/wp-content\/uploads\/2020\/10\/Vernissage.jpg?resize=768%2C512&amp;ssl=1 768w, https:\/\/i0.wp.com\/www.evelyne-axell.info\/fra\/wp-content\/uploads\/2020\/10\/Vernissage.jpg?resize=1536%2C1025&amp;ssl=1 1536w, https:\/\/i0.wp.com\/www.evelyne-axell.info\/fra\/wp-content\/uploads\/2020\/10\/Vernissage.jpg?w=2048&amp;ssl=1 2048w, https:\/\/i0.wp.com\/www.evelyne-axell.info\/fra\/wp-content\/uploads\/2020\/10\/Vernissage.jpg?w=1720&amp;ssl=1 1720w\" sizes=\"auto, (max-width: 860px) 100vw, 860px\" \/><\/figure>\n\n\n\n<p class=\"has-medium-font-size\">Une exposition-\u00e9v\u00e9nement pour les 30 ans du MAMAC.<\/p>\n\n\n\n<p class=\"has-small-font-size\"><em>Du 03 octobre 2020 au 28 mars 2021.<\/em><\/p>\n\n\n\n<p>En France, le Mus\u00e9e d\u2019Art Moderne et d\u2019Art Contemporain (MAMAC) de la Ville de Nice propose une exposition-\u00e9v\u00e9nement pour ses 30 ans. \u00ab She-Bam Pow POP Wizz ! Les Amazones du POP \u00bb, retrace, pour la premi\u00e8re fois \u00e0 cette \u00e9chelle, l\u2019histoire ouverte d\u2019une g\u00e9n\u00e9ration de femmes europ\u00e9ennes et nord-am\u00e9ricaines qui ont contribu\u00e9 avec audace et flamboyance \u00e0 une autre facette, plus m\u00e9connue, du Pop international.<\/p>\n\n\n\n<p>Ces Amazones participent \u00e0 l\u2019invention d\u2019un langage artistique nouveau \u2013 sans doute le plus populaire de la seconde moiti\u00e9 du XX\u00e8me si\u00e8cle : le POP. Leurs \u0153uvres, \u00e0 l\u2019image des bandes dessin\u00e9es, regorgent de couleurs arc-en-ciel et vibrantes. Par des voies plurielles, elles envisagent un monde autre, aux formes r\u00eav\u00e9es et parient sur la construction d\u2019un monde meilleur plut\u00f4t que sur une amn\u00e9sie artificielle des heures sombres du pass\u00e9. Jusqu\u2019\u00e0 1973, le futur progressiste semble r\u00e9alisable (\u00e9mancipation sexuelle, droits sociaux, pacifisme, imaginaires extra-terrestres, etc.), et leurs \u0153uvres le clament : Love is all we need ! Pour autant, les artistes sont lucides quant aux obstacles qui jonchent cette bulle temporelle de 1961 \u00e0 1973, notamment avec les guerres imp\u00e9rialistes, les polarit\u00e9s g\u00e9opolitiques, la course effr\u00e9n\u00e9e \u00e0 la consommation, etc. Dans ce sens, le Pop des amazones devient complexe, grin\u00e7ant\u2026et teint\u00e9 d\u2019un humour rageur.<\/p>\n\n\n\n<figure class=\"wp-block-image size-large\"><img data-recalc-dims=\"1\" loading=\"lazy\" decoding=\"async\" width=\"860\" height=\"488\" src=\"https:\/\/i0.wp.com\/www.evelyne-axell.info\/fra\/wp-content\/uploads\/2020\/10\/Erotomobile.jpg?resize=860%2C488&#038;ssl=1\" alt=\"\" class=\"wp-image-1249\" srcset=\"https:\/\/i0.wp.com\/www.evelyne-axell.info\/fra\/wp-content\/uploads\/2020\/10\/Erotomobile.jpg?resize=1024%2C581&amp;ssl=1 1024w, https:\/\/i0.wp.com\/www.evelyne-axell.info\/fra\/wp-content\/uploads\/2020\/10\/Erotomobile.jpg?resize=705%2C400&amp;ssl=1 705w, https:\/\/i0.wp.com\/www.evelyne-axell.info\/fra\/wp-content\/uploads\/2020\/10\/Erotomobile.jpg?resize=150%2C85&amp;ssl=1 150w, https:\/\/i0.wp.com\/www.evelyne-axell.info\/fra\/wp-content\/uploads\/2020\/10\/Erotomobile.jpg?resize=768%2C436&amp;ssl=1 768w, https:\/\/i0.wp.com\/www.evelyne-axell.info\/fra\/wp-content\/uploads\/2020\/10\/Erotomobile.jpg?w=1128&amp;ssl=1 1128w\" sizes=\"auto, (max-width: 860px) 100vw, 860px\" \/><\/figure>\n\n\n\n<p>Pour cet \u00e9v\u00e9nement les commissaires de l\u2019exposition H\u00e9l\u00e8ne Guenin, Directrice au MAMAC et G\u00e9raldine Gourbe, Historienne de l\u2019art, ont choisi une douzaine d\u2019\u0153uvres d\u2019Evelyne Axell parmi les plus embl\u00e9matiques comme \u00ab Ice Cream 1 \u00bb (1964) ou \u00ab Axell-\u00e9ration \u00bb (1965) mais aussi parmi les collections de grands mus\u00e9es comme \u00ab Le retour de Tarzan \u00bb (1972), Centre Pompidou, Paris , \u00ab Le joli mois de mai \u00bb (1970), MuZEE, Ostende, et \u00ab Erotomobile \u00bb (1966), Mus\u00e9e d\u2019Ixelles, Bruxelles.<\/p>\n\n\n\n<p class=\"has-small-font-size\"><em>MAMAC<br>Mus\u00e9e d&rsquo;Art Moderne et d&rsquo;Art Contemporain<br>Place Yves Klein<br>F-06364 Nice cedex 4<br>T\u00e9l\u00e9phone : +33 (0)4 97 13 42 01<br>E-mail : mamac@ville-nice.fr<br>Web : https:\/\/www.mamac-nice.org\/fr\/<\/em><\/p>\n","protected":false},"excerpt":{"rendered":"<p>Une exposition-\u00e9v\u00e9nement pour les 30 ans du MAMAC. Du 03 octobre 2020 au 28 mars 2021. En France, le Mus\u00e9e d\u2019Art Moderne et d\u2019Art Contemporain (MAMAC) de la Ville de Nice propose une exposition-\u00e9v\u00e9nement pour ses 30 ans. \u00ab She-Bam <a class=\"more-link\" href=\"https:\/\/www.evelyne-axell.info\/fra\/2020\/10\/06\/she-bam-pow-pop-wizz-les-amazones-du-pop-au-mamac-nice\/\">Lire la suite&#8230;<\/a><\/p>\n","protected":false},"author":1,"featured_media":1247,"comment_status":"closed","ping_status":"closed","sticky":false,"template":"","format":"standard","meta":{"ngg_post_thumbnail":0,"_jetpack_memberships_contains_paid_content":false,"footnotes":""},"categories":[4],"tags":[],"class_list":["post-1246","post","type-post","status-publish","format-standard","has-post-thumbnail","hentry","category-expo"],"jetpack_featured_media_url":"https:\/\/i0.wp.com\/www.evelyne-axell.info\/fra\/wp-content\/uploads\/2020\/10\/r-entree.jpg?fit=900%2C608&ssl=1","jetpack_sharing_enabled":true,"_links":{"self":[{"href":"https:\/\/www.evelyne-axell.info\/fra\/wp-json\/wp\/v2\/posts\/1246","targetHints":{"allow":["GET"]}}],"collection":[{"href":"https:\/\/www.evelyne-axell.info\/fra\/wp-json\/wp\/v2\/posts"}],"about":[{"href":"https:\/\/www.evelyne-axell.info\/fra\/wp-json\/wp\/v2\/types\/post"}],"author":[{"embeddable":true,"href":"https:\/\/www.evelyne-axell.info\/fra\/wp-json\/wp\/v2\/users\/1"}],"replies":[{"embeddable":true,"href":"https:\/\/www.evelyne-axell.info\/fra\/wp-json\/wp\/v2\/comments?post=1246"}],"version-history":[{"count":1,"href":"https:\/\/www.evelyne-axell.info\/fra\/wp-json\/wp\/v2\/posts\/1246\/revisions"}],"predecessor-version":[{"id":1250,"href":"https:\/\/www.evelyne-axell.info\/fra\/wp-json\/wp\/v2\/posts\/1246\/revisions\/1250"}],"wp:featuredmedia":[{"embeddable":true,"href":"https:\/\/www.evelyne-axell.info\/fra\/wp-json\/wp\/v2\/media\/1247"}],"wp:attachment":[{"href":"https:\/\/www.evelyne-axell.info\/fra\/wp-json\/wp\/v2\/media?parent=1246"}],"wp:term":[{"taxonomy":"category","embeddable":true,"href":"https:\/\/www.evelyne-axell.info\/fra\/wp-json\/wp\/v2\/categories?post=1246"},{"taxonomy":"post_tag","embeddable":true,"href":"https:\/\/www.evelyne-axell.info\/fra\/wp-json\/wp\/v2\/tags?post=1246"}],"curies":[{"name":"wp","href":"https:\/\/api.w.org\/{rel}","templated":true}]}}