{"id":1185,"date":"2019-10-14T14:22:23","date_gmt":"2019-10-14T12:22:23","guid":{"rendered":"http:\/\/www.evelyne-axell.info\/fra\/?p=1185"},"modified":"2019-10-14T14:22:25","modified_gmt":"2019-10-14T12:22:25","slug":"namur-exposition-evelyne-axell-methodes-pop-au-delta","status":"publish","type":"post","link":"https:\/\/www.evelyne-axell.info\/fra\/2019\/10\/14\/namur-exposition-evelyne-axell-methodes-pop-au-delta\/","title":{"rendered":"Namur : Exposition \u00abEvelyne Axell, M\u00e9thodes Pop\u00bb au Delta."},"content":{"rendered":"\n<figure class=\"wp-block-image\"><img data-recalc-dims=\"1\" loading=\"lazy\" decoding=\"async\" width=\"860\" height=\"484\" src=\"https:\/\/i0.wp.com\/www.evelyne-axell.info\/fra\/wp-content\/uploads\/2019\/10\/Pop-00230.jpg?resize=860%2C484&#038;ssl=1\" alt=\"\" class=\"wp-image-1187\" srcset=\"https:\/\/i0.wp.com\/www.evelyne-axell.info\/fra\/wp-content\/uploads\/2019\/10\/Pop-00230.jpg?resize=1024%2C576&amp;ssl=1 1024w, https:\/\/i0.wp.com\/www.evelyne-axell.info\/fra\/wp-content\/uploads\/2019\/10\/Pop-00230.jpg?resize=150%2C84&amp;ssl=1 150w, https:\/\/i0.wp.com\/www.evelyne-axell.info\/fra\/wp-content\/uploads\/2019\/10\/Pop-00230.jpg?resize=711%2C400&amp;ssl=1 711w, https:\/\/i0.wp.com\/www.evelyne-axell.info\/fra\/wp-content\/uploads\/2019\/10\/Pop-00230.jpg?resize=768%2C432&amp;ssl=1 768w, https:\/\/i0.wp.com\/www.evelyne-axell.info\/fra\/wp-content\/uploads\/2019\/10\/Pop-00230.jpg?resize=410%2C231&amp;ssl=1 410w, https:\/\/i0.wp.com\/www.evelyne-axell.info\/fra\/wp-content\/uploads\/2019\/10\/Pop-00230.jpg?resize=860%2C484&amp;ssl=1 860w, https:\/\/i0.wp.com\/www.evelyne-axell.info\/fra\/wp-content\/uploads\/2019\/10\/Pop-00230.jpg?w=1720&amp;ssl=1 1720w, https:\/\/i0.wp.com\/www.evelyne-axell.info\/fra\/wp-content\/uploads\/2019\/10\/Pop-00230.jpg?w=2580&amp;ssl=1 2580w\" sizes=\"auto, (max-width: 860px) 100vw, 860px\" \/><\/figure>\n\n\n\n<p class=\"has-medium-font-size\">Une grande exposition d\u2019\u0153uvres d\u2019Evelyne Axell ouvre la\nsaison artistique du Delta (anciennement la Maison de la Culture de Namur)\nr\u00e9nov\u00e9 et agrandi. <\/p>\n\n\n\n<p class=\"has-small-font-size\"><em>Du 21 septembre 2019 au 26 janvier 2020.<br>Ouvert du mardi au dimanche de 11h \u00e0 18h.<\/em><\/p>\n\n\n\n<p>Cette manifestation d\u2019envergure r\u00e9uni tableaux, dessins\npr\u00e9paratoires, collages et documents qui t\u00e9moignent des m\u00e9thodes de travail de\nl\u2019artiste et permettent d\u2019explorer ses proc\u00e9d\u00e9s particuliers dont son recours \u00e0\nde nombreux autoportraits photographiques. Au fa\u00eete de son temps, Evelyne Axell\na su s\u2019emparer des nouveaux mat\u00e9riaux mis \u00e0 disposition \u00e0 l\u2019\u00e9poque (le\nplastique, fourrure, etc) pour sortir du cadre d\u00e9limit\u00e9 de la toile et exp\u00e9rimenter,\npar exemple, les transparences du plexiglas opalin. Dans ses \u0153uvres transpara\u00eet\nsa propre vision d\u2019un monde en acc\u00e9l\u00e9ration croissante, o\u00f9 l\u2019\u00e9rotisme se double\nd\u2019un discours f\u00e9ministe.<\/p>\n\n\n\n<figure class=\"wp-block-image\"><img data-recalc-dims=\"1\" loading=\"lazy\" decoding=\"async\" width=\"860\" height=\"484\" src=\"https:\/\/i0.wp.com\/www.evelyne-axell.info\/fra\/wp-content\/uploads\/2019\/10\/Pop-00081.jpg?resize=860%2C484&#038;ssl=1\" alt=\"\" class=\"wp-image-1188\" srcset=\"https:\/\/i0.wp.com\/www.evelyne-axell.info\/fra\/wp-content\/uploads\/2019\/10\/Pop-00081.jpg?resize=1024%2C576&amp;ssl=1 1024w, https:\/\/i0.wp.com\/www.evelyne-axell.info\/fra\/wp-content\/uploads\/2019\/10\/Pop-00081.jpg?resize=150%2C84&amp;ssl=1 150w, https:\/\/i0.wp.com\/www.evelyne-axell.info\/fra\/wp-content\/uploads\/2019\/10\/Pop-00081.jpg?resize=711%2C400&amp;ssl=1 711w, https:\/\/i0.wp.com\/www.evelyne-axell.info\/fra\/wp-content\/uploads\/2019\/10\/Pop-00081.jpg?resize=768%2C432&amp;ssl=1 768w, https:\/\/i0.wp.com\/www.evelyne-axell.info\/fra\/wp-content\/uploads\/2019\/10\/Pop-00081.jpg?resize=410%2C231&amp;ssl=1 410w, https:\/\/i0.wp.com\/www.evelyne-axell.info\/fra\/wp-content\/uploads\/2019\/10\/Pop-00081.jpg?resize=860%2C484&amp;ssl=1 860w, https:\/\/i0.wp.com\/www.evelyne-axell.info\/fra\/wp-content\/uploads\/2019\/10\/Pop-00081.jpg?w=1720&amp;ssl=1 1720w, https:\/\/i0.wp.com\/www.evelyne-axell.info\/fra\/wp-content\/uploads\/2019\/10\/Pop-00081.jpg?w=2580&amp;ssl=1 2580w\" sizes=\"auto, (max-width: 860px) 100vw, 860px\" \/><\/figure>\n\n\n\n<p>La d\u00e9couverte exceptionnelle de 17 premi\u00e8res \u0153uvres in\u00e9dites\nest l\u2019occasion d\u2019explorer les pr\u00e9mices de son \u0153uvre plastique. Il s\u2019agit principalement\nde collages, datant de 1964 &#8211; qui montrent notamment l\u2019influence des artistes\npop anglais (Pauline Boty, Peter Phillips). Un catalogue en fran\u00e7ais et en\nanglais est \u00e9galement publi\u00e9 \u00e0 cette occasion par les \u00e9ditions Skira (avec des\ntextes de Sue Tate, Angela Stief, Claas Hulshoff,&#8230;).<\/p>\n\n\n\n<p class=\"has-small-font-size\"><em>Le Delta<br> Avenue Fernand Golenvaux, 18<br> 5000 Namur<br> Belgique<br> T\u00e9l.\u00a0: + 32 (0)81 77 67 73<br> <\/em><a href=\"mailto:info@ledelta.be\"><em>info@ledelta.be<\/em><\/a><em><br> www.ledelta.be<\/em><\/p>\n","protected":false},"excerpt":{"rendered":"<p>Une grande exposition d\u2019\u0153uvres d\u2019Evelyne Axell ouvre la saison artistique du Delta (anciennement la Maison de la Culture de Namur) r\u00e9nov\u00e9 et agrandi. Du 21 septembre 2019 au 26 janvier 2020.Ouvert du mardi au dimanche de 11h \u00e0 18h. Cette <a class=\"more-link\" href=\"https:\/\/www.evelyne-axell.info\/fra\/2019\/10\/14\/namur-exposition-evelyne-axell-methodes-pop-au-delta\/\">Lire la suite&#8230;<\/a><\/p>\n","protected":false},"author":1,"featured_media":1186,"comment_status":"closed","ping_status":"closed","sticky":false,"template":"","format":"standard","meta":{"ngg_post_thumbnail":0,"_jetpack_memberships_contains_paid_content":false,"footnotes":""},"categories":[4],"tags":[],"class_list":["post-1185","post","type-post","status-publish","format-standard","has-post-thumbnail","hentry","category-expo"],"jetpack_featured_media_url":"https:\/\/i0.wp.com\/www.evelyne-axell.info\/fra\/wp-content\/uploads\/2019\/10\/N%C3%A9on-Axell.jpg?fit=1286%2C716&ssl=1","jetpack_sharing_enabled":true,"_links":{"self":[{"href":"https:\/\/www.evelyne-axell.info\/fra\/wp-json\/wp\/v2\/posts\/1185","targetHints":{"allow":["GET"]}}],"collection":[{"href":"https:\/\/www.evelyne-axell.info\/fra\/wp-json\/wp\/v2\/posts"}],"about":[{"href":"https:\/\/www.evelyne-axell.info\/fra\/wp-json\/wp\/v2\/types\/post"}],"author":[{"embeddable":true,"href":"https:\/\/www.evelyne-axell.info\/fra\/wp-json\/wp\/v2\/users\/1"}],"replies":[{"embeddable":true,"href":"https:\/\/www.evelyne-axell.info\/fra\/wp-json\/wp\/v2\/comments?post=1185"}],"version-history":[{"count":1,"href":"https:\/\/www.evelyne-axell.info\/fra\/wp-json\/wp\/v2\/posts\/1185\/revisions"}],"predecessor-version":[{"id":1189,"href":"https:\/\/www.evelyne-axell.info\/fra\/wp-json\/wp\/v2\/posts\/1185\/revisions\/1189"}],"wp:featuredmedia":[{"embeddable":true,"href":"https:\/\/www.evelyne-axell.info\/fra\/wp-json\/wp\/v2\/media\/1186"}],"wp:attachment":[{"href":"https:\/\/www.evelyne-axell.info\/fra\/wp-json\/wp\/v2\/media?parent=1185"}],"wp:term":[{"taxonomy":"category","embeddable":true,"href":"https:\/\/www.evelyne-axell.info\/fra\/wp-json\/wp\/v2\/categories?post=1185"},{"taxonomy":"post_tag","embeddable":true,"href":"https:\/\/www.evelyne-axell.info\/fra\/wp-json\/wp\/v2\/tags?post=1185"}],"curies":[{"name":"wp","href":"https:\/\/api.w.org\/{rel}","templated":true}]}}