{"id":1169,"date":"2019-05-04T19:12:37","date_gmt":"2019-05-04T17:12:37","guid":{"rendered":"http:\/\/www.evelyne-axell.info\/fra\/?p=1169"},"modified":"2019-06-16T13:15:05","modified_gmt":"2019-06-16T11:15:05","slug":"des-serigraphies-inspirees-develyne-axell-a-la-belgian-gallery-a-namur","status":"publish","type":"post","link":"https:\/\/www.evelyne-axell.info\/fra\/2019\/05\/04\/des-serigraphies-inspirees-develyne-axell-a-la-belgian-gallery-a-namur\/","title":{"rendered":"Des s\u00e9rigraphies inspir\u00e9es d\u2019Evelyne Axell \u00e0 la Belgian Gallery \u00e0 Namur."},"content":{"rendered":"\n<div class=\"wp-block-image\"><figure class=\"aligncenter is-resized\"><img data-recalc-dims=\"1\" loading=\"lazy\" decoding=\"async\" src=\"https:\/\/i0.wp.com\/www.evelyne-axell.info\/fra\/wp-content\/uploads\/2019\/06\/Belgian-gallery.jpg?resize=860%2C460&#038;ssl=1\" alt=\"Belgian Gallery\" class=\"wp-image-1177\" width=\"860\" height=\"460\" srcset=\"https:\/\/i0.wp.com\/www.evelyne-axell.info\/fra\/wp-content\/uploads\/2019\/06\/Belgian-gallery.jpg?resize=1024%2C548&amp;ssl=1 1024w, https:\/\/i0.wp.com\/www.evelyne-axell.info\/fra\/wp-content\/uploads\/2019\/06\/Belgian-gallery.jpg?resize=150%2C80&amp;ssl=1 150w, https:\/\/i0.wp.com\/www.evelyne-axell.info\/fra\/wp-content\/uploads\/2019\/06\/Belgian-gallery.jpg?resize=747%2C400&amp;ssl=1 747w, https:\/\/i0.wp.com\/www.evelyne-axell.info\/fra\/wp-content\/uploads\/2019\/06\/Belgian-gallery.jpg?resize=768%2C411&amp;ssl=1 768w, https:\/\/i0.wp.com\/www.evelyne-axell.info\/fra\/wp-content\/uploads\/2019\/06\/Belgian-gallery.jpg?w=1720&amp;ssl=1 1720w, https:\/\/i0.wp.com\/www.evelyne-axell.info\/fra\/wp-content\/uploads\/2019\/06\/Belgian-gallery.jpg?w=2580&amp;ssl=1 2580w\" sizes=\"auto, (max-width: 860px) 100vw, 860px\" \/><\/figure><\/div>\n\n\n\n<p class=\"has-small-font-size\"><em>Du 18 mai au 29 juin 2019.<\/em><\/p>\n\n\n\n<p class=\"has-medium-font-size\">Trois namurois passionn\u00e9s d\u2019art belge r\u00e9alisent un r\u00eave d\u2019Evelyne\nAxell. <\/p>\n\n\n\n<p>Un an jour pour jour avant sa mort, Evelyne Axell \u00e9crivait&nbsp;:<\/p>\n\n\n\n<p><em>&nbsp;\u00ab&nbsp;Je veux cr\u00e9er des images disponibles \u00e0 port\u00e9e de tous les d\u00e9sirs et dont le clinquant stimule l\u2019app\u00e9tit des foules. Mon r\u00eave : diriger une usine o\u00f9 des machines perfectionn\u00e9es d\u00e9couperaient, peindraient, agenceraient des mat\u00e9riaux translucides, fluorescents, irradiants, selon mes ordres et ma volont\u00e9 ! Une usine au service de la fantaisie de l\u2019\u00e9rotisme d\u2019o\u00f9 sortiraient \u00e0 la cha\u00eene des \u0153uvres qui se vendraient dans les supermarket.&nbsp;\u00bb<\/em> <br>Evelyne Axell, le 10 septembre 1971.<\/p>\n\n\n\n<p>Cette m\u00eame ann\u00e9e elle produisait deux lithographies &#8211; \u00ab&nbsp;Le\npeintre I et II&nbsp;\u00bb &#8211; tir\u00e9es chacune en 25 exemplaires. Malheureusement, de\nces lithographies, il n\u2019en subsiste que tr\u00e8s peu, la majeure partie ayant \u00e9t\u00e9\nd\u00e9truite ult\u00e9rieurement dans une inondation de la maison de son mari Jean\nAntoine. Elle n\u2019aura pas eu le temps de cr\u00e9er une \u00ab&nbsp;Factory&nbsp;\u00bb comme\nAndy Warhol pour sortir ses \u0153uvres \u00ab&nbsp;\u00e0 la cha\u00eene&nbsp;\u00bb et les rendre accessibles\nau grand public.<\/p>\n\n\n\n<div class=\"wp-block-image\"><figure class=\"alignleft\"><img data-recalc-dims=\"1\" loading=\"lazy\" decoding=\"async\" width=\"600\" height=\"420\" src=\"https:\/\/i0.wp.com\/www.evelyne-axell.info\/fra\/wp-content\/uploads\/2019\/05\/la-galerie3.jpg?resize=600%2C420&#038;ssl=1\" alt=\"\" class=\"wp-image-1172\" srcset=\"https:\/\/i0.wp.com\/www.evelyne-axell.info\/fra\/wp-content\/uploads\/2019\/05\/la-galerie3.jpg?w=600&amp;ssl=1 600w, https:\/\/i0.wp.com\/www.evelyne-axell.info\/fra\/wp-content\/uploads\/2019\/05\/la-galerie3.jpg?resize=150%2C105&amp;ssl=1 150w, https:\/\/i0.wp.com\/www.evelyne-axell.info\/fra\/wp-content\/uploads\/2019\/05\/la-galerie3.jpg?resize=571%2C400&amp;ssl=1 571w\" sizes=\"auto, (max-width: 600px) 100vw, 600px\" \/><\/figure><\/div>\n\n\n\n<p>C\u2019est dans cette optique que la Belgian Gallery eut l\u2019id\u00e9e\nde cr\u00e9er des adaptations originales \u00e0 partir d\u2019une s\u00e9lection d\u2019\u0153uvres d\u2019Evelyne\nAxell afin de pouvoir faire connaitre et proposer cette \u0153uvre \u00e0 un prix\nabordable pour tous. Contrairement aux nombreuses contrefa\u00e7ons, parfois d\u2019un\ngo\u00fbt douteux, que l\u2019on peut trouver sur des sites de ventes ill\u00e9gales sur\nInternet, la Belgian Gallery propose des s\u00e9rigraphies et des gravures originales\nde grande qualit\u00e9, enti\u00e8rement fabriqu\u00e9es en Belgique en tirages limit\u00e9s et\nnum\u00e9rot\u00e9s, accompagn\u00e9es d\u2019un certificat en garantissant l\u2019authenticit\u00e9 et le\nrespect du droit d\u2019auteur.<\/p>\n\n\n\n<p>Dans son m\u00eame courrier de 1971, Evelyne Axell a \u00e9crit, puis\nbarr\u00e9, probablement pour ne pas choquer les collectionneurs de l\u2019\u00e9poque&nbsp;:<\/p>\n\n\n\n<p>\u00ab<em>&nbsp;Il y a un demi-si\u00e8cle, un artiste r\u00e9galait quelques privil\u00e9gi\u00e9s gourmands. Je veux, moi, r\u00e9galer le plus grand nombre d\u2019affam\u00e9s.&nbsp;\u00bb<\/em><\/p>\n\n\n\n<p class=\"has-small-font-size\"><em>Belgian Gallery<br>Place d&rsquo;Armes, 8 <br>B- 5000 Namur<br><\/em><a href=\"mailto:info@belgiangallery.com\"><em>info@belgiangallery.com<\/em><\/a><\/p>\n","protected":false},"excerpt":{"rendered":"<p>Du 18 mai au 29 juin 2019. Trois namurois passionn\u00e9s d\u2019art belge r\u00e9alisent un r\u00eave d\u2019Evelyne Axell. Un an jour pour jour avant sa mort, Evelyne Axell \u00e9crivait&nbsp;: &nbsp;\u00ab&nbsp;Je veux cr\u00e9er des images disponibles \u00e0 port\u00e9e de tous les d\u00e9sirs <a class=\"more-link\" href=\"https:\/\/www.evelyne-axell.info\/fra\/2019\/05\/04\/des-serigraphies-inspirees-develyne-axell-a-la-belgian-gallery-a-namur\/\">Lire la suite&#8230;<\/a><\/p>\n","protected":false},"author":1,"featured_media":1171,"comment_status":"closed","ping_status":"closed","sticky":false,"template":"","format":"standard","meta":{"ngg_post_thumbnail":0,"_jetpack_memberships_contains_paid_content":false,"footnotes":""},"categories":[3,4],"tags":[],"class_list":["post-1169","post","type-post","status-publish","format-standard","has-post-thumbnail","hentry","category-evenements","category-expo"],"jetpack_featured_media_url":"https:\/\/i0.wp.com\/www.evelyne-axell.info\/fra\/wp-content\/uploads\/2019\/05\/s-Le-Peintre-en-extase-2.jpg?fit=2126%2C1595&ssl=1","jetpack_sharing_enabled":true,"_links":{"self":[{"href":"https:\/\/www.evelyne-axell.info\/fra\/wp-json\/wp\/v2\/posts\/1169","targetHints":{"allow":["GET"]}}],"collection":[{"href":"https:\/\/www.evelyne-axell.info\/fra\/wp-json\/wp\/v2\/posts"}],"about":[{"href":"https:\/\/www.evelyne-axell.info\/fra\/wp-json\/wp\/v2\/types\/post"}],"author":[{"embeddable":true,"href":"https:\/\/www.evelyne-axell.info\/fra\/wp-json\/wp\/v2\/users\/1"}],"replies":[{"embeddable":true,"href":"https:\/\/www.evelyne-axell.info\/fra\/wp-json\/wp\/v2\/comments?post=1169"}],"version-history":[{"count":6,"href":"https:\/\/www.evelyne-axell.info\/fra\/wp-json\/wp\/v2\/posts\/1169\/revisions"}],"predecessor-version":[{"id":1183,"href":"https:\/\/www.evelyne-axell.info\/fra\/wp-json\/wp\/v2\/posts\/1169\/revisions\/1183"}],"wp:featuredmedia":[{"embeddable":true,"href":"https:\/\/www.evelyne-axell.info\/fra\/wp-json\/wp\/v2\/media\/1171"}],"wp:attachment":[{"href":"https:\/\/www.evelyne-axell.info\/fra\/wp-json\/wp\/v2\/media?parent=1169"}],"wp:term":[{"taxonomy":"category","embeddable":true,"href":"https:\/\/www.evelyne-axell.info\/fra\/wp-json\/wp\/v2\/categories?post=1169"},{"taxonomy":"post_tag","embeddable":true,"href":"https:\/\/www.evelyne-axell.info\/fra\/wp-json\/wp\/v2\/tags?post=1169"}],"curies":[{"name":"wp","href":"https:\/\/api.w.org\/{rel}","templated":true}]}}