{"id":1162,"date":"2019-04-28T17:40:05","date_gmt":"2019-04-28T15:40:05","guid":{"rendered":"http:\/\/www.evelyne-axell.info\/fra\/?p=1162"},"modified":"2019-04-28T17:42:25","modified_gmt":"2019-04-28T15:42:25","slug":"axell-dans-lexposition-inaugurale-du-muzeum-susch","status":"publish","type":"post","link":"https:\/\/www.evelyne-axell.info\/fra\/2019\/04\/28\/axell-dans-lexposition-inaugurale-du-muzeum-susch\/","title":{"rendered":"Axell dans l\u2019exposition inaugurale du Muzeum Susch."},"content":{"rendered":"\n<figure class=\"wp-block-image\"><img data-recalc-dims=\"1\" loading=\"lazy\" decoding=\"async\" width=\"860\" height=\"574\" src=\"https:\/\/i0.wp.com\/www.evelyne-axell.info\/fra\/wp-content\/uploads\/2019\/04\/Susch-02.jpg?resize=860%2C574&#038;ssl=1\" alt=\"\" class=\"wp-image-1163\" srcset=\"https:\/\/i0.wp.com\/www.evelyne-axell.info\/fra\/wp-content\/uploads\/2019\/04\/Susch-02.jpg?resize=1024%2C683&amp;ssl=1 1024w, https:\/\/i0.wp.com\/www.evelyne-axell.info\/fra\/wp-content\/uploads\/2019\/04\/Susch-02.jpg?resize=150%2C100&amp;ssl=1 150w, https:\/\/i0.wp.com\/www.evelyne-axell.info\/fra\/wp-content\/uploads\/2019\/04\/Susch-02.jpg?resize=600%2C400&amp;ssl=1 600w, https:\/\/i0.wp.com\/www.evelyne-axell.info\/fra\/wp-content\/uploads\/2019\/04\/Susch-02.jpg?resize=768%2C512&amp;ssl=1 768w, https:\/\/i0.wp.com\/www.evelyne-axell.info\/fra\/wp-content\/uploads\/2019\/04\/Susch-02.jpg?w=1720&amp;ssl=1 1720w, https:\/\/i0.wp.com\/www.evelyne-axell.info\/fra\/wp-content\/uploads\/2019\/04\/Susch-02.jpg?w=2580&amp;ssl=1 2580w\" sizes=\"auto, (max-width: 860px) 100vw, 860px\" \/><\/figure>\n\n\n\n<h3 class=\"wp-block-heading\">A Woman\nLooking at Men Looking at Women. <\/h3>\n\n\n\n<p class=\"has-small-font-size\"><em> 2 janvier \u2013 30 juin 2019.<\/em><\/p>\n\n\n\n<p>Muzeum Susch, un nouveau mus\u00e9e fond\u00e9 par la collectionneuse\npolonaise Gra\u017cyna Kulczyk, est situ\u00e9 dans le village historique de Susch en\nEngadine, Suisse. Cette vall\u00e9e attrayante a toujours \u00e9t\u00e9 un lieu d&rsquo;\u00e9change\nculturel entre les pays frontaliers. Les artistes et intellectuels sont depuis\nlongtemps fascin\u00e9s par ce paysage et, au fil des ans, beaucoup ont choisi de\nvivre et de travailler en Engadine.<\/p>\n\n\n\n<p>\u00ab\u00a0A Woman Looking at Men Looking at Women \u00a0\u00bb &#8211;\nl&rsquo;exposition inaugurale du Muzeum Susch dont la commissaire est Kasia Redzisz\nde Tate Liverpool &#8211; prend comme point de d\u00e9part une des forces cl\u00e9s de la\ncollection Kulczyk Gra\u017cyna, sa focalisation sur la femme artiste, pour explorer\nla notion du f\u00e9minin dans sa diversit\u00e9 sociale, politique et culturelle. Parmi\nles \u0153uvres emprunt\u00e9es pour cette exposition, le diptyque d&rsquo;Evelyne Axell\n\u00ab\u00a0Les championnes\u00a0\u00bb (1966) a \u00e9t\u00e9 s\u00e9lectionn\u00e9.<\/p>\n\n\n\n<div class=\"wp-block-image\"><figure class=\"alignleft\"><img data-recalc-dims=\"1\" loading=\"lazy\" decoding=\"async\" width=\"600\" height=\"600\" src=\"https:\/\/i0.wp.com\/www.evelyne-axell.info\/fra\/wp-content\/uploads\/2019\/04\/Susch-04.jpg?resize=600%2C600&#038;ssl=1\" alt=\"\" class=\"wp-image-1164\" srcset=\"https:\/\/i0.wp.com\/www.evelyne-axell.info\/fra\/wp-content\/uploads\/2019\/04\/Susch-04.jpg?w=600&amp;ssl=1 600w, https:\/\/i0.wp.com\/www.evelyne-axell.info\/fra\/wp-content\/uploads\/2019\/04\/Susch-04.jpg?resize=150%2C150&amp;ssl=1 150w, https:\/\/i0.wp.com\/www.evelyne-axell.info\/fra\/wp-content\/uploads\/2019\/04\/Susch-04.jpg?resize=400%2C400&amp;ssl=1 400w\" sizes=\"auto, (max-width: 600px) 100vw, 600px\" \/><\/figure><\/div>\n\n\n\n<p>Des conventions artistiques de la repr\u00e9sentation f\u00e9minine \u00e0\nl&rsquo;\u00e9mancipation sexuelle en passant par la remise en question des r\u00f4les\ntraditionnels des sexes, l&rsquo;exposition aborde de nombreuses questions centrales\nsur la th\u00e9orie f\u00e9ministe. Pourtant, plut\u00f4t que de r\u00e9it\u00e9rer les pol\u00e9miques\n\u00e9tablies, elle cherche \u00e0 offrir une nouvelle perspective sur les paradoxes\nf\u00e9minins. Dans les \u0153uvres expos\u00e9es, le regard f\u00e9minin pr\u00e9domine ; le corps est\nune source de plaisir plut\u00f4t qu&rsquo;un champ de bataille id\u00e9ologique ; la maternit\u00e9\net la domesticit\u00e9 sont marqu\u00e9es non seulement par la tendresse mais aussi par\nla tension.<\/p>\n\n\n\n<p>Empruntant son titre \u00e0 l&rsquo;essai \u00e9ponyme de Siri Hustvedt de\n2012, qui analyse les pr\u00e9jug\u00e9s perceptuels qui affectent la mani\u00e8re dont nous\njugeons l&rsquo;art et le monde, l&rsquo;exposition c\u00e9l\u00e8bre les femmes artistes pionni\u00e8res,\nqui ont seulement r\u00e9cemment obtenu leur place tant attendue dans le canon\nhistorique de l&rsquo;art. Plus important encore, il raconte l&rsquo;histoire de celles et\nceux qui, sans distinction de sexe, ont trouv\u00e9 la passion, la cr\u00e9ativit\u00e9 et le\ncourage de remettre en question non seulement les normes sociales mais aussi\nles limites de l&rsquo;art et ses cat\u00e9gories restrictives. Comme Hustvedt l&rsquo;a \u00e9crit\nelle-m\u00eame : \u00ab\u00a0Une \u0153uvre d&rsquo;art n&rsquo;a pas de sexe.\u00a0\u00bb Un engagement\naudacieux pour exp\u00e9rimenter et repousser les limites de l&rsquo;art est au centre de\ncette exposition.<\/p>\n\n\n\n<p class=\"has-small-font-size\"><em>Muzeum Susch<br> Surpunt 78,<br> CH\u20137542 SUSCH<br> +41 (0)81 861 03 03<br> info@muzeumsusch.ch&nbsp; <\/em><\/p>\n","protected":false},"excerpt":{"rendered":"<p>A Woman Looking at Men Looking at Women. 2 janvier \u2013 30 juin 2019. Muzeum Susch, un nouveau mus\u00e9e fond\u00e9 par la collectionneuse polonaise Gra\u017cyna Kulczyk, est situ\u00e9 dans le village historique de Susch en Engadine, Suisse. Cette vall\u00e9e attrayante <a class=\"more-link\" href=\"https:\/\/www.evelyne-axell.info\/fra\/2019\/04\/28\/axell-dans-lexposition-inaugurale-du-muzeum-susch\/\">Lire la suite&#8230;<\/a><\/p>\n","protected":false},"author":1,"featured_media":1166,"comment_status":"closed","ping_status":"closed","sticky":false,"template":"","format":"standard","meta":{"ngg_post_thumbnail":0,"_jetpack_memberships_contains_paid_content":false,"footnotes":""},"categories":[4],"tags":[],"class_list":["post-1162","post","type-post","status-publish","format-standard","has-post-thumbnail","hentry","category-expo"],"jetpack_featured_media_url":"https:\/\/i0.wp.com\/www.evelyne-axell.info\/fra\/wp-content\/uploads\/2019\/04\/Susch-03.jpg?fit=720%2C480&ssl=1","jetpack_sharing_enabled":true,"_links":{"self":[{"href":"https:\/\/www.evelyne-axell.info\/fra\/wp-json\/wp\/v2\/posts\/1162","targetHints":{"allow":["GET"]}}],"collection":[{"href":"https:\/\/www.evelyne-axell.info\/fra\/wp-json\/wp\/v2\/posts"}],"about":[{"href":"https:\/\/www.evelyne-axell.info\/fra\/wp-json\/wp\/v2\/types\/post"}],"author":[{"embeddable":true,"href":"https:\/\/www.evelyne-axell.info\/fra\/wp-json\/wp\/v2\/users\/1"}],"replies":[{"embeddable":true,"href":"https:\/\/www.evelyne-axell.info\/fra\/wp-json\/wp\/v2\/comments?post=1162"}],"version-history":[{"count":3,"href":"https:\/\/www.evelyne-axell.info\/fra\/wp-json\/wp\/v2\/posts\/1162\/revisions"}],"predecessor-version":[{"id":1168,"href":"https:\/\/www.evelyne-axell.info\/fra\/wp-json\/wp\/v2\/posts\/1162\/revisions\/1168"}],"wp:featuredmedia":[{"embeddable":true,"href":"https:\/\/www.evelyne-axell.info\/fra\/wp-json\/wp\/v2\/media\/1166"}],"wp:attachment":[{"href":"https:\/\/www.evelyne-axell.info\/fra\/wp-json\/wp\/v2\/media?parent=1162"}],"wp:term":[{"taxonomy":"category","embeddable":true,"href":"https:\/\/www.evelyne-axell.info\/fra\/wp-json\/wp\/v2\/categories?post=1162"},{"taxonomy":"post_tag","embeddable":true,"href":"https:\/\/www.evelyne-axell.info\/fra\/wp-json\/wp\/v2\/tags?post=1162"}],"curies":[{"name":"wp","href":"https:\/\/api.w.org\/{rel}","templated":true}]}}