{"id":1151,"date":"2019-03-01T17:48:55","date_gmt":"2019-03-01T16:48:55","guid":{"rendered":"http:\/\/www.evelyne-axell.info\/fra\/?p=1151"},"modified":"2019-03-07T18:10:08","modified_gmt":"2019-03-07T17:10:08","slug":"evelyne-axell-entre-au-mumok-a-vienne","status":"publish","type":"post","link":"https:\/\/www.evelyne-axell.info\/fra\/2019\/03\/01\/evelyne-axell-entre-au-mumok-a-vienne\/","title":{"rendered":"Evelyne Axell entre au Mumok  \u00e0 Vienne"},"content":{"rendered":"\n<figure class=\"wp-block-image\"><img data-recalc-dims=\"1\" loading=\"lazy\" decoding=\"async\" width=\"860\" height=\"423\" src=\"https:\/\/i0.wp.com\/www.evelyne-axell.info\/fra\/wp-content\/uploads\/2019\/03\/Capture-d%C3%A9cran-2019-03-07-16.05.41-1.jpg?resize=860%2C423&#038;ssl=1\" alt=\"\" class=\"wp-image-1153\" srcset=\"https:\/\/i0.wp.com\/www.evelyne-axell.info\/fra\/wp-content\/uploads\/2019\/03\/Capture-d%C3%A9cran-2019-03-07-16.05.41-1.jpg?resize=1024%2C504&amp;ssl=1 1024w, https:\/\/i0.wp.com\/www.evelyne-axell.info\/fra\/wp-content\/uploads\/2019\/03\/Capture-d%C3%A9cran-2019-03-07-16.05.41-1.jpg?resize=150%2C74&amp;ssl=1 150w, https:\/\/i0.wp.com\/www.evelyne-axell.info\/fra\/wp-content\/uploads\/2019\/03\/Capture-d%C3%A9cran-2019-03-07-16.05.41-1.jpg?resize=813%2C400&amp;ssl=1 813w, https:\/\/i0.wp.com\/www.evelyne-axell.info\/fra\/wp-content\/uploads\/2019\/03\/Capture-d%C3%A9cran-2019-03-07-16.05.41-1.jpg?resize=768%2C378&amp;ssl=1 768w, https:\/\/i0.wp.com\/www.evelyne-axell.info\/fra\/wp-content\/uploads\/2019\/03\/Capture-d%C3%A9cran-2019-03-07-16.05.41-1.jpg?w=1408&amp;ssl=1 1408w\" sizes=\"auto, (max-width: 860px) 100vw, 860px\" \/><\/figure>\n\n\n\n<p class=\"has-medium-font-size\">Le jury de la Fondation Autrichienne Ludwig&nbsp; a s\u00e9lectionn\u00e9 une \u0153uvre d\u2019Evelyne Axell, \u00ab&nbsp;Le glacier&nbsp;\u00bb, pour faire partie de la collection permanente du Mumok, le Mus\u00e9e d\u2019Art Moderne de Vienne. <\/p>\n\n\n\n<div class=\"wp-block-image\"><figure class=\"aligncenter is-resized\"><img data-recalc-dims=\"1\" loading=\"lazy\" decoding=\"async\" src=\"https:\/\/i0.wp.com\/www.evelyne-axell.info\/fra\/wp-content\/uploads\/2019\/03\/RGB-Le-glacier.jpg?resize=593%2C499&#038;ssl=1\" alt=\"\" class=\"wp-image-1155\" width=\"593\" height=\"499\" srcset=\"https:\/\/i0.wp.com\/www.evelyne-axell.info\/fra\/wp-content\/uploads\/2019\/03\/RGB-Le-glacier.jpg?resize=1024%2C862&amp;ssl=1 1024w, https:\/\/i0.wp.com\/www.evelyne-axell.info\/fra\/wp-content\/uploads\/2019\/03\/RGB-Le-glacier.jpg?resize=150%2C126&amp;ssl=1 150w, https:\/\/i0.wp.com\/www.evelyne-axell.info\/fra\/wp-content\/uploads\/2019\/03\/RGB-Le-glacier.jpg?resize=475%2C400&amp;ssl=1 475w, https:\/\/i0.wp.com\/www.evelyne-axell.info\/fra\/wp-content\/uploads\/2019\/03\/RGB-Le-glacier.jpg?resize=768%2C647&amp;ssl=1 768w, https:\/\/i0.wp.com\/www.evelyne-axell.info\/fra\/wp-content\/uploads\/2019\/03\/RGB-Le-glacier.jpg?w=1720&amp;ssl=1 1720w, https:\/\/i0.wp.com\/www.evelyne-axell.info\/fra\/wp-content\/uploads\/2019\/03\/RGB-Le-glacier.jpg?w=2580&amp;ssl=1 2580w\" sizes=\"auto, (max-width: 593px) 100vw, 593px\" \/><figcaption>\u00ab\u00a0Le glacier\u00a0\u00bb, 1972<\/figcaption><\/figure><\/div>\n\n\n\n<p>C\u2019est une \u0153uvre un peu particuli\u00e8re car elle fait partie de\nla p\u00e9riode \u00ab&nbsp;nature et environnement&nbsp;\u00bb d\u2019Evelyne Axell, de 1971 \u00e0\n1972, o\u00f9 le combat pour le f\u00e9minisme a fait place \u00e0 un combat pour l\u2019\u00e9cologie\net la pr\u00e9servation de notre plan\u00e8te et de sa nature.<\/p>\n\n\n\n<p>Dans la lign\u00e9e d\u2019\u0153uvres comme \u00ab&nbsp;Le singe&nbsp;\u00bb, \u00ab&nbsp;L\u2019envol&nbsp;\u00bb\nou \u00ab&nbsp;L\u2019\u00e9l\u00e9phant bleu&nbsp;\u00bb, ce tableau en Plexiglas repr\u00e9sente un paysage\nmontagneux encore pr\u00e9serv\u00e9 et pur. <\/p>\n\n\n\n<div class=\"wp-block-image\"><figure class=\"alignright is-resized\"><img data-recalc-dims=\"1\" loading=\"lazy\" decoding=\"async\" src=\"https:\/\/i0.wp.com\/www.evelyne-axell.info\/fra\/wp-content\/uploads\/2019\/03\/1970-Kleinarl-J%C3%A4gersee.jpg?resize=303%2C295&#038;ssl=1\" alt=\"\" class=\"wp-image-1156\" width=\"303\" height=\"295\" srcset=\"https:\/\/i0.wp.com\/www.evelyne-axell.info\/fra\/wp-content\/uploads\/2019\/03\/1970-Kleinarl-J%C3%A4gersee.jpg?w=1000&amp;ssl=1 1000w, https:\/\/i0.wp.com\/www.evelyne-axell.info\/fra\/wp-content\/uploads\/2019\/03\/1970-Kleinarl-J%C3%A4gersee.jpg?resize=150%2C146&amp;ssl=1 150w, https:\/\/i0.wp.com\/www.evelyne-axell.info\/fra\/wp-content\/uploads\/2019\/03\/1970-Kleinarl-J%C3%A4gersee.jpg?resize=411%2C400&amp;ssl=1 411w, https:\/\/i0.wp.com\/www.evelyne-axell.info\/fra\/wp-content\/uploads\/2019\/03\/1970-Kleinarl-J%C3%A4gersee.jpg?resize=768%2C747&amp;ssl=1 768w\" sizes=\"auto, (max-width: 303px) 100vw, 303px\" \/><figcaption>Photo du J\u00e4gersee prise par Philippe Axell en 1970.<\/figcaption><\/figure><\/div>\n\n\n\n<p>Mais en r\u00e9alit\u00e9 ce n\u2019est pas un paysage imaginaire. Il s\u2019agit\nd\u2019un endroit bien pr\u00e9cis, le J\u00e4gersee, situ\u00e9 pr\u00e8s du petit village de\nKleinarl-im-Pongau en Autriche o\u00f9 son fils, Philippe, \u00e2g\u00e9 de 13 ans, se\ntrouvait en colonie de vacances en 1970. Il fit une photo de ce lac et des\nmontagnes environnantes. C\u2019est \u00e0 partir de cette photo qu\u2019Evelyne Axell cr\u00e9a\ncette \u0153uvre, \u00ab&nbsp;Le glacier&nbsp;\u00bb. Il s\u2019agit probablement&nbsp; du seul paysage Autrichien jamais repr\u00e9sent\u00e9\npar une artiste de Pop Art&nbsp;! Il a maintenant trouv\u00e9 sa place parmi les\ncollections du Mus\u00e9e d\u2019Art Moderne de Vienne.<\/p>\n","protected":false},"excerpt":{"rendered":"<p>Le jury de la Fondation Autrichienne Ludwig&nbsp; a s\u00e9lectionn\u00e9 une \u0153uvre d\u2019Evelyne Axell, \u00ab&nbsp;Le glacier&nbsp;\u00bb, pour faire partie de la collection permanente du Mumok, le Mus\u00e9e d\u2019Art Moderne de Vienne. C\u2019est une \u0153uvre un peu particuli\u00e8re car elle fait partie <a class=\"more-link\" href=\"https:\/\/www.evelyne-axell.info\/fra\/2019\/03\/01\/evelyne-axell-entre-au-mumok-a-vienne\/\">Lire la suite&#8230;<\/a><\/p>\n","protected":false},"author":1,"featured_media":1154,"comment_status":"closed","ping_status":"closed","sticky":false,"template":"","format":"standard","meta":{"ngg_post_thumbnail":0,"_jetpack_memberships_contains_paid_content":false,"footnotes":""},"categories":[1],"tags":[],"class_list":["post-1151","post","type-post","status-publish","format-standard","has-post-thumbnail","hentry","category-uncategorized"],"jetpack_featured_media_url":"https:\/\/i0.wp.com\/www.evelyne-axell.info\/fra\/wp-content\/uploads\/2019\/03\/Capture-d%C3%A9cran-2019-03-07-16.02.48.jpg?fit=2381%2C1771&ssl=1","jetpack_sharing_enabled":true,"_links":{"self":[{"href":"https:\/\/www.evelyne-axell.info\/fra\/wp-json\/wp\/v2\/posts\/1151","targetHints":{"allow":["GET"]}}],"collection":[{"href":"https:\/\/www.evelyne-axell.info\/fra\/wp-json\/wp\/v2\/posts"}],"about":[{"href":"https:\/\/www.evelyne-axell.info\/fra\/wp-json\/wp\/v2\/types\/post"}],"author":[{"embeddable":true,"href":"https:\/\/www.evelyne-axell.info\/fra\/wp-json\/wp\/v2\/users\/1"}],"replies":[{"embeddable":true,"href":"https:\/\/www.evelyne-axell.info\/fra\/wp-json\/wp\/v2\/comments?post=1151"}],"version-history":[{"count":4,"href":"https:\/\/www.evelyne-axell.info\/fra\/wp-json\/wp\/v2\/posts\/1151\/revisions"}],"predecessor-version":[{"id":1160,"href":"https:\/\/www.evelyne-axell.info\/fra\/wp-json\/wp\/v2\/posts\/1151\/revisions\/1160"}],"wp:featuredmedia":[{"embeddable":true,"href":"https:\/\/www.evelyne-axell.info\/fra\/wp-json\/wp\/v2\/media\/1154"}],"wp:attachment":[{"href":"https:\/\/www.evelyne-axell.info\/fra\/wp-json\/wp\/v2\/media?parent=1151"}],"wp:term":[{"taxonomy":"category","embeddable":true,"href":"https:\/\/www.evelyne-axell.info\/fra\/wp-json\/wp\/v2\/categories?post=1151"},{"taxonomy":"post_tag","embeddable":true,"href":"https:\/\/www.evelyne-axell.info\/fra\/wp-json\/wp\/v2\/tags?post=1151"}],"curies":[{"name":"wp","href":"https:\/\/api.w.org\/{rel}","templated":true}]}}