{"id":1139,"date":"2018-09-10T13:39:10","date_gmt":"2018-09-10T11:39:10","guid":{"rendered":"http:\/\/www.evelyne-axell.info\/fra\/?p=1139"},"modified":"2018-09-16T13:14:04","modified_gmt":"2018-09-16T11:14:04","slug":"paris-exposition-forever-pop-a-lespace-tajan","status":"publish","type":"post","link":"https:\/\/www.evelyne-axell.info\/fra\/2018\/09\/10\/paris-exposition-forever-pop-a-lespace-tajan\/","title":{"rendered":"Paris: Exposition \u00ab\u00a0Forever Pop\u00a0\u00bb \u00e0 l&rsquo;Espace Tajan."},"content":{"rendered":"<h2><strong>FOREVER POP : EVELYNE AXELL \/ HUBERT LE GALL &#8211; Exposition du 14&nbsp;au 27&nbsp;SEPTEMBRE 2018<\/strong><\/h2>\n<p><img data-recalc-dims=\"1\" loading=\"lazy\" decoding=\"async\" class=\"alignnone size-large wp-image-1141\" src=\"https:\/\/i0.wp.com\/www.evelyne-axell.info\/fra\/wp-content\/uploads\/2018\/09\/foreverpop.jpg?resize=860%2C406&#038;ssl=1\" alt=\"foreverpop\" width=\"860\" height=\"406\" srcset=\"https:\/\/i0.wp.com\/www.evelyne-axell.info\/fra\/wp-content\/uploads\/2018\/09\/foreverpop.jpg?resize=1024%2C484&amp;ssl=1 1024w, https:\/\/i0.wp.com\/www.evelyne-axell.info\/fra\/wp-content\/uploads\/2018\/09\/foreverpop.jpg?resize=150%2C71&amp;ssl=1 150w, https:\/\/i0.wp.com\/www.evelyne-axell.info\/fra\/wp-content\/uploads\/2018\/09\/foreverpop.jpg?resize=847%2C400&amp;ssl=1 847w, https:\/\/i0.wp.com\/www.evelyne-axell.info\/fra\/wp-content\/uploads\/2018\/09\/foreverpop.jpg?resize=768%2C363&amp;ssl=1 768w, https:\/\/i0.wp.com\/www.evelyne-axell.info\/fra\/wp-content\/uploads\/2018\/09\/foreverpop.jpg?w=1200&amp;ssl=1 1200w\" sizes=\"auto, (max-width: 860px) 100vw, 860px\" \/><\/p>\n<p>Depuis 2004, Tajan pr\u00e9sente le programme \u00ab L\u2019Artiste et ceux qui le soutiennent \u00bb. Celui-ci a pour vocation de cr\u00e9er des \u00e9v\u00e8nements uniques, militant pour la d\u00e9fense et la promotion de la cr\u00e9ation artistique en f\u00e9d\u00e9rant artistes, designers, prescripteurs, collectionneurs, galeristes et journalistes.<br \/>\nPop toujours, Pop d\u2019hier et d\u2019aujourd\u2019hui&#8230; La cr\u00e9ation d\u2019Evelyne Axell, l\u2019une des principales figures du Pop Art en Belgique, correspond \u00e0 la grande p\u00e9riode de globalisation culturelle des ann\u00e9es 60. Quand elle commence \u00e0 s\u2019affirmer en peinture conseill\u00e9e par l\u2019ami de sa famille Ren\u00e9 Magritte, la jeunesse du monde entier, de Londres \u00e0 Moscou, de Tokyo \u00e0 Buenos-Aires vit \u00e0 l\u2019heure Pop. Il se d\u00e9gage de son oeuvre un fort sentiment de confiance f\u00e9minine inconnu auparavant et une lib\u00e9ration sexuelle nouvelle et h\u00e9doniste.<\/p>\n<p>Le travail d\u2019Axell r\u00e9ussit \u00e0 captiver l\u2019int\u00e9r\u00eat du designer pop fran\u00e7ais Hubert Le Gall et lui inspira pour cette exposition un ensemble d\u2019oeuvres remarquables qui g\u00e9n\u00e8rent un dialogue passionnant avec des peintures cr\u00e9\u00e9es un demi-si\u00e8cle plus t\u00f4t par une artiste pop pionni\u00e8re. Dans le domaine du design surpeupl\u00e9 d\u2019aujourd\u2019hui, les oeuvres de Hubert Le Gall se distinguent clairement et fortement par leur sens de l\u2019humour, leur contenu pop \u00e9l\u00e9gant et leurs superbes mat\u00e9riaux et techniques d\u2019ex\u00e9cution.<\/p>\n<p><a href=\"http:\/\/auction.tajan.com\/pdf\/2018\/Event\/TAJAN%20ArtStudio%20Forever%20Pop.pdf\" target=\"_blank\" rel=\"noopener\">Voir le catalogue<\/a><\/p>\n<p><em>Exposition du 14 au 27 septembre 2018<\/em><br \/>\n<em>Lundi &#8211; vendredi 10h &#8211; 18h<\/em><br \/>\n<em>Espace Tajan, <\/em><br \/>\n<em>37 rue des Mathurins, <\/em><br \/>\n<em>75008 Paris<\/em><br \/>\n<em>T. +33 1 53 30 30 30<\/em><\/p>\n<p><img data-recalc-dims=\"1\" loading=\"lazy\" decoding=\"async\" class=\"alignnone size-large wp-image-1145\" src=\"https:\/\/i0.wp.com\/www.evelyne-axell.info\/fra\/wp-content\/uploads\/2018\/09\/Forever-Pop-Tajan-Paris-2018.jpg?resize=860%2C860&#038;ssl=1\" alt=\"\" width=\"860\" height=\"860\" srcset=\"https:\/\/i0.wp.com\/www.evelyne-axell.info\/fra\/wp-content\/uploads\/2018\/09\/Forever-Pop-Tajan-Paris-2018.jpg?resize=1024%2C1024&amp;ssl=1 1024w, https:\/\/i0.wp.com\/www.evelyne-axell.info\/fra\/wp-content\/uploads\/2018\/09\/Forever-Pop-Tajan-Paris-2018.jpg?resize=150%2C150&amp;ssl=1 150w, https:\/\/i0.wp.com\/www.evelyne-axell.info\/fra\/wp-content\/uploads\/2018\/09\/Forever-Pop-Tajan-Paris-2018.jpg?resize=400%2C400&amp;ssl=1 400w, https:\/\/i0.wp.com\/www.evelyne-axell.info\/fra\/wp-content\/uploads\/2018\/09\/Forever-Pop-Tajan-Paris-2018.jpg?resize=768%2C768&amp;ssl=1 768w, https:\/\/i0.wp.com\/www.evelyne-axell.info\/fra\/wp-content\/uploads\/2018\/09\/Forever-Pop-Tajan-Paris-2018.jpg?w=1852&amp;ssl=1 1852w, https:\/\/i0.wp.com\/www.evelyne-axell.info\/fra\/wp-content\/uploads\/2018\/09\/Forever-Pop-Tajan-Paris-2018.jpg?w=1720&amp;ssl=1 1720w\" sizes=\"auto, (max-width: 860px) 100vw, 860px\" \/><\/p>\n","protected":false},"excerpt":{"rendered":"<p>FOREVER POP : EVELYNE AXELL \/ HUBERT LE GALL &#8211; Exposition du 14&nbsp;au 27&nbsp;SEPTEMBRE 2018 Depuis 2004, Tajan pr\u00e9sente le programme \u00ab L\u2019Artiste et ceux qui le soutiennent \u00bb. Celui-ci a pour vocation de cr\u00e9er des \u00e9v\u00e8nements uniques, militant pour <a class=\"more-link\" href=\"https:\/\/www.evelyne-axell.info\/fra\/2018\/09\/10\/paris-exposition-forever-pop-a-lespace-tajan\/\">Lire la suite&#8230;<\/a><\/p>\n","protected":false},"author":1,"featured_media":1140,"comment_status":"closed","ping_status":"closed","sticky":false,"template":"","format":"standard","meta":{"ngg_post_thumbnail":0,"_jetpack_memberships_contains_paid_content":false,"footnotes":""},"categories":[4],"tags":[],"class_list":["post-1139","post","type-post","status-publish","format-standard","has-post-thumbnail","hentry","category-expo"],"jetpack_featured_media_url":"https:\/\/i0.wp.com\/www.evelyne-axell.info\/fra\/wp-content\/uploads\/2018\/09\/forever-pop.jpg?fit=1200%2C567&ssl=1","jetpack_sharing_enabled":true,"_links":{"self":[{"href":"https:\/\/www.evelyne-axell.info\/fra\/wp-json\/wp\/v2\/posts\/1139","targetHints":{"allow":["GET"]}}],"collection":[{"href":"https:\/\/www.evelyne-axell.info\/fra\/wp-json\/wp\/v2\/posts"}],"about":[{"href":"https:\/\/www.evelyne-axell.info\/fra\/wp-json\/wp\/v2\/types\/post"}],"author":[{"embeddable":true,"href":"https:\/\/www.evelyne-axell.info\/fra\/wp-json\/wp\/v2\/users\/1"}],"replies":[{"embeddable":true,"href":"https:\/\/www.evelyne-axell.info\/fra\/wp-json\/wp\/v2\/comments?post=1139"}],"version-history":[{"count":3,"href":"https:\/\/www.evelyne-axell.info\/fra\/wp-json\/wp\/v2\/posts\/1139\/revisions"}],"predecessor-version":[{"id":1147,"href":"https:\/\/www.evelyne-axell.info\/fra\/wp-json\/wp\/v2\/posts\/1139\/revisions\/1147"}],"wp:featuredmedia":[{"embeddable":true,"href":"https:\/\/www.evelyne-axell.info\/fra\/wp-json\/wp\/v2\/media\/1140"}],"wp:attachment":[{"href":"https:\/\/www.evelyne-axell.info\/fra\/wp-json\/wp\/v2\/media?parent=1139"}],"wp:term":[{"taxonomy":"category","embeddable":true,"href":"https:\/\/www.evelyne-axell.info\/fra\/wp-json\/wp\/v2\/categories?post=1139"},{"taxonomy":"post_tag","embeddable":true,"href":"https:\/\/www.evelyne-axell.info\/fra\/wp-json\/wp\/v2\/tags?post=1139"}],"curies":[{"name":"wp","href":"https:\/\/api.w.org\/{rel}","templated":true}]}}