{"id":1133,"date":"2018-06-27T13:28:30","date_gmt":"2018-06-27T11:28:30","guid":{"rendered":"http:\/\/www.evelyne-axell.info\/fra\/?p=1133"},"modified":"2018-08-07T13:34:28","modified_gmt":"2018-08-07T11:34:28","slug":"cheese-exposition-axell-a-londres","status":"publish","type":"post","link":"https:\/\/www.evelyne-axell.info\/fra\/2018\/06\/27\/cheese-exposition-axell-a-londres\/","title":{"rendered":"CHEESE ! Exposition Axell \u00e0 Londres."},"content":{"rendered":"<h2>Apr\u00e8s Berlin, K\u00f6nig London accueille la troisi\u00e8me exposition individuelle d&rsquo;Evelyne Axell au Royaume-Uni.<\/h2>\n<p><em>Du 28 juin au 28 juillet 2018.<\/em><br \/>\n<em>Uniquement sur rendez-vous en ao\u00fbt 2018.<\/em><\/p>\n<p><img data-recalc-dims=\"1\" loading=\"lazy\" decoding=\"async\" class=\"alignnone size-large wp-image-1135\" src=\"https:\/\/i0.wp.com\/www.evelyne-axell.info\/fra\/wp-content\/uploads\/2018\/08\/IMG_2143.jpg?resize=860%2C645&#038;ssl=1\" alt=\"K\u00f6nig 01\" width=\"860\" height=\"645\" srcset=\"https:\/\/i0.wp.com\/www.evelyne-axell.info\/fra\/wp-content\/uploads\/2018\/08\/IMG_2143.jpg?resize=1024%2C768&amp;ssl=1 1024w, https:\/\/i0.wp.com\/www.evelyne-axell.info\/fra\/wp-content\/uploads\/2018\/08\/IMG_2143.jpg?resize=150%2C113&amp;ssl=1 150w, https:\/\/i0.wp.com\/www.evelyne-axell.info\/fra\/wp-content\/uploads\/2018\/08\/IMG_2143.jpg?resize=533%2C400&amp;ssl=1 533w, https:\/\/i0.wp.com\/www.evelyne-axell.info\/fra\/wp-content\/uploads\/2018\/08\/IMG_2143.jpg?resize=768%2C576&amp;ssl=1 768w, https:\/\/i0.wp.com\/www.evelyne-axell.info\/fra\/wp-content\/uploads\/2018\/08\/IMG_2143.jpg?w=2016&amp;ssl=1 2016w, https:\/\/i0.wp.com\/www.evelyne-axell.info\/fra\/wp-content\/uploads\/2018\/08\/IMG_2143.jpg?w=1720&amp;ssl=1 1720w\" sizes=\"auto, (max-width: 860px) 100vw, 860px\" \/><\/p>\n<p>Apr\u00e8s le succ\u00e8s de l&rsquo;exposition \u00ab\u00a0Venus, Leda &amp; Mona Lisa\u00a0\u00bb \u00e0 la K\u00f6nig Galerie \u00e0 Berlin, la commissaire Angela Stief pr\u00e9sente une nouvelle approche du travail d&rsquo;Evelyne Axell \u00e0 la K\u00f6nig London Gallery.<\/p>\n<p>Id\u00e9alement situ\u00e9e au centre de Londres, la galerie est en fait un ancien parking souterrain qui donne une curieuse r\u00e9sonance \u00e0 l\u2019exposition; l&rsquo;\u00e9quation de la voiture et du corps f\u00e9minin \u00e9tant l&rsquo;un de ses principaux sujets dans ses premi\u00e8res \u0153uvres et sachant qu&rsquo;elle est morte dans un accident de voiture en 1972.<\/p>\n<p><img data-recalc-dims=\"1\" loading=\"lazy\" decoding=\"async\" class=\"alignnone size-large wp-image-1136\" src=\"https:\/\/i0.wp.com\/www.evelyne-axell.info\/fra\/wp-content\/uploads\/2018\/08\/DSC9493LR.jpg?resize=860%2C574&#038;ssl=1\" alt=\"K\u00f6nig 02\" width=\"860\" height=\"574\" srcset=\"https:\/\/i0.wp.com\/www.evelyne-axell.info\/fra\/wp-content\/uploads\/2018\/08\/DSC9493LR.jpg?resize=1024%2C683&amp;ssl=1 1024w, https:\/\/i0.wp.com\/www.evelyne-axell.info\/fra\/wp-content\/uploads\/2018\/08\/DSC9493LR.jpg?resize=150%2C100&amp;ssl=1 150w, https:\/\/i0.wp.com\/www.evelyne-axell.info\/fra\/wp-content\/uploads\/2018\/08\/DSC9493LR.jpg?resize=600%2C400&amp;ssl=1 600w, https:\/\/i0.wp.com\/www.evelyne-axell.info\/fra\/wp-content\/uploads\/2018\/08\/DSC9493LR.jpg?resize=768%2C512&amp;ssl=1 768w, https:\/\/i0.wp.com\/www.evelyne-axell.info\/fra\/wp-content\/uploads\/2018\/08\/DSC9493LR.jpg?w=1200&amp;ssl=1 1200w\" sizes=\"auto, (max-width: 860px) 100vw, 860px\" \/><\/p>\n<p><em>K\u00d6NIG LONDON<\/em><br \/>\n<em>259-269 OLD MARYLEBONE ROAD<\/em><br \/>\n<em>LONDON NW1 5RA&nbsp;<\/em><br \/>\n<em>UNITED KINGDOM&nbsp;&nbsp;&nbsp;&nbsp;&nbsp;&nbsp;&nbsp;&nbsp;<\/em>&nbsp;&nbsp;&nbsp;<\/p>\n","protected":false},"excerpt":{"rendered":"<p>Apr\u00e8s Berlin, K\u00f6nig London accueille la troisi\u00e8me exposition individuelle d&rsquo;Evelyne Axell au Royaume-Uni. Du 28 juin au 28 juillet 2018. Uniquement sur rendez-vous en ao\u00fbt 2018. Apr\u00e8s le succ\u00e8s de l&rsquo;exposition \u00ab\u00a0Venus, Leda &amp; Mona Lisa\u00a0\u00bb \u00e0 la K\u00f6nig Galerie <a class=\"more-link\" href=\"https:\/\/www.evelyne-axell.info\/fra\/2018\/06\/27\/cheese-exposition-axell-a-londres\/\">Lire la suite&#8230;<\/a><\/p>\n","protected":false},"author":1,"featured_media":1134,"comment_status":"closed","ping_status":"closed","sticky":false,"template":"","format":"standard","meta":{"ngg_post_thumbnail":0,"_jetpack_memberships_contains_paid_content":false,"footnotes":""},"categories":[4],"tags":[],"class_list":["post-1133","post","type-post","status-publish","format-standard","has-post-thumbnail","hentry","category-expo"],"jetpack_featured_media_url":"https:\/\/i0.wp.com\/www.evelyne-axell.info\/fra\/wp-content\/uploads\/2018\/08\/DSC9496LR.jpg?fit=1200%2C800&ssl=1","jetpack_sharing_enabled":true,"_links":{"self":[{"href":"https:\/\/www.evelyne-axell.info\/fra\/wp-json\/wp\/v2\/posts\/1133","targetHints":{"allow":["GET"]}}],"collection":[{"href":"https:\/\/www.evelyne-axell.info\/fra\/wp-json\/wp\/v2\/posts"}],"about":[{"href":"https:\/\/www.evelyne-axell.info\/fra\/wp-json\/wp\/v2\/types\/post"}],"author":[{"embeddable":true,"href":"https:\/\/www.evelyne-axell.info\/fra\/wp-json\/wp\/v2\/users\/1"}],"replies":[{"embeddable":true,"href":"https:\/\/www.evelyne-axell.info\/fra\/wp-json\/wp\/v2\/comments?post=1133"}],"version-history":[{"count":1,"href":"https:\/\/www.evelyne-axell.info\/fra\/wp-json\/wp\/v2\/posts\/1133\/revisions"}],"predecessor-version":[{"id":1137,"href":"https:\/\/www.evelyne-axell.info\/fra\/wp-json\/wp\/v2\/posts\/1133\/revisions\/1137"}],"wp:featuredmedia":[{"embeddable":true,"href":"https:\/\/www.evelyne-axell.info\/fra\/wp-json\/wp\/v2\/media\/1134"}],"wp:attachment":[{"href":"https:\/\/www.evelyne-axell.info\/fra\/wp-json\/wp\/v2\/media?parent=1133"}],"wp:term":[{"taxonomy":"category","embeddable":true,"href":"https:\/\/www.evelyne-axell.info\/fra\/wp-json\/wp\/v2\/categories?post=1133"},{"taxonomy":"post_tag","embeddable":true,"href":"https:\/\/www.evelyne-axell.info\/fra\/wp-json\/wp\/v2\/tags?post=1133"}],"curies":[{"name":"wp","href":"https:\/\/api.w.org\/{rel}","templated":true}]}}