{"id":1124,"date":"2018-05-01T18:09:10","date_gmt":"2018-05-01T16:09:10","guid":{"rendered":"http:\/\/www.evelyne-axell.info\/fra\/?p=1124"},"modified":"2018-05-01T18:09:10","modified_gmt":"2018-05-01T16:09:10","slug":"venus-leda-exposition-a-berlin","status":"publish","type":"post","link":"https:\/\/www.evelyne-axell.info\/fra\/2018\/05\/01\/venus-leda-exposition-a-berlin\/","title":{"rendered":"Venus, Leda &#038; Mona Lisa ; exposition \u00e0 Berlin."},"content":{"rendered":"<h2>Angela Stief pr\u00e9sente une exposition individuelle Evelyne Axell \u00e0 la K\u00f6nig Galerie.<\/h2>\n<p><em>Du 26 avril au 27 mai 2018.<\/em><\/p>\n<p><img data-recalc-dims=\"1\" loading=\"lazy\" decoding=\"async\" class=\"alignnone size-large wp-image-1125\" src=\"https:\/\/i0.wp.com\/www.evelyne-axell.info\/fra\/wp-content\/uploads\/2018\/05\/Konig-01.jpg?resize=860%2C421&#038;ssl=1\" alt=\"Konig 01\" width=\"860\" height=\"421\" srcset=\"https:\/\/i0.wp.com\/www.evelyne-axell.info\/fra\/wp-content\/uploads\/2018\/05\/Konig-01.jpg?resize=1024%2C501&amp;ssl=1 1024w, https:\/\/i0.wp.com\/www.evelyne-axell.info\/fra\/wp-content\/uploads\/2018\/05\/Konig-01.jpg?resize=150%2C73&amp;ssl=1 150w, https:\/\/i0.wp.com\/www.evelyne-axell.info\/fra\/wp-content\/uploads\/2018\/05\/Konig-01.jpg?resize=817%2C400&amp;ssl=1 817w, https:\/\/i0.wp.com\/www.evelyne-axell.info\/fra\/wp-content\/uploads\/2018\/05\/Konig-01.jpg?resize=768%2C376&amp;ssl=1 768w, https:\/\/i0.wp.com\/www.evelyne-axell.info\/fra\/wp-content\/uploads\/2018\/05\/Konig-01.jpg?w=1720&amp;ssl=1 1720w, https:\/\/i0.wp.com\/www.evelyne-axell.info\/fra\/wp-content\/uploads\/2018\/05\/Konig-01.jpg?w=2580&amp;ssl=1 2580w\" sizes=\"auto, (max-width: 860px) 100vw, 860px\" \/><\/p>\n<p>Evelyne Axell renoue avec le public allemand qui la connait bien. Elle fut expos\u00e9e d\u00e8s 2006 \u00e0 Berlin \u00e0 la Tour de la T\u00e9l\u00e9vision ainsi qu\u2019\u00e0 l\u2019Ambassade de Belgique, puis au Kunstverein d\u2019Hambourg en 2010, exposition suivie d\u2019une grande r\u00e9trospective en 2011 au Mus\u00e9e Abteiberg \u00e0 M\u00f6nchengladbach.<\/p>\n<div id=\"attachment_1126\" style=\"width: 310px\" class=\"wp-caption alignleft\"><img data-recalc-dims=\"1\" loading=\"lazy\" decoding=\"async\" aria-describedby=\"caption-attachment-1126\" class=\"size-medium wp-image-1126\" src=\"https:\/\/i0.wp.com\/www.evelyne-axell.info\/fra\/wp-content\/uploads\/2018\/05\/Konig-02.jpg?resize=300%2C400&#038;ssl=1\" alt=\"St. Agnes\" width=\"300\" height=\"400\" srcset=\"https:\/\/i0.wp.com\/www.evelyne-axell.info\/fra\/wp-content\/uploads\/2018\/05\/Konig-02.jpg?resize=300%2C400&amp;ssl=1 300w, https:\/\/i0.wp.com\/www.evelyne-axell.info\/fra\/wp-content\/uploads\/2018\/05\/Konig-02.jpg?resize=113%2C150&amp;ssl=1 113w, https:\/\/i0.wp.com\/www.evelyne-axell.info\/fra\/wp-content\/uploads\/2018\/05\/Konig-02.jpg?w=768&amp;ssl=1 768w\" sizes=\"auto, (max-width: 300px) 100vw, 300px\" \/><p id=\"caption-attachment-1126\" class=\"wp-caption-text\">St. Agnes &#8211; K\u00f6nig Galerie<\/p><\/div>\n<p>Cette ann\u00e9e c\u2019est la K\u00f6nig Galerie qui organise une grande exposition \u00ab Venus, Leda &amp; Mona Lisa \u00bb r\u00e9partie \u00e0 Berlin dans deux lieux ; la galerie Johann K\u00f6nig \u00e0 Dessauerstrasse et la chapelle St. Agnes \u00e0 Alexandrinnenstrasse, du 27 avril au 27 mai 2018. La commissaire d\u2019exposition est Angela Stief qui fut \u00e9galement commissaire de la premi\u00e8re exposition europ\u00e9enne sur les femmes artistes du Pop Art en 2010 \u00e0 Vienne ; \u00ab Power Up, Female Pop Art \u00bb.<\/p>\n<p>Pour elle, l&rsquo;\u0153uvre d&rsquo;Evelyne Axell (1935-1972) est devenue culte. Son travail peut \u00eatre consid\u00e9r\u00e9 comme l&rsquo;un des points culminants du pop art &#8211; une forme d&rsquo;art dont les protagonistes ne sont reconnus que progressivement. Malgr\u00e9 des expositions dans des institutions renomm\u00e9es telles que le Centre Pompidou \u00e0 Paris, la Tate Modern \u00e0 Londres, le Brooklyn Museum \u00e0 New York et la Kunsthalle Wien, l&rsquo;\u0153uvre d&rsquo;Axell est repr\u00e9sentative d&rsquo;une \u00e9poque dont le potentiel n&rsquo;est reconnu que depuis peu.&nbsp;<\/p>\n<p>Pour cette exposition berlinoise de nombreux collectionneurs ont accept\u00e9 de pr\u00eater leurs \u0153uvres mais il y a \u00e9galement quelques \u0153uvres in\u00e9dites r\u00e9cemment red\u00e9couvertes par le fils d\u2019Evelyne Axell qui ont \u00e9t\u00e9 restaur\u00e9es et sont pr\u00e9sent\u00e9es pour la premi\u00e8re fois au public.<\/p>\n<p><em>Du 26 avril au 27 mai 2018.<\/em><\/p>\n<p>&nbsp;<\/p>\n<p><em>St. Agnes Chapel<\/em><br \/>\n<em> Alexandrinenstr. 118\u2013121<\/em><br \/>\n<em> 10969 Berlin<\/em><\/p>\n<p><em>T + 49.30.261 030 80<\/em><br \/>\n<em> <a href=\"mailto:info@koeniggalerie.com\">info@koeniggalerie.com<\/a><\/em><\/p>\n<p><em>Johann K\u00f6nig Galerie<\/em><br \/>\n<em> Dessauer Str. 6\u20137<\/em><br \/>\n<em> 10963 Berlin<\/em><\/p>\n<p><img data-recalc-dims=\"1\" loading=\"lazy\" decoding=\"async\" class=\"alignnone size-large wp-image-1127\" src=\"https:\/\/i0.wp.com\/www.evelyne-axell.info\/fra\/wp-content\/uploads\/2018\/05\/Konig-03.jpg?resize=860%2C645&#038;ssl=1\" alt=\"\" width=\"860\" height=\"645\" srcset=\"https:\/\/i0.wp.com\/www.evelyne-axell.info\/fra\/wp-content\/uploads\/2018\/05\/Konig-03.jpg?resize=1024%2C768&amp;ssl=1 1024w, https:\/\/i0.wp.com\/www.evelyne-axell.info\/fra\/wp-content\/uploads\/2018\/05\/Konig-03.jpg?resize=150%2C112&amp;ssl=1 150w, https:\/\/i0.wp.com\/www.evelyne-axell.info\/fra\/wp-content\/uploads\/2018\/05\/Konig-03.jpg?resize=534%2C400&amp;ssl=1 534w, https:\/\/i0.wp.com\/www.evelyne-axell.info\/fra\/wp-content\/uploads\/2018\/05\/Konig-03.jpg?resize=768%2C576&amp;ssl=1 768w, https:\/\/i0.wp.com\/www.evelyne-axell.info\/fra\/wp-content\/uploads\/2018\/05\/Konig-03.jpg?w=1994&amp;ssl=1 1994w, https:\/\/i0.wp.com\/www.evelyne-axell.info\/fra\/wp-content\/uploads\/2018\/05\/Konig-03.jpg?w=1720&amp;ssl=1 1720w\" sizes=\"auto, (max-width: 860px) 100vw, 860px\" \/><\/p>\n","protected":false},"excerpt":{"rendered":"<p>Angela Stief pr\u00e9sente une exposition individuelle Evelyne Axell \u00e0 la K\u00f6nig Galerie. Du 26 avril au 27 mai 2018. Evelyne Axell renoue avec le public allemand qui la connait bien. Elle fut expos\u00e9e d\u00e8s 2006 \u00e0 Berlin \u00e0 la Tour <a class=\"more-link\" href=\"https:\/\/www.evelyne-axell.info\/fra\/2018\/05\/01\/venus-leda-exposition-a-berlin\/\">Lire la suite&#8230;<\/a><\/p>\n","protected":false},"author":1,"featured_media":1128,"comment_status":"closed","ping_status":"closed","sticky":false,"template":"","format":"standard","meta":{"ngg_post_thumbnail":0,"_jetpack_memberships_contains_paid_content":false,"footnotes":""},"categories":[4],"tags":[],"class_list":["post-1124","post","type-post","status-publish","format-standard","has-post-thumbnail","hentry","category-expo"],"jetpack_featured_media_url":"https:\/\/i0.wp.com\/www.evelyne-axell.info\/fra\/wp-content\/uploads\/2018\/05\/Angela-Marine.jpg?fit=1079%2C607&ssl=1","jetpack_sharing_enabled":true,"_links":{"self":[{"href":"https:\/\/www.evelyne-axell.info\/fra\/wp-json\/wp\/v2\/posts\/1124","targetHints":{"allow":["GET"]}}],"collection":[{"href":"https:\/\/www.evelyne-axell.info\/fra\/wp-json\/wp\/v2\/posts"}],"about":[{"href":"https:\/\/www.evelyne-axell.info\/fra\/wp-json\/wp\/v2\/types\/post"}],"author":[{"embeddable":true,"href":"https:\/\/www.evelyne-axell.info\/fra\/wp-json\/wp\/v2\/users\/1"}],"replies":[{"embeddable":true,"href":"https:\/\/www.evelyne-axell.info\/fra\/wp-json\/wp\/v2\/comments?post=1124"}],"version-history":[{"count":1,"href":"https:\/\/www.evelyne-axell.info\/fra\/wp-json\/wp\/v2\/posts\/1124\/revisions"}],"predecessor-version":[{"id":1129,"href":"https:\/\/www.evelyne-axell.info\/fra\/wp-json\/wp\/v2\/posts\/1124\/revisions\/1129"}],"wp:featuredmedia":[{"embeddable":true,"href":"https:\/\/www.evelyne-axell.info\/fra\/wp-json\/wp\/v2\/media\/1128"}],"wp:attachment":[{"href":"https:\/\/www.evelyne-axell.info\/fra\/wp-json\/wp\/v2\/media?parent=1124"}],"wp:term":[{"taxonomy":"category","embeddable":true,"href":"https:\/\/www.evelyne-axell.info\/fra\/wp-json\/wp\/v2\/categories?post=1124"},{"taxonomy":"post_tag","embeddable":true,"href":"https:\/\/www.evelyne-axell.info\/fra\/wp-json\/wp\/v2\/tags?post=1124"}],"curies":[{"name":"wp","href":"https:\/\/api.w.org\/{rel}","templated":true}]}}