{"id":1116,"date":"2018-04-20T14:13:53","date_gmt":"2018-04-20T12:13:53","guid":{"rendered":"http:\/\/www.evelyne-axell.info\/fra\/?p=1116"},"modified":"2018-05-01T12:49:52","modified_gmt":"2018-05-01T10:49:52","slug":"art-brussels-4-axell-exposes","status":"publish","type":"post","link":"https:\/\/www.evelyne-axell.info\/fra\/2018\/04\/20\/art-brussels-4-axell-exposes\/","title":{"rendered":"Art Brussels \u2013 4 Axell expos\u00e9s."},"content":{"rendered":"<h2>Belfius et la Galerie Antoine Laurentin pr\u00e9sentent des \u0153uvres d\u2019Evelyne Axell \u00e0 Art Brussels 2018.<\/h2>\n<p><img data-recalc-dims=\"1\" loading=\"lazy\" decoding=\"async\" class=\"alignnone size-large wp-image-1117\" src=\"https:\/\/i0.wp.com\/www.evelyne-axell.info\/fra\/wp-content\/uploads\/2018\/04\/ART-BRUSSELS-Tour-Taxis-Bruxelles.jpg?resize=860%2C333&#038;ssl=1\" alt=\"ART-BRUSSELS-Tour-Taxis-Bruxelles\" width=\"860\" height=\"333\" srcset=\"https:\/\/i0.wp.com\/www.evelyne-axell.info\/fra\/wp-content\/uploads\/2018\/04\/ART-BRUSSELS-Tour-Taxis-Bruxelles.jpg?resize=1024%2C396&amp;ssl=1 1024w, https:\/\/i0.wp.com\/www.evelyne-axell.info\/fra\/wp-content\/uploads\/2018\/04\/ART-BRUSSELS-Tour-Taxis-Bruxelles.jpg?resize=150%2C58&amp;ssl=1 150w, https:\/\/i0.wp.com\/www.evelyne-axell.info\/fra\/wp-content\/uploads\/2018\/04\/ART-BRUSSELS-Tour-Taxis-Bruxelles.jpg?resize=900%2C348&amp;ssl=1 900w, https:\/\/i0.wp.com\/www.evelyne-axell.info\/fra\/wp-content\/uploads\/2018\/04\/ART-BRUSSELS-Tour-Taxis-Bruxelles.jpg?resize=768%2C297&amp;ssl=1 768w, https:\/\/i0.wp.com\/www.evelyne-axell.info\/fra\/wp-content\/uploads\/2018\/04\/ART-BRUSSELS-Tour-Taxis-Bruxelles.jpg?w=1032&amp;ssl=1 1032w\" sizes=\"auto, (max-width: 860px) 100vw, 860px\" \/><\/p>\n<p><em>Du Jeudi 19 au Dimanche 22 avril 2018<\/em><br \/>\n<em>Tour &amp; Taxis<\/em><br \/>\n<em>Avenue du Port 86c<\/em><br \/>\n<em>1000 Bruxelles, Belgique<\/em><\/p>\n<p><em><a href=\"http:\/\/www.artbrussels.com\">www.artbrussels.com<\/a><\/em><\/p>\n<p>&nbsp;<\/p>\n<div id=\"attachment_1118\" style=\"width: 337px\" class=\"wp-caption alignleft\"><img data-recalc-dims=\"1\" loading=\"lazy\" decoding=\"async\" aria-describedby=\"caption-attachment-1118\" class=\"size-medium wp-image-1118\" src=\"https:\/\/i0.wp.com\/www.evelyne-axell.info\/fra\/wp-content\/uploads\/2018\/04\/RGB-L%C3%A9l%C3%A9phant-bleu.jpg?resize=327%2C400&#038;ssl=1\" alt=\"L'\u00e9l\u00e9phant bleu\" width=\"327\" height=\"400\" srcset=\"https:\/\/i0.wp.com\/www.evelyne-axell.info\/fra\/wp-content\/uploads\/2018\/04\/RGB-L%C3%A9l%C3%A9phant-bleu.jpg?resize=327%2C400&amp;ssl=1 327w, https:\/\/i0.wp.com\/www.evelyne-axell.info\/fra\/wp-content\/uploads\/2018\/04\/RGB-L%C3%A9l%C3%A9phant-bleu.jpg?resize=123%2C150&amp;ssl=1 123w, https:\/\/i0.wp.com\/www.evelyne-axell.info\/fra\/wp-content\/uploads\/2018\/04\/RGB-L%C3%A9l%C3%A9phant-bleu.jpg?resize=768%2C939&amp;ssl=1 768w, https:\/\/i0.wp.com\/www.evelyne-axell.info\/fra\/wp-content\/uploads\/2018\/04\/RGB-L%C3%A9l%C3%A9phant-bleu.jpg?resize=838%2C1024&amp;ssl=1 838w, https:\/\/i0.wp.com\/www.evelyne-axell.info\/fra\/wp-content\/uploads\/2018\/04\/RGB-L%C3%A9l%C3%A9phant-bleu.jpg?w=1555&amp;ssl=1 1555w\" sizes=\"auto, (max-width: 327px) 100vw, 327px\" \/><p id=\"caption-attachment-1118\" class=\"wp-caption-text\">L&rsquo;\u00e9l\u00e9phant bleu (1972)<\/p><\/div>\n<p>Dans le cadre de la foire Art Brussels la Banque Belfius propose dans le Belfius Lounge une exposition \u00ab&nbsp;Inspiring \/ Inspired : Women in the Belfius Art Collection&nbsp;\u00bb, une s\u00e9rie d\u2019\u0153uvres sp\u00e9cialement s\u00e9lectionn\u00e9es pour Art Brussels. La femme, sur la toile et derri\u00e8re la toile, est le point de d\u00e9part d\u2019un parcours qui associe des \u0153uvres significatives faisant \u00e9merger de nouvelles conversations, entre hommes et femmes, entre mod\u00e8le et artiste, entre la soci\u00e9t\u00e9 de hier et d\u2019aujourd\u2019hui et enfin entre art moderne et contemporain. Parmi les \u0153uvres de femmes artiste, \u00ab&nbsp;L\u2019\u00e9l\u00e9phant bleu&nbsp;\u00bb d\u2019Evelyne Axell (1972) est de nouveau expos\u00e9 au public apr\u00e8s sept ans d\u2019absence.<\/p>\n<p>Du c\u00f4t\u00e9 des stands, dans la section \u00ab&nbsp;Rediscovery&nbsp;\u00bb, la Galerie Antoine Laurentin (stand C44) propose trois \u0153uvres d\u2019Evelyne Axell, \u00ab&nbsp;La fille de feu&nbsp;\u00bb, \u00ab&nbsp;Kiss me&nbsp;\u00bb et \u00ab&nbsp;Le homard amoureux 2&nbsp;\u00bb dans le cadre de son exposition actuelle \u00ab&nbsp;The 60\u2019 &amp; 70\u2019 in Belgium&nbsp;\u00bb qui continuera apr\u00e8s la foire jusqu\u2019au 17 juin 2018 \u00e0 la galerie de Bruxelles.<\/p>\n<div id=\"attachment_1119\" style=\"width: 310px\" class=\"wp-caption alignright\"><img data-recalc-dims=\"1\" loading=\"lazy\" decoding=\"async\" aria-describedby=\"caption-attachment-1119\" class=\"size-medium wp-image-1119\" src=\"https:\/\/i0.wp.com\/www.evelyne-axell.info\/fra\/wp-content\/uploads\/2018\/04\/RGB-La-fille-de-feu.jpg?resize=300%2C400&#038;ssl=1\" alt=\"La fille de feu (1968)\" width=\"300\" height=\"400\" srcset=\"https:\/\/i0.wp.com\/www.evelyne-axell.info\/fra\/wp-content\/uploads\/2018\/04\/RGB-La-fille-de-feu.jpg?resize=300%2C400&amp;ssl=1 300w, https:\/\/i0.wp.com\/www.evelyne-axell.info\/fra\/wp-content\/uploads\/2018\/04\/RGB-La-fille-de-feu.jpg?resize=113%2C150&amp;ssl=1 113w, https:\/\/i0.wp.com\/www.evelyne-axell.info\/fra\/wp-content\/uploads\/2018\/04\/RGB-La-fille-de-feu.jpg?resize=768%2C1024&amp;ssl=1 768w, https:\/\/i0.wp.com\/www.evelyne-axell.info\/fra\/wp-content\/uploads\/2018\/04\/RGB-La-fille-de-feu.jpg?w=1632&amp;ssl=1 1632w\" sizes=\"auto, (max-width: 300px) 100vw, 300px\" \/><p id=\"caption-attachment-1119\" class=\"wp-caption-text\">La fille de feu (1968)<\/p><\/div>\n<p><em>Galerie Antoine Laurentin<\/em><br \/>\n<em>Rue Ernest Allard, 43<\/em><br \/>\n<em>1000 Bruxelles<\/em><br \/>\n<em>Belgique<\/em><\/p>\n<p><em>Tel +32 (0)2 540 87 11<\/em><br \/>\n<em>contact@laurentingallery.be<\/em><\/p>\n<p><em>mardi &#8211; samedi \/ Tuesday &#8211; Saturday<\/em><br \/>\n<em>10h30 -13h&nbsp;&nbsp; 14h-18h30<\/em><\/p>\n<p>&nbsp;<\/p>\n","protected":false},"excerpt":{"rendered":"<p>Belfius et la Galerie Antoine Laurentin pr\u00e9sentent des \u0153uvres d\u2019Evelyne Axell \u00e0 Art Brussels 2018. Du Jeudi 19 au Dimanche 22 avril 2018 Tour &amp; Taxis Avenue du Port 86c 1000 Bruxelles, Belgique www.artbrussels.com &nbsp; Dans le cadre de la <a class=\"more-link\" href=\"https:\/\/www.evelyne-axell.info\/fra\/2018\/04\/20\/art-brussels-4-axell-exposes\/\">Lire la suite&#8230;<\/a><\/p>\n","protected":false},"author":1,"featured_media":1120,"comment_status":"closed","ping_status":"closed","sticky":false,"template":"","format":"standard","meta":{"ngg_post_thumbnail":0,"_jetpack_memberships_contains_paid_content":false,"footnotes":""},"categories":[4],"tags":[],"class_list":["post-1116","post","type-post","status-publish","format-standard","has-post-thumbnail","hentry","category-expo"],"jetpack_featured_media_url":"https:\/\/i0.wp.com\/www.evelyne-axell.info\/fra\/wp-content\/uploads\/2018\/04\/Art-Brussels.jpg?fit=600%2C200&ssl=1","jetpack_sharing_enabled":true,"_links":{"self":[{"href":"https:\/\/www.evelyne-axell.info\/fra\/wp-json\/wp\/v2\/posts\/1116","targetHints":{"allow":["GET"]}}],"collection":[{"href":"https:\/\/www.evelyne-axell.info\/fra\/wp-json\/wp\/v2\/posts"}],"about":[{"href":"https:\/\/www.evelyne-axell.info\/fra\/wp-json\/wp\/v2\/types\/post"}],"author":[{"embeddable":true,"href":"https:\/\/www.evelyne-axell.info\/fra\/wp-json\/wp\/v2\/users\/1"}],"replies":[{"embeddable":true,"href":"https:\/\/www.evelyne-axell.info\/fra\/wp-json\/wp\/v2\/comments?post=1116"}],"version-history":[{"count":1,"href":"https:\/\/www.evelyne-axell.info\/fra\/wp-json\/wp\/v2\/posts\/1116\/revisions"}],"predecessor-version":[{"id":1121,"href":"https:\/\/www.evelyne-axell.info\/fra\/wp-json\/wp\/v2\/posts\/1116\/revisions\/1121"}],"wp:featuredmedia":[{"embeddable":true,"href":"https:\/\/www.evelyne-axell.info\/fra\/wp-json\/wp\/v2\/media\/1120"}],"wp:attachment":[{"href":"https:\/\/www.evelyne-axell.info\/fra\/wp-json\/wp\/v2\/media?parent=1116"}],"wp:term":[{"taxonomy":"category","embeddable":true,"href":"https:\/\/www.evelyne-axell.info\/fra\/wp-json\/wp\/v2\/categories?post=1116"},{"taxonomy":"post_tag","embeddable":true,"href":"https:\/\/www.evelyne-axell.info\/fra\/wp-json\/wp\/v2\/tags?post=1116"}],"curies":[{"name":"wp","href":"https:\/\/api.w.org\/{rel}","templated":true}]}}