{"id":1106,"date":"2017-11-25T14:00:24","date_gmt":"2017-11-25T13:00:24","guid":{"rendered":"http:\/\/www.evelyne-axell.info\/fra\/?p=1106"},"modified":"2017-11-25T14:00:24","modified_gmt":"2017-11-25T13:00:24","slug":"coups-de-coeur-a-la-galerie-patrick-derom","status":"publish","type":"post","link":"https:\/\/www.evelyne-axell.info\/fra\/2017\/11\/25\/coups-de-coeur-a-la-galerie-patrick-derom\/","title":{"rendered":"Coups de c\u0153ur \u00e0 la Galerie Patrick Derom."},"content":{"rendered":"<h2>Quatre \u0153uvres d&rsquo;Evelyne Axell dans l&rsquo;exposition \u00ab\u00a0Coups de c\u0153ur\u00a0\u00bb.<\/h2>\n<p><img data-recalc-dims=\"1\" loading=\"lazy\" decoding=\"async\" class=\"alignnone size-large wp-image-1107\" src=\"https:\/\/i0.wp.com\/www.evelyne-axell.info\/fra\/wp-content\/uploads\/2017\/11\/Derom-03.jpg?resize=860%2C262&#038;ssl=1\" alt=\"\" width=\"860\" height=\"262\" srcset=\"https:\/\/i0.wp.com\/www.evelyne-axell.info\/fra\/wp-content\/uploads\/2017\/11\/Derom-03.jpg?resize=1024%2C312&amp;ssl=1 1024w, https:\/\/i0.wp.com\/www.evelyne-axell.info\/fra\/wp-content\/uploads\/2017\/11\/Derom-03.jpg?resize=150%2C46&amp;ssl=1 150w, https:\/\/i0.wp.com\/www.evelyne-axell.info\/fra\/wp-content\/uploads\/2017\/11\/Derom-03.jpg?resize=900%2C274&amp;ssl=1 900w, https:\/\/i0.wp.com\/www.evelyne-axell.info\/fra\/wp-content\/uploads\/2017\/11\/Derom-03.jpg?resize=768%2C234&amp;ssl=1 768w, https:\/\/i0.wp.com\/www.evelyne-axell.info\/fra\/wp-content\/uploads\/2017\/11\/Derom-03.jpg?w=1213&amp;ssl=1 1213w\" sizes=\"auto, (max-width: 860px) 100vw, 860px\" \/><\/p>\n<p><img data-recalc-dims=\"1\" loading=\"lazy\" decoding=\"async\" class=\"alignright size-medium wp-image-1108\" src=\"https:\/\/i0.wp.com\/www.evelyne-axell.info\/fra\/wp-content\/uploads\/2017\/11\/Derom-02.jpg?resize=214%2C400&#038;ssl=1\" alt=\"\" width=\"214\" height=\"400\" srcset=\"https:\/\/i0.wp.com\/www.evelyne-axell.info\/fra\/wp-content\/uploads\/2017\/11\/Derom-02.jpg?resize=214%2C400&amp;ssl=1 214w, https:\/\/i0.wp.com\/www.evelyne-axell.info\/fra\/wp-content\/uploads\/2017\/11\/Derom-02.jpg?resize=80%2C150&amp;ssl=1 80w, https:\/\/i0.wp.com\/www.evelyne-axell.info\/fra\/wp-content\/uploads\/2017\/11\/Derom-02.jpg?resize=768%2C1438&amp;ssl=1 768w, https:\/\/i0.wp.com\/www.evelyne-axell.info\/fra\/wp-content\/uploads\/2017\/11\/Derom-02.jpg?resize=547%2C1024&amp;ssl=1 547w, https:\/\/i0.wp.com\/www.evelyne-axell.info\/fra\/wp-content\/uploads\/2017\/11\/Derom-02.jpg?w=1720&amp;ssl=1 1720w\" sizes=\"auto, (max-width: 214px) 100vw, 214px\" \/>Du 22 novembre 2017 au 27 janvier 2018 la Galerie Patrick Derom pr\u00e9sente une s\u00e9lection \u00ab\u00a0Coups de c\u0153ur\u00a0\u00bb d\u2019\u0153uvres modernes et contemporaines.<\/p>\n<p>Parmi les tableaux s\u00e9lectionn\u00e9s, quatre \u0153uvres d&rsquo;Evelyne Axell dont un autoportrait peu connu, \u00ab\u00a0Fossile\u00a0\u00bb (1969), deux collages &#8211; dessins, \u00ab\u00a0La petite source\u00a0\u00bb (1972) et \u00ab\u00a0L&rsquo;examen critique\u00a0\u00bb (1972) ainsi qu&rsquo;une grande toile \u00ab\u00a0Le jour o\u00f9 les homards\u00a0\u00bb (1968).<\/p>\n<p>&nbsp;<\/p>\n<p><em>Patrick Derom Gallery<\/em><br \/>\n<em> Rue aux Laines, 1 <\/em><br \/>\n<em>1000 Brussels<\/em><br \/>\n<em> T: +32 2 514 08 82<\/em><br \/>\n<em> <a href=\"https:\/\/patrickderomgallery.us14.list-manage.com\/track\/click?u=e9c80c0dc92a71eaf0ef09adb&amp;id=3a2eb2e405&amp;e=b20e4a6b72\">www.patrickderomgallery.com&nbsp;<img data-recalc-dims=\"1\" loading=\"lazy\" decoding=\"async\" class=\"alignnone size-large wp-image-1109\" src=\"https:\/\/i0.wp.com\/www.evelyne-axell.info\/fra\/wp-content\/uploads\/2017\/11\/Derom-01.jpg?resize=860%2C473&#038;ssl=1\" alt=\"\" width=\"860\" height=\"473\" srcset=\"https:\/\/i0.wp.com\/www.evelyne-axell.info\/fra\/wp-content\/uploads\/2017\/11\/Derom-01.jpg?resize=1024%2C563&amp;ssl=1 1024w, https:\/\/i0.wp.com\/www.evelyne-axell.info\/fra\/wp-content\/uploads\/2017\/11\/Derom-01.jpg?resize=150%2C83&amp;ssl=1 150w, https:\/\/i0.wp.com\/www.evelyne-axell.info\/fra\/wp-content\/uploads\/2017\/11\/Derom-01.jpg?resize=727%2C400&amp;ssl=1 727w, https:\/\/i0.wp.com\/www.evelyne-axell.info\/fra\/wp-content\/uploads\/2017\/11\/Derom-01.jpg?resize=768%2C422&amp;ssl=1 768w, https:\/\/i0.wp.com\/www.evelyne-axell.info\/fra\/wp-content\/uploads\/2017\/11\/Derom-01.jpg?w=1720&amp;ssl=1 1720w, https:\/\/i0.wp.com\/www.evelyne-axell.info\/fra\/wp-content\/uploads\/2017\/11\/Derom-01.jpg?w=2580&amp;ssl=1 2580w\" sizes=\"auto, (max-width: 860px) 100vw, 860px\" \/><\/a><\/em><\/p>\n","protected":false},"excerpt":{"rendered":"<p>Quatre \u0153uvres d&rsquo;Evelyne Axell dans l&rsquo;exposition \u00ab\u00a0Coups de c\u0153ur\u00a0\u00bb. Du 22 novembre 2017 au 27 janvier 2018 la Galerie Patrick Derom pr\u00e9sente une s\u00e9lection \u00ab\u00a0Coups de c\u0153ur\u00a0\u00bb d\u2019\u0153uvres modernes et contemporaines. Parmi les tableaux s\u00e9lectionn\u00e9s, quatre \u0153uvres d&rsquo;Evelyne Axell dont <a class=\"more-link\" href=\"https:\/\/www.evelyne-axell.info\/fra\/2017\/11\/25\/coups-de-coeur-a-la-galerie-patrick-derom\/\">Lire la suite&#8230;<\/a><\/p>\n","protected":false},"author":1,"featured_media":1110,"comment_status":"closed","ping_status":"closed","sticky":false,"template":"","format":"standard","meta":{"ngg_post_thumbnail":0,"_jetpack_memberships_contains_paid_content":false,"footnotes":""},"categories":[4],"tags":[],"class_list":["post-1106","post","type-post","status-publish","format-standard","has-post-thumbnail","hentry","category-expo"],"jetpack_featured_media_url":"https:\/\/i0.wp.com\/www.evelyne-axell.info\/fra\/wp-content\/uploads\/2017\/11\/Derom-04.jpg?fit=2090%2C1490&ssl=1","jetpack_sharing_enabled":true,"_links":{"self":[{"href":"https:\/\/www.evelyne-axell.info\/fra\/wp-json\/wp\/v2\/posts\/1106","targetHints":{"allow":["GET"]}}],"collection":[{"href":"https:\/\/www.evelyne-axell.info\/fra\/wp-json\/wp\/v2\/posts"}],"about":[{"href":"https:\/\/www.evelyne-axell.info\/fra\/wp-json\/wp\/v2\/types\/post"}],"author":[{"embeddable":true,"href":"https:\/\/www.evelyne-axell.info\/fra\/wp-json\/wp\/v2\/users\/1"}],"replies":[{"embeddable":true,"href":"https:\/\/www.evelyne-axell.info\/fra\/wp-json\/wp\/v2\/comments?post=1106"}],"version-history":[{"count":1,"href":"https:\/\/www.evelyne-axell.info\/fra\/wp-json\/wp\/v2\/posts\/1106\/revisions"}],"predecessor-version":[{"id":1111,"href":"https:\/\/www.evelyne-axell.info\/fra\/wp-json\/wp\/v2\/posts\/1106\/revisions\/1111"}],"wp:featuredmedia":[{"embeddable":true,"href":"https:\/\/www.evelyne-axell.info\/fra\/wp-json\/wp\/v2\/media\/1110"}],"wp:attachment":[{"href":"https:\/\/www.evelyne-axell.info\/fra\/wp-json\/wp\/v2\/media?parent=1106"}],"wp:term":[{"taxonomy":"category","embeddable":true,"href":"https:\/\/www.evelyne-axell.info\/fra\/wp-json\/wp\/v2\/categories?post=1106"},{"taxonomy":"post_tag","embeddable":true,"href":"https:\/\/www.evelyne-axell.info\/fra\/wp-json\/wp\/v2\/tags?post=1106"}],"curies":[{"name":"wp","href":"https:\/\/api.w.org\/{rel}","templated":true}]}}